{"id":441464,"date":"2019-09-04T00:01:11","date_gmt":"2019-09-04T05:01:11","guid":{"rendered":"https:\/\/www.diarioimagen.net\/?p=441464"},"modified":"2019-09-04T06:03:26","modified_gmt":"2019-09-04T11:03:26","slug":"en-veracruz-se-deleitan-la-pupila-y-el-paladar-entre-boca-del-rio-y-la-costa-hay-banco-de-coral-de-los-mas-bellos-del-orbe","status":"publish","type":"post","link":"https:\/\/www.diarioimagen.net\/?p=441464","title":{"rendered":"En Veracruz se deleitan la pupila y el paladar, entre Boca del R\u00edo y la costa; hay banco de coral de los m\u00e1s bellos del orbe"},"content":{"rendered":"<h2>De cinco estrellas<\/h2>\n<h5>Victoria Gonz\u00e1lez Prado<\/h5>\n<p>&nbsp;<\/p>\n<div id=\"attachment_441533\" style=\"width: 470px\" class=\"wp-caption aligncenter\"><a href=\"https:\/\/www.diarioimagen.net\/?attachment_id=441533\" rel=\"attachment wp-att-441533\"><img loading=\"lazy\" decoding=\"async\" aria-describedby=\"caption-attachment-441533\" class=\"size-large wp-image-441533\" src=\"https:\/\/www.diarioimagen.net\/wp-content\/uploads\/2019\/09\/turismo-1-460x259.jpg\" alt=\"\" width=\"460\" height=\"259\" srcset=\"https:\/\/www.diarioimagen.net\/wp-content\/uploads\/2019\/09\/turismo-1-460x259.jpg 460w, https:\/\/www.diarioimagen.net\/wp-content\/uploads\/2019\/09\/turismo-1-240x135.jpg 240w, https:\/\/www.diarioimagen.net\/wp-content\/uploads\/2019\/09\/turismo-1-235x132.jpg 235w, https:\/\/www.diarioimagen.net\/wp-content\/uploads\/2019\/09\/turismo-1-202x114.jpg 202w, https:\/\/www.diarioimagen.net\/wp-content\/uploads\/2019\/09\/turismo-1-350x196.jpg 350w, https:\/\/www.diarioimagen.net\/wp-content\/uploads\/2019\/09\/turismo-1-220x123.jpg 220w, https:\/\/www.diarioimagen.net\/wp-content\/uploads\/2019\/09\/turismo-1-237x132.jpg 237w, https:\/\/www.diarioimagen.net\/wp-content\/uploads\/2019\/09\/turismo-1.jpg 480w\" sizes=\"auto, (max-width: 460px) 100vw, 460px\" \/><\/a><p id=\"caption-attachment-441533\" class=\"wp-caption-text\">El hotel en Veracruz.<\/p><\/div>\n<p>&nbsp;<\/p>\n<p><strong>Boca del R\u00edo, Ver.-<\/strong> Siempre me han gustado las brujas. Tengo peque\u00f1a colecci\u00f3n de ellas, y a pocas les falta la tradicional escoba hecha con varas delgadas y nudosas sujetas con mecate. Adem\u00e1s, me hacen recordar al t\u00edo que ocasionalmente ven\u00eda a casa, extend\u00eda sus brazos y casi me gritaba\u00a0 \u201c<em>meiga\u201d<\/em> (en gallego) en cuanto me ve\u00eda. Un d\u00eda escuch\u00e9 a <strong>Eugenia Le\u00f3n<\/strong> cantar la canci\u00f3n \u201cLa bruja\u201d\u2026 me enamor\u00f3 y ahora que pienso en Veracruz, me viene a la cabeza la letra.<\/p>\n<p>Que recuerde, dice (m\u00e1s o menos)<\/p>\n<p>\u201c\u00a1Ay! qu\u00e9 bonito es volar a las dos de la ma\u00f1ana\u2026 \u00a1ay! que bonito es volar, \u00a1ay mam\u00e1!<\/p>\n<p>subir y dejarse caer en los brazos de una dama\u2026<\/p>\n<p>\u201cMe agarra la bruja y me lleva a su casa<\/p>\n<p>me vuelve maceta y una calabaza,<\/p>\n<p>me agarra la bruja y me lleva al cerrito<\/p>\n<p>me vuelve maceta y un calabacito\u2026\u201d<\/p>\n<p>Termina en que al cabo de su vuelo, el h\u00e9roe cae en brazos de una \u00a1sirena! Siempre me ha gustado escuchar \u201cLa bruja\u201d.<\/p>\n<p>Record\u00e9 la canci\u00f3n en cuanto nos invitaron a ir hacia el golfo y dijeron que una de las escalas ser\u00eda Veracruz. Nos invit\u00f3 Grupo Brisas, cadena hotelera que cuenta con hoteles en Canc\u00fan, Acapulco, Ixtapa, Huatulco, Manzanillo, Jurica, Ciudad de M\u00e9xico -hay tres hoteles-, Irapuato y Veracruz.<\/p>\n<p>Nos fuimos en c\u00f3moda camioneta desde la Ciudad de M\u00e9xico y llegamos directamente a Boca del R\u00edo, que ya est\u00e1 conurbado con el puerto de Veracruz y otros municipios. Como cuenta con yacimientos de petr\u00f3leo y gas natural, tiene creciente desarrollo. Su clima es c\u00e1lido, como las personas que nos recibieron en Galer\u00eda Plaza Veracruz.<\/p>\n<p>Playa Mocambo es de las favoritas de los vecinos de Boca del R\u00edo. En ella\u00a0 se practica la rom\u00e1ntica cabalgata por la orilla; en la playa Santa Ana se escenifica la fiesta tradicional con que se recibe a la patrona de los pescadores; el r\u00edo Jamapa se recorre en lancha, lentamente para admirar su flora y fauna, igual que el fraccionamiento Estero, conocido popularmente como \u201cLa peque\u00f1a Venecia veracruzana\u201d porque sus r\u00fasticas viviendas tienen salida al r\u00edo o al manglar; y tambi\u00e9n la Isla de Sacrificios, la m\u00e1s grande frente a Boca del R\u00edo, donde el buceo es actividad constante, pues entre la isla y la costa hay uno de los bancos de coral m\u00e1s bellos del mundo. Hay tanto qu\u00e9 disfrutar con la vista y el paladar en Veracruz\u2026<\/p>\n<p>Si a\u00fan no has visitado Boca del R\u00edo te est\u00e1s perdiendo de enorme diversi\u00f3n, ya que es zona tur\u00edstica inigualable, ha sido renovada para mejorar la vista del boulevard y deleitar la pupila de todo el que la visita.<\/p>\n<p>El Hotel Galer\u00eda Plaza Veracruz est\u00e1 dentro de Plaza las Am\u00e9ricas, donde hay restaurantes, boutiques e incre\u00edbles zapater\u00edas -con precios que te sorprender\u00e1n-. Adem\u00e1s est\u00e1 cerca del Centro Hist\u00f3rico de Veracruz, el acuario m\u00e1s grande de M\u00e9xico y el famoso Caf\u00e9 La Parroquia.<\/p>\n<p><strong>Jaime C\u00e1rdenas<\/strong>, gerente general del Hotel Galer\u00eda Plaza Veracruz y A\u00edda Aguirre, gerente de ventas, compartieron con el grupo de periodistas que nos hospedamos en el inmueble durante toda nuestra estancia. Nos acompa\u00f1aron en todo momento.<\/p>\n<p>En breve entrevista, <strong>Jaime<\/strong> y <strong>A\u00edda<\/strong> nos comentaron: \u201cel hotel cuenta con 258 habitaciones de estilo contempor\u00e1neo recientemente remodeladas, Centro de Convenciones para mil 700 personas que puedes dividir de acuerdo a tus necesidades, piso ejecutivo, cuatro centros de consumo y centro de negocios con cuatro salas de juntas\u201d.<\/p>\n<p>En seguida nos llev\u00f3 a recorrer el hotel: el vest\u00edbulo es el \u00fanico que cuenta con gran variedad de servicios: centro de negocios, arrendadora de autos, tabaquer\u00eda, agencia de viajes, restaurante y cafeter\u00eda.<\/p>\n<p>As\u00ed, el turismo de negocios tiene oportunidad de disfrutar, adem\u00e1s de las instalaciones del hotel, el centro comercial. Galer\u00eda Plaza Veracruz tiene \u201cLa Terraza\u201d, con <em>buffet<\/em> para el desayuno y especialidades a la carta. Puedes elegir disfrutar los alimentos en el interior o en soleada terraza con vista al mar. El otro es \u201cLa Mulata\u201d, que ofrece deliciosos platillos mexicanos y extensa carta de vinos.<\/p>\n<p>En el bar Tlacotalpan hay variedad de cocteles y distintas bebidas. Est\u00e1 abierto las 24 horas del d\u00eda.<\/p>\n<p>El inmueble es tambi\u00e9n ideal para el turismo MICE que escoge a Boca del R\u00edo para realizar congresos y convenciones, ya que cuenta con el Sal\u00f3n Veracruz, con capacidad hasta para mil 200 personas, el m\u00e1s grande que ofrece el sector hotelero de la regi\u00f3n.<\/p>\n<p>Es tambi\u00e9n opci\u00f3n para el turismo deportivo, pues opera el gimnasio <em>fitness Plaza<\/em>, que completa todas las necesidades para que realicen ejercicio los equipos de distintos deportes que llegan a Boca del R\u00edo para eventos de este segmento tur\u00edstico y muchos de ellos se hospedan ah\u00ed.<\/p>\n<p>Esto no es todo, el hotel tiene club privado de playa, muy cerquita y cuenta con transporte constante para llevar y recoger a los hu\u00e9spedes. Sin duda, puedes disfrutar de lo que muy pronto ser\u00e1 denominada \u201cPlaya limpia\u201d, justo ah\u00ed en el club de playa del hotel. Tiene alberca, chapoteadero, camastros, sombrillas y palapas, con amplia carta de alimentos y bebidas.<\/p>\n<p>En el club de playa, tumbada en un camastro, con los ojos cerrados\u00a0 disfrutando del calor y la brisa del mar volvi\u00f3 a mi menta la canci\u00f3n \u201cLa bruja\u201d: \u201c\u00a1Ay! me espant\u00f3 una mujer en medio del mar salado\/\u201d<\/p>\n<p>Al atardecer, despu\u00e9s de meter los pies en el mar, constatar que es \u201cPlaya limpia\u201d aun sin el nombramiento que pronto obtendr\u00e1n, regresamos al hotel, que tiene 26 a\u00f1os y lo renovaron hace cinco, tambi\u00e9n es alojamiento para personal de las industrias petrolera y naval, que se hospedan durante largas temporadas.<\/p>\n<p>Eso s\u00ed, para vacacionar en pareja o con familia no hay mejor lugar que el hotel Galer\u00eda Plaza Veracruz y su club de playa, donde realmente disfrutar\u00e1s.<\/p>\n<p>Para familias ofrece habitaciones <em>Deluxe <\/em>para dos adultos y dos menores de 12 a\u00f1os en la misma habitaci\u00f3n, o tres adultos y un menor de 12 a\u00f1os en la misma habitaci\u00f3n.<\/p>\n<p>La <em>Master Suite<\/em> es para experimentar el lujo, cuenta con vest\u00edbulo privado<em>, jacu<\/em>zz<em>i <\/em>en la habitaci\u00f3n, estancia con sof\u00e1 cama, comedor para seis personas, cama <em>king size<\/em> y tina de hidromasaje.<\/p>\n<p><span class=\"Apple-converted-space\"><em><a href=\"mailto:victoriagprado@gmail.com\" target=\"_blank\" rel=\"noopener noreferrer\">victoriagprado@gmail.com<\/a><\/em><br \/>\n<em>Twitter: <a href=\"https:\/\/twitter.com\/victoriagprado\" target=\"_blank\" rel=\"noopener noreferrer\">@victoriagprado<\/a><\/em><\/span><\/p>\n","protected":false},"excerpt":{"rendered":"<p>Siempre me han gustado las brujas. Tengo peque\u00f1a colecci\u00f3n de ellas, y a pocas les falta la tradicional escoba hecha con varas delgadas y nudosas sujetas con mecate. Adem\u00e1s, me hacen recordar al t\u00edo que ocasionalmente ven\u00eda a casa, extend\u00eda sus brazos y casi me gritaba  \u201c<em>meiga\u201d<\/em> (en gallego) en cuanto me ve\u00eda. Un d\u00eda escuch\u00e9 a <strong>Eugenia Le\u00f3n<\/strong> cantar la canci\u00f3n \u201cLa bruja\u201d\u2026 me enamor\u00f3 y ahora que pienso en Veracruz, me viene a la cabeza la letra.<\/p>\n","protected":false},"author":3,"featured_media":441533,"comment_status":"open","ping_status":"open","sticky":false,"template":"","format":"standard","meta":{"_monsterinsights_skip_tracking":false,"_monsterinsights_sitenote_active":false,"_monsterinsights_sitenote_note":"","_monsterinsights_sitenote_category":0,"footnotes":""},"categories":[11],"tags":[107,43674,43681,106],"class_list":["post-441464","post","type-post","status-publish","format-standard","has-post-thumbnail","hentry","category-turismo","tag-de-cinco-estrellas","tag-opinion","tag-turismo","tag-victoria-gonzalez-prado"],"_links":{"self":[{"href":"https:\/\/www.diarioimagen.net\/index.php?rest_route=\/wp\/v2\/posts\/441464","targetHints":{"allow":["GET"]}}],"collection":[{"href":"https:\/\/www.diarioimagen.net\/index.php?rest_route=\/wp\/v2\/posts"}],"about":[{"href":"https:\/\/www.diarioimagen.net\/index.php?rest_route=\/wp\/v2\/types\/post"}],"author":[{"embeddable":true,"href":"https:\/\/www.diarioimagen.net\/index.php?rest_route=\/wp\/v2\/users\/3"}],"replies":[{"embeddable":true,"href":"https:\/\/www.diarioimagen.net\/index.php?rest_route=%2Fwp%2Fv2%2Fcomments&post=441464"}],"version-history":[{"count":0,"href":"https:\/\/www.diarioimagen.net\/index.php?rest_route=\/wp\/v2\/posts\/441464\/revisions"}],"wp:featuredmedia":[{"embeddable":true,"href":"https:\/\/www.diarioimagen.net\/index.php?rest_route=\/wp\/v2\/media\/441533"}],"wp:attachment":[{"href":"https:\/\/www.diarioimagen.net\/index.php?rest_route=%2Fwp%2Fv2%2Fmedia&parent=441464"}],"wp:term":[{"taxonomy":"category","embeddable":true,"href":"https:\/\/www.diarioimagen.net\/index.php?rest_route=%2Fwp%2Fv2%2Fcategories&post=441464"},{"taxonomy":"post_tag","embeddable":true,"href":"https:\/\/www.diarioimagen.net\/index.php?rest_route=%2Fwp%2Fv2%2Ftags&post=441464"}],"curies":[{"name":"wp","href":"https:\/\/api.w.org\/{rel}","templated":true}]}}