{"id":441491,"date":"2019-09-04T00:03:57","date_gmt":"2019-09-04T05:03:57","guid":{"rendered":"https:\/\/www.diarioimagen.net\/?p=441491"},"modified":"2019-09-04T01:05:17","modified_gmt":"2019-09-04T06:05:17","slug":"los-apestados-los-congelados-los-incondicionales","status":"publish","type":"post","link":"https:\/\/www.diarioimagen.net\/?p=441491","title":{"rendered":"Los apestados, los congelados, los incondicionales"},"content":{"rendered":"<h2>Espacio Electoral<\/h2>\n<h5>Eleazar Flores<\/h5>\n<p>&nbsp;<\/p>\n<p><strong>En s\u00f3lo nueve meses.-<\/strong> En el mismo tiempo que dura un embarazo, los dirigentes de la 4T se han liberado de algunos protagonistas que se cre\u00edan importantes, pero que al pensar diferente a su l\u00edder hoy han sido boca bajeados literalmente.<\/p>\n<p>A cambio, algunos que en plena campa\u00f1a presidencial se resist\u00edan ir a Morena y lo hicieron a cambio de huesos, perd\u00f3n de cargos, ahora son incondicionales gracias a la docilidad, hasta la humillaci\u00f3n, como el l\u00edder senatorial Monreal, que siendo el candidato puntero en las encuestas para la jefatura de gobierno, baj\u00f3 la cabeza ante Claudia Sheinbaum.<\/p>\n<p><strong>Apestados.-<\/strong> Iniciado el r\u00e9gimen de la cuarta transformaci\u00f3n, -con el cambio de legislatura federal-, estaban en los cuernos de la luna el \u201csiempre fiel\u201d Mart\u00ed Batres y el ex panista Germ\u00e1n Mart\u00ednez C\u00e1zares, ambos senadores. El primero fue electo por ya saben qui\u00e9n, presidente de la C\u00e1mara y el segundo pidi\u00f3 licencia al senado para aceptar dirigir al IMSS.<\/p>\n<p>La primera renuncia de primer nivel de la 4T fue justamente la de Mart\u00ednez C\u00e1zares, cuando descubri\u00f3 que la secretar\u00eda de Hacienda no le autorizaba dos cosas fundamentales para el buen funcionamiento del Seguro Social. La primera el nombramiento de delegados y dem\u00e1s personal de apoyo, y la segunda y m\u00e1s grave, liquidez para comprar medicinas y\u2026<\/p>\n<p>Meses despu\u00e9s vino la escasez de \u00e9stas en todo el sector salud. Mart\u00ednez C\u00e1zares regres\u00f3 al Senado pero desde entonces ha tenido cero participaciones, de ese tama\u00f1o. El caso de Mart\u00ed Batres es similar pues despu\u00e9s de tener reflectores de sobra como presidente de la C\u00e1mara Alta, en adelante pasar\u00e1 al ostracismo, al tiempo.<\/p>\n<p><strong>Congelados.<\/strong>&#8211; Respecto a los congelados no todos est\u00e1n en el Poder Legislativo, se notan m\u00e1s en el aparato de gobierno pues la ex secretaria que par\u00f3 un vuelo por llegar tarde y el ex de Hacienda Calos Urz\u00faa, convertido en catedr\u00e1tico del ITESM y columnista de El Universal, no volver\u00e1n a levantar cabeza, cuando menos en esta administraci\u00f3n que amenaza prolongar su estilo de gobernar.<\/p>\n<p><strong>\u00a0<\/strong><strong>Incondicionales.-<\/strong> En el gobierno de la 4T si algo sobra son los incondicionales pero como en todo, hay unos m\u00e1s que otros. En este terreno es mano el ex priista, ex perredista y hoy moreno Ricardo Monreal \u00c1vila, cuya humillaci\u00f3n de no ser jefe de gobierno y no obstante encabezar las encuestas fue evidente.<\/p>\n<p>El propio Monreal declar\u00f3 en su momento haber recibido invitaciones de varios partidos pol\u00edticos, cuando el tabasque\u00f1o ya no le tomaba las llamadas telef\u00f3nicas y dem\u00e1s.<\/p>\n<p>Cuando le levantaron el castigo le ofrecieron el Senado y para como van las cosas, podr\u00eda seguir escalando pues la incondicionalidad tiene premio.<\/p>\n<p><a href=\"mailto:elefa44@gmail.com\" target=\"_blank\" rel=\"noopener noreferrer\"><em>elefa44@gmail.com<\/em><\/a><\/p>\n","protected":false},"excerpt":{"rendered":"<p><span style=\"color: #005497;\"><strong>Eleazar Flores<\/strong><\/span><\/p>\n","protected":false},"author":3,"featured_media":0,"comment_status":"open","ping_status":"open","sticky":false,"template":"","format":"standard","meta":{"_monsterinsights_skip_tracking":false,"_monsterinsights_sitenote_active":false,"_monsterinsights_sitenote_note":"","_monsterinsights_sitenote_category":0,"footnotes":""},"categories":[81743],"tags":[81744,81776,43674],"class_list":["post-441491","post","type-post","status-publish","format-standard","hentry","category-eleazar-flores","tag-eleazar-flores","tag-espacio-electoral","tag-opinion"],"_links":{"self":[{"href":"https:\/\/www.diarioimagen.net\/index.php?rest_route=\/wp\/v2\/posts\/441491","targetHints":{"allow":["GET"]}}],"collection":[{"href":"https:\/\/www.diarioimagen.net\/index.php?rest_route=\/wp\/v2\/posts"}],"about":[{"href":"https:\/\/www.diarioimagen.net\/index.php?rest_route=\/wp\/v2\/types\/post"}],"author":[{"embeddable":true,"href":"https:\/\/www.diarioimagen.net\/index.php?rest_route=\/wp\/v2\/users\/3"}],"replies":[{"embeddable":true,"href":"https:\/\/www.diarioimagen.net\/index.php?rest_route=%2Fwp%2Fv2%2Fcomments&post=441491"}],"version-history":[{"count":0,"href":"https:\/\/www.diarioimagen.net\/index.php?rest_route=\/wp\/v2\/posts\/441491\/revisions"}],"wp:attachment":[{"href":"https:\/\/www.diarioimagen.net\/index.php?rest_route=%2Fwp%2Fv2%2Fmedia&parent=441491"}],"wp:term":[{"taxonomy":"category","embeddable":true,"href":"https:\/\/www.diarioimagen.net\/index.php?rest_route=%2Fwp%2Fv2%2Fcategories&post=441491"},{"taxonomy":"post_tag","embeddable":true,"href":"https:\/\/www.diarioimagen.net\/index.php?rest_route=%2Fwp%2Fv2%2Ftags&post=441491"}],"curies":[{"name":"wp","href":"https:\/\/api.w.org\/{rel}","templated":true}]}}