{"id":441511,"date":"2019-09-04T00:08:59","date_gmt":"2019-09-04T05:08:59","guid":{"rendered":"https:\/\/www.diarioimagen.net\/?p=441511"},"modified":"2019-09-04T06:16:40","modified_gmt":"2019-09-04T11:16:40","slug":"ganan-estudiantes-tultepequenses-premio-estatal-de-la-juventud-2019","status":"publish","type":"post","link":"https:\/\/www.diarioimagen.net\/?p=441511","title":{"rendered":"Ganan estudiantes tultepequenses Premio Estatal de la Juventud 2019"},"content":{"rendered":"<ul>\n<li><strong><em>Fueron condecorados en el Estado de M\u00e9xico<\/em><\/strong><\/li>\n<\/ul>\n<p>&nbsp;<\/p>\n<div id=\"attachment_441548\" style=\"width: 470px\" class=\"wp-caption aligncenter\"><a href=\"https:\/\/www.diarioimagen.net\/?attachment_id=441548\" rel=\"attachment wp-att-441548\"><img loading=\"lazy\" decoding=\"async\" aria-describedby=\"caption-attachment-441548\" class=\"size-large wp-image-441548\" src=\"https:\/\/www.diarioimagen.net\/wp-content\/uploads\/2019\/09\/TULTEPEC-4-460x259.jpg\" alt=\"\" width=\"460\" height=\"259\" srcset=\"https:\/\/www.diarioimagen.net\/wp-content\/uploads\/2019\/09\/TULTEPEC-4-460x259.jpg 460w, https:\/\/www.diarioimagen.net\/wp-content\/uploads\/2019\/09\/TULTEPEC-4-240x135.jpg 240w, https:\/\/www.diarioimagen.net\/wp-content\/uploads\/2019\/09\/TULTEPEC-4-235x132.jpg 235w, https:\/\/www.diarioimagen.net\/wp-content\/uploads\/2019\/09\/TULTEPEC-4-202x114.jpg 202w, https:\/\/www.diarioimagen.net\/wp-content\/uploads\/2019\/09\/TULTEPEC-4-350x196.jpg 350w, https:\/\/www.diarioimagen.net\/wp-content\/uploads\/2019\/09\/TULTEPEC-4-220x123.jpg 220w, https:\/\/www.diarioimagen.net\/wp-content\/uploads\/2019\/09\/TULTEPEC-4-237x132.jpg 237w, https:\/\/www.diarioimagen.net\/wp-content\/uploads\/2019\/09\/TULTEPEC-4.jpg 480w\" sizes=\"auto, (max-width: 460px) 100vw, 460px\" \/><\/a><p id=\"caption-attachment-441548\" class=\"wp-caption-text\">Los j\u00f3venes recibieron el galard\u00f3n de manos del gobernador del Estado de M\u00e9xico, Alfredo del Mazo Maza.<\/p><\/div>\n<p>&nbsp;<\/p>\n<p><strong>Tultepec, Estado de M\u00e9xico<\/strong>.- El estudiante tultepequense de 20 a\u00f1os de edad, Jonathan Cristhan S\u00e1nchez P\u00e9rez, quien obtuvo el segundo lugar dos veces de manera consecutiva en el concurso organizado por la Administraci\u00f3n Nacional de la Aeron\u00e1utica y del Espacio (NASA), recibi\u00f3 el Premio Estatal de la Juventud 2019, de manos del gobernador Alfredo del Mazo Maza, junto con 29 j\u00f3venes m\u00e1s del Estado de M\u00e9xico.<\/p>\n<p>El tambi\u00e9n conocido como el\u00a0<em>Mexicano Espacial<\/em>, actualmente cursa el s\u00e9ptimo semestre en Ingenier\u00eda Aeron\u00e1utica de la Universidad Metropolitana de Hidalgo (UPMH), fue uno de los 30 galardonados de entre 560 j\u00f3venes que se inscribieron para obtener el\u00a0Premio Estatal de la juventud 2019, galard\u00f3n que tambi\u00e9n obtuvieron las tultepequenses \u00c1ngeles Regina Ter\u00e1n Urb\u00e1n y Jimena Mauricio Santill\u00e1n.<\/p>\n<p>El distinguido estudiante habl\u00f3 ante el gobernador Alfredo del Mazo Maza, diputados y la alcaldesa de Tultitl\u00e1n Elena Garc\u00eda Mart\u00ednez; a nombre de los 30 j\u00f3venes laureados, precisando \u201cno tener \u201cning\u00fan talento especial, s\u00f3lo soy apasionadamente curioso\u201d.<\/p>\n<p>Agradeci\u00f3 al Ejecutivo mexiquense por este galard\u00f3n que reconoce el trabajo destacado y el talento de los j\u00f3venes de la entidad. Dijo que, \u201cdespu\u00e9s de tocar muchas puertas, hoy agradezco que el gobierno del estado reconozca mi trabajo, e incentive mi deseo y de quienes hoy obtuvimos el\u00a0Premio Estatal de la Juventud\u00a0como un est\u00edmulo para seguir progresando\u201d.<\/p>\n<p>\u201cAprovecho este espacio para reconocer y agradecer a las autoridades del ayuntamiento de Tultepec, por el apoyo que me brindaron para viajar a la NASA ya en dos ocasiones, e iniciar con ello el cumplimiento de mi sue\u00f1o de alcanzar las estrellas, sobre todo porque aun cuando nadie me conoc\u00eda, no dudaron en impulsarme en esta aventura para demostrar que los mexicanos podemos alcanzar grandes metas\u201d, manifest\u00f3.<\/p>\n<p>Dijo que \u00e9ste y otros apoyos le han permitido ser el primer mexicano en poner un material en la\u00a0Estaci\u00f3n Espacial Internacional,\u00a0adem\u00e1s de participar en 2017 en el dise\u00f1o de una colonia en la luna denominada J\u00fapiter de Saturno, obteniendo el 2\u00ba lugar de entre 45 estudiantes de otros pa\u00edses.<\/p>\n<p>Asegur\u00f3 que \u201cM\u00e9xico es grande, porque los mexicanos tenemos talento\u201d, por lo que llam\u00f3 a los mexiquenses a aprovecharlo y a mantener abiertos todos sus sentidos al conocimiento que nos lleve a ser mejores para nunca se apague el deseo de contribuir por tener una sociedad m\u00e1s justa, donde las personas puedan vivir con mayor dignidad\u201d.<\/p>\n<p>Durante el evento celebrado en el deportivo Real del Bosque, en el municipio de Tultitl\u00e1n, Jonathan S\u00e1nchez P\u00e9rez, asegur\u00f3 que para poder retomar el crecimiento y el desarrollo del Estado de M\u00e9xico y de todo el pa\u00eds, se debe impulsar la ciencia y la educaci\u00f3n, por lo que hizo esa petici\u00f3n al mandatario mexiquense.<\/p>\n<p>El gobernador Alfredo del Mazo Maza, felicit\u00f3 ampliamente a los galardonados, porque \u201cson un orgullo, motivo de inspiraci\u00f3n y un ejemplo para muchos m\u00e1s mexiquenses de un estado que cuenta con m\u00e1s de cinco millones de j\u00f3venes, que al ver sus logros, sus esfuerzos, sus \u00e9xitos, sus sue\u00f1os y proyectos hechos realidad, seguir\u00e1n inspirando que m\u00e1s estudiantes de la entidad destaquen\u201d.<\/p>\n<p>Reconoci\u00f3 que el reto para su gobierno es que m\u00e1s j\u00f3venes concluyan sus estudios profesionales, dado que actualmente s\u00f3lo 13 de cada 100 estudiantes que inician la primaria concluyen sus estudios a nivel superior, brecha que debe ser cerrada para que cada vez sean m\u00e1s quienes concluyan su educaci\u00f3n superior, y con ello puedan impulsar a sus comunidades, municipios, al estado y a M\u00e9xico.<\/p>\n<p>Explic\u00f3 que otro de los programas impulsados en este gobierno es el de Educaci\u00f3n Dual, que consiste en la oportunidad que tienen los j\u00f3venes de estudiar y trabajar al mismo tiempo a trav\u00e9s de convenios con empresas, para acercarlos al mercado laboral y apliquen lo aprendido en la escuela de manera pr\u00e1ctica, lo que ha permitido que cuatro de cada 10 j\u00f3venes en este esquema logran colocarse.<\/p>\n","protected":false},"excerpt":{"rendered":"<p>El estudiante tultepequense de 20 a\u00f1os de edad, Jonathan Cristhan S\u00e1nchez P\u00e9rez, quien obtuvo el segundo lugar dos veces de manera consecutiva en el concurso organizado por la Administraci\u00f3n Nacional de la Aeron\u00e1utica y del Espacio (NASA), recibi\u00f3 el Premio Estatal de la Juventud 2019, de manos del gobernador Alfredo del Mazo Maza, junto con 29 j\u00f3venes m\u00e1s del Estado de M\u00e9xico.\u00a0\u00a0<\/p>\n","protected":false},"author":3,"featured_media":441548,"comment_status":"open","ping_status":"open","sticky":false,"template":"","format":"standard","meta":{"_monsterinsights_skip_tracking":false,"_monsterinsights_sitenote_active":false,"_monsterinsights_sitenote_note":"","_monsterinsights_sitenote_category":0,"footnotes":""},"categories":[5],"tags":[43675,761,3802],"class_list":["post-441511","post","type-post","status-publish","format-standard","has-post-thumbnail","hentry","category-estado-de-mexico","tag-estado-de-mexico","tag-premio-estatal-de-la-juventud","tag-tultepec"],"_links":{"self":[{"href":"https:\/\/www.diarioimagen.net\/index.php?rest_route=\/wp\/v2\/posts\/441511","targetHints":{"allow":["GET"]}}],"collection":[{"href":"https:\/\/www.diarioimagen.net\/index.php?rest_route=\/wp\/v2\/posts"}],"about":[{"href":"https:\/\/www.diarioimagen.net\/index.php?rest_route=\/wp\/v2\/types\/post"}],"author":[{"embeddable":true,"href":"https:\/\/www.diarioimagen.net\/index.php?rest_route=\/wp\/v2\/users\/3"}],"replies":[{"embeddable":true,"href":"https:\/\/www.diarioimagen.net\/index.php?rest_route=%2Fwp%2Fv2%2Fcomments&post=441511"}],"version-history":[{"count":0,"href":"https:\/\/www.diarioimagen.net\/index.php?rest_route=\/wp\/v2\/posts\/441511\/revisions"}],"wp:featuredmedia":[{"embeddable":true,"href":"https:\/\/www.diarioimagen.net\/index.php?rest_route=\/wp\/v2\/media\/441548"}],"wp:attachment":[{"href":"https:\/\/www.diarioimagen.net\/index.php?rest_route=%2Fwp%2Fv2%2Fmedia&parent=441511"}],"wp:term":[{"taxonomy":"category","embeddable":true,"href":"https:\/\/www.diarioimagen.net\/index.php?rest_route=%2Fwp%2Fv2%2Fcategories&post=441511"},{"taxonomy":"post_tag","embeddable":true,"href":"https:\/\/www.diarioimagen.net\/index.php?rest_route=%2Fwp%2Fv2%2Ftags&post=441511"}],"curies":[{"name":"wp","href":"https:\/\/api.w.org\/{rel}","templated":true}]}}