{"id":441513,"date":"2019-09-04T00:07:14","date_gmt":"2019-09-04T05:07:14","guid":{"rendered":"https:\/\/www.diarioimagen.net\/?p=441513"},"modified":"2019-09-04T06:21:41","modified_gmt":"2019-09-04T11:21:41","slug":"conmemoran-145-anos-de-la-fundacion-de-atizapan","status":"publish","type":"post","link":"https:\/\/www.diarioimagen.net\/?p=441513","title":{"rendered":"Conmemoran 145 a\u00f1os de la fundaci\u00f3n de Atizap\u00e1n"},"content":{"rendered":"<ul>\n<li><strong><em>La alcaldesa Ruth Olvera encabez\u00f3 el festejo<\/em><\/strong><\/li>\n<\/ul>\n<p>&nbsp;<\/p>\n<div id=\"attachment_441550\" style=\"width: 470px\" class=\"wp-caption aligncenter\"><a href=\"https:\/\/www.diarioimagen.net\/?attachment_id=441550\" rel=\"attachment wp-att-441550\"><img loading=\"lazy\" decoding=\"async\" aria-describedby=\"caption-attachment-441550\" class=\"size-large wp-image-441550\" src=\"https:\/\/www.diarioimagen.net\/wp-content\/uploads\/2019\/09\/ATIZAP\u00c1N-4-460x259.jpg\" alt=\"\" width=\"460\" height=\"259\" srcset=\"https:\/\/www.diarioimagen.net\/wp-content\/uploads\/2019\/09\/ATIZAP\u00c1N-4-460x259.jpg 460w, https:\/\/www.diarioimagen.net\/wp-content\/uploads\/2019\/09\/ATIZAP\u00c1N-4-240x135.jpg 240w, https:\/\/www.diarioimagen.net\/wp-content\/uploads\/2019\/09\/ATIZAP\u00c1N-4-235x132.jpg 235w, https:\/\/www.diarioimagen.net\/wp-content\/uploads\/2019\/09\/ATIZAP\u00c1N-4-202x114.jpg 202w, https:\/\/www.diarioimagen.net\/wp-content\/uploads\/2019\/09\/ATIZAP\u00c1N-4-350x196.jpg 350w, https:\/\/www.diarioimagen.net\/wp-content\/uploads\/2019\/09\/ATIZAP\u00c1N-4-220x123.jpg 220w, https:\/\/www.diarioimagen.net\/wp-content\/uploads\/2019\/09\/ATIZAP\u00c1N-4-237x132.jpg 237w, https:\/\/www.diarioimagen.net\/wp-content\/uploads\/2019\/09\/ATIZAP\u00c1N-4.jpg 480w\" sizes=\"auto, (max-width: 460px) 100vw, 460px\" \/><\/a><p id=\"caption-attachment-441550\" class=\"wp-caption-text\">\u201cSomos herencia de un pasado que vive su presente, con la obligaci\u00f3n de rendir buenas cuentas para el futuro\u201d, reiter\u00f3 la alcaldesa Ruth Olvera.<\/p><\/div>\n<p>&nbsp;<\/p>\n<p><strong>Atizap\u00e1n, Estado de M\u00e9xico<\/strong>.- La alcaldesa Ruth Olvera Nieto encabez\u00f3 el 145 aniversario de la erecci\u00f3n de Atizap\u00e1n de Zaragoza, donde dio a conocer la Monograf\u00eda Municipal que contiene aspectos esenciales de la demarcaci\u00f3n a fin de fortalecer identidad y arraigo entre los habitantes.<\/p>\n<p>Tras recordar que el 3 de septiembre de 1874 Atizap\u00e1n fue erigido como municipio, la edil coment\u00f3 las coyunturas hist\u00f3ricas que lo han enriquecido como ayuntamiento. Olvera Nieto se\u00f1al\u00f3 que en estos momentos Atizap\u00e1n vive la 4T de M\u00e9xico al lado del presidente Andr\u00e9s Manuel L\u00f3pez Obrador; \u201cese ha sido el llamado y lo asumimos con gran responsabilidad\u201d.<\/p>\n<p>Destac\u00f3 que se asume con la obligaci\u00f3n de dar los mejores resultados en todas las responsabilidades de gobierno, por ello, durante la audiencia que tendr\u00e1 hoy con el Ejecutivo federal, inform\u00f3 que solicitar\u00e1 m\u00e1s apoyos para el municipio.<\/p>\n<p>En compa\u00f1\u00eda de Miguel \u00c1ngel Terr\u00f3n Mendoza, procurador de la Defensa del Trabajo y representante del gobernador del Estado de M\u00e9xico, Alfredo del Mazo Maza, y de Martha Hilda Gonz\u00e1lez Calder\u00f3n, secretaria del Trabajo estatal, Olvera Nieto rememor\u00f3 que Atizap\u00e1n fue fundado por los pueblos San Francisco Atizap\u00e1n, San Mateo Tecoloapan y Calacoaya, siendo su primer presidente municipal Jos\u00e9 Mar\u00eda Alc\u00e1ntara.<\/p>\n<p>\u201cSomos herencia de un pasado que vive su presente con la obligaci\u00f3n de rendir buenas cuentas para el futuro\u201d.<\/p>\n<p>Con la participaci\u00f3n de los integrantes de Cabildo, fue presentada la Monograf\u00eda de Atizap\u00e1n de Zaragoza, que mediante 10 apartados, se emiten datos fundamentales que fortalecen la identidad y el arraigo de sus habitantes.<\/p>\n<p>La publicaci\u00f3n, que fue elaborada por el cronista municipal Arturo Trueba, ser\u00e1 entregada en las escuelas p\u00fablicas.<\/p>\n<p>Durante su mensaje, el Secretario del Ayuntamiento, Francisco Espinosa de los Monteros coment\u00f3 que a 145 a\u00f1os de la erecci\u00f3n de Atizap\u00e1n de Zaragoza, se cuenta con un territorio que comprende 89 kil\u00f3metros cuadrados y agrupa a 210 comunidades.<\/p>\n<p>\u201cEtimol\u00f3gicamente, Atizap\u00e1n de Zaragoza significa \u00b4lugar de aguas blancas o de tiza\u00b4 y fue nombrado en honor del General Ignacio Zaragoza, h\u00e9roe de la Batalla del 5 de mayo en Puebla\u201d, siendo una de las mayores tradiciones el desfile del 5 de mayo.<\/p>\n<p>Espinosa de los Monteros explic\u00f3 que la demarcaci\u00f3n ha sido gobernada por 60 alcaldes, y cuenta con infraestructura \u00fanica en el estado como el aeropuerto, cuatro universidades, la presa Mad\u00edn con su planta potabilizadora de agua, y el parque de Los Ciervos, que ocupa 300 hect\u00e1reas en la serran\u00eda de \u201cLa Biznaga\u201d, principal pulm\u00f3n del municipio.<\/p>\n","protected":false},"excerpt":{"rendered":"<p>La alcaldesa Ruth Olvera Nieto encabez\u00f3 el 145 aniversario de la erecci\u00f3n de Atizap\u00e1n de Zaragoza, donde dio a conocer la Monograf\u00eda Municipal que contiene aspectos esenciales de la demarcaci\u00f3n a fin de fortalecer identidad y arraigo entre los habitantes.<\/p>\n","protected":false},"author":3,"featured_media":441550,"comment_status":"open","ping_status":"open","sticky":false,"template":"","format":"standard","meta":{"_monsterinsights_skip_tracking":false,"_monsterinsights_sitenote_active":false,"_monsterinsights_sitenote_note":"","_monsterinsights_sitenote_category":0,"footnotes":""},"categories":[5],"tags":[969,81112,43675,80963],"class_list":["post-441513","post","type-post","status-publish","format-standard","has-post-thumbnail","hentry","category-estado-de-mexico","tag-atizapan","tag-conmemoran","tag-estado-de-mexico","tag-ruth-olvera-nieto"],"_links":{"self":[{"href":"https:\/\/www.diarioimagen.net\/index.php?rest_route=\/wp\/v2\/posts\/441513","targetHints":{"allow":["GET"]}}],"collection":[{"href":"https:\/\/www.diarioimagen.net\/index.php?rest_route=\/wp\/v2\/posts"}],"about":[{"href":"https:\/\/www.diarioimagen.net\/index.php?rest_route=\/wp\/v2\/types\/post"}],"author":[{"embeddable":true,"href":"https:\/\/www.diarioimagen.net\/index.php?rest_route=\/wp\/v2\/users\/3"}],"replies":[{"embeddable":true,"href":"https:\/\/www.diarioimagen.net\/index.php?rest_route=%2Fwp%2Fv2%2Fcomments&post=441513"}],"version-history":[{"count":0,"href":"https:\/\/www.diarioimagen.net\/index.php?rest_route=\/wp\/v2\/posts\/441513\/revisions"}],"wp:featuredmedia":[{"embeddable":true,"href":"https:\/\/www.diarioimagen.net\/index.php?rest_route=\/wp\/v2\/media\/441550"}],"wp:attachment":[{"href":"https:\/\/www.diarioimagen.net\/index.php?rest_route=%2Fwp%2Fv2%2Fmedia&parent=441513"}],"wp:term":[{"taxonomy":"category","embeddable":true,"href":"https:\/\/www.diarioimagen.net\/index.php?rest_route=%2Fwp%2Fv2%2Fcategories&post=441513"},{"taxonomy":"post_tag","embeddable":true,"href":"https:\/\/www.diarioimagen.net\/index.php?rest_route=%2Fwp%2Fv2%2Ftags&post=441513"}],"curies":[{"name":"wp","href":"https:\/\/api.w.org\/{rel}","templated":true}]}}