{"id":441586,"date":"2019-09-05T00:05:46","date_gmt":"2019-09-05T05:05:46","guid":{"rendered":"https:\/\/www.diarioimagen.net\/?p=441586"},"modified":"2019-09-05T00:59:28","modified_gmt":"2019-09-05T05:59:28","slug":"guardia-nacional-insuficiente-sin-apoyo-de-estados-y-municipios","status":"publish","type":"post","link":"https:\/\/www.diarioimagen.net\/?p=441586","title":{"rendered":"Guardia Nacional, insuficiente, sin apoyo de estados y municipios"},"content":{"rendered":"<ul>\n<li><strong><em>Deben hacer la parte que les corresponde: Durazo<\/em><\/strong><\/li>\n<\/ul>\n<p><strong>\u00a0<\/strong><\/p>\n<div id=\"attachment_441587\" style=\"width: 490px\" class=\"wp-caption aligncenter\"><img loading=\"lazy\" decoding=\"async\" aria-describedby=\"caption-attachment-441587\" class=\"size-full wp-image-441587\" src=\"https:\/\/www.diarioimagen.net\/wp-content\/uploads\/2019\/09\/GUARDIA5-por.jpg\" alt=\"\" width=\"480\" height=\"280\" srcset=\"https:\/\/www.diarioimagen.net\/wp-content\/uploads\/2019\/09\/GUARDIA5-por.jpg 480w, https:\/\/www.diarioimagen.net\/wp-content\/uploads\/2019\/09\/GUARDIA5-por-240x140.jpg 240w, https:\/\/www.diarioimagen.net\/wp-content\/uploads\/2019\/09\/GUARDIA5-por-460x268.jpg 460w\" sizes=\"auto, (max-width: 480px) 100vw, 480px\" \/><p id=\"caption-attachment-441587\" class=\"wp-caption-text\">La Guardia Nacional ser\u00e1 insuficiente para atender los temas de seguridad, si los estados y municipios no hacen la parte, advierte Alfonso Durazo.<\/p><\/div>\n<p>&nbsp;<\/p>\n<p>La Guardia Nacional (GN), a\u00fan en su eficacia y dimensi\u00f3n, ser\u00e1 \u201cinsuficiente\u201d para atender los temas de seguridad, si los estados y municipios no hacen la parte que les corresponde, asever\u00f3 el secretario de Seguridad y Protecci\u00f3n Ciudadana, Alfonso Durazo Monta\u00f1o.<\/p>\n<p>En entrevista despu\u00e9s de reunirse en privado con diputados de Morena, el funcionario aclar\u00f3 que \u201cno se trata de tirarnos la bolita unos a otros\u201d, sino que el problema es de tal dimensi\u00f3n que se debe enfrentar de manera unida, coordinada \u201cpero cada instancia haciendo la parte que le corresponde\u201d.<\/p>\n<p>Durazo Monta\u00f1o mencion\u00f3 que la instituci\u00f3n a su cargo tiene muy claro el mapa de la criminalidad en el pa\u00eds, est\u00e1 trabajando, y a\u00f1adi\u00f3 que hay 50 municipios en el pa\u00eds, que por su situaci\u00f3n los ha ubicado con \u201ccar\u00e1cter prioritario\u201d.<\/p>\n<p>Dijo que \u201ctrabajos de inteligencia nos permiten llegar a esa conclusi\u00f3n\u201d, y sin citar ning\u00fan municipio, \u201cs\u00ed puedo decirles que es obviamente una de las prioridades, porque el trabajo de las polic\u00edas municipales es un complemento imprescindible del trabajo de la Guardia Nacional\u201d.<\/p>\n<p>Abund\u00f3 que en estos momentos, la prioridad que no se puede perder de vista por parte del Gobierno de la Rep\u00fablica es la construcci\u00f3n de la Guardia Nacional \u201cy ah\u00ed est\u00e1n destinados todos nuestros esfuerzos\u201d.<\/p>\n<p>Dijo que se mantiene vigente la propuesta para que instituciones policiales puedan realizar labores de investigaci\u00f3n, porque agilizar\u00eda el proceso de construcci\u00f3n de cada uno de los casos.<\/p>\n<p>En los pa\u00edses donde hay mejor seguridad, explic\u00f3, la Polic\u00eda tiene una capacidad de investigaci\u00f3n amplia, arma los casos, encuentra a los presuntos responsables, entrega los elementos al Ministerio P\u00fablico, revisa el orden de la investigaci\u00f3n y presenta ante el juez la denuncia correspondiente.<\/p>\n<p>Durazo Monta\u00f1o agreg\u00f3 que en M\u00e9xico, donde hay seis mil 500 ministerios p\u00fablicos, ese tipo de procedimientos \u201cayudar\u00edan mucho\u201d, porque es una cifra realmente baja para investigar 32 millones de delitos que se presentan en el pa\u00eds, \u201cesa es la realidad\u201d.<\/p>\n","protected":false},"excerpt":{"rendered":"<p>La Guardia Nacional (GN), a\u00fan en su eficacia y dimensi\u00f3n, ser\u00e1 \u201cinsuficiente\u201d para atender los temas de seguridad, si los estados y municipios no hacen la parte que les corresponde, asever\u00f3 el secretario de Seguridad y Protecci\u00f3n Ciudadana, Alfonso Durazo Monta\u00f1o.<\/p>\n","protected":false},"author":1,"featured_media":441587,"comment_status":"open","ping_status":"open","sticky":false,"template":"","format":"standard","meta":{"_monsterinsights_skip_tracking":false,"_monsterinsights_sitenote_active":false,"_monsterinsights_sitenote_note":"","_monsterinsights_sitenote_category":0,"footnotes":""},"categories":[25512],"tags":[77036,4160,82107,20663,43673,43677],"class_list":["post-441586","post","type-post","status-publish","format-standard","has-post-thumbnail","hentry","category-nacional-nacional","tag-alfonso-durazo-montano","tag-guardia-nacional","tag-insuficiente","tag-morena","tag-nacional","tag-seguridad"],"_links":{"self":[{"href":"https:\/\/www.diarioimagen.net\/index.php?rest_route=\/wp\/v2\/posts\/441586","targetHints":{"allow":["GET"]}}],"collection":[{"href":"https:\/\/www.diarioimagen.net\/index.php?rest_route=\/wp\/v2\/posts"}],"about":[{"href":"https:\/\/www.diarioimagen.net\/index.php?rest_route=\/wp\/v2\/types\/post"}],"author":[{"embeddable":true,"href":"https:\/\/www.diarioimagen.net\/index.php?rest_route=\/wp\/v2\/users\/1"}],"replies":[{"embeddable":true,"href":"https:\/\/www.diarioimagen.net\/index.php?rest_route=%2Fwp%2Fv2%2Fcomments&post=441586"}],"version-history":[{"count":0,"href":"https:\/\/www.diarioimagen.net\/index.php?rest_route=\/wp\/v2\/posts\/441586\/revisions"}],"wp:featuredmedia":[{"embeddable":true,"href":"https:\/\/www.diarioimagen.net\/index.php?rest_route=\/wp\/v2\/media\/441587"}],"wp:attachment":[{"href":"https:\/\/www.diarioimagen.net\/index.php?rest_route=%2Fwp%2Fv2%2Fmedia&parent=441586"}],"wp:term":[{"taxonomy":"category","embeddable":true,"href":"https:\/\/www.diarioimagen.net\/index.php?rest_route=%2Fwp%2Fv2%2Fcategories&post=441586"},{"taxonomy":"post_tag","embeddable":true,"href":"https:\/\/www.diarioimagen.net\/index.php?rest_route=%2Fwp%2Fv2%2Ftags&post=441586"}],"curies":[{"name":"wp","href":"https:\/\/api.w.org\/{rel}","templated":true}]}}