{"id":441638,"date":"2019-09-05T00:08:02","date_gmt":"2019-09-05T05:08:02","guid":{"rendered":"https:\/\/www.diarioimagen.net\/?p=441638"},"modified":"2019-09-05T05:25:41","modified_gmt":"2019-09-05T10:25:41","slug":"arranca-en-huixquilucan-programa-creciendo-con-mujeres-empoderadas","status":"publish","type":"post","link":"https:\/\/www.diarioimagen.net\/?p=441638","title":{"rendered":"Arranca en Huixquilucan programa Creciendo con mujeres empoderadas"},"content":{"rendered":"<ul>\n<li><strong><em>A pesar de recortes presupuestales<\/em><\/strong><\/li>\n<\/ul>\n<p>&nbsp;<\/p>\n<div id=\"attachment_441729\" style=\"width: 470px\" class=\"wp-caption aligncenter\"><a href=\"https:\/\/www.diarioimagen.net\/?attachment_id=441729\" rel=\"attachment wp-att-441729\"><img loading=\"lazy\" decoding=\"async\" aria-describedby=\"caption-attachment-441729\" class=\"size-large wp-image-441729\" src=\"https:\/\/www.diarioimagen.net\/wp-content\/uploads\/2019\/09\/HUIXQUILUCAN-5-460x259.jpg\" alt=\"\" width=\"460\" height=\"259\" srcset=\"https:\/\/www.diarioimagen.net\/wp-content\/uploads\/2019\/09\/HUIXQUILUCAN-5-460x259.jpg 460w, https:\/\/www.diarioimagen.net\/wp-content\/uploads\/2019\/09\/HUIXQUILUCAN-5-240x135.jpg 240w, https:\/\/www.diarioimagen.net\/wp-content\/uploads\/2019\/09\/HUIXQUILUCAN-5-235x132.jpg 235w, https:\/\/www.diarioimagen.net\/wp-content\/uploads\/2019\/09\/HUIXQUILUCAN-5-202x114.jpg 202w, https:\/\/www.diarioimagen.net\/wp-content\/uploads\/2019\/09\/HUIXQUILUCAN-5-350x196.jpg 350w, https:\/\/www.diarioimagen.net\/wp-content\/uploads\/2019\/09\/HUIXQUILUCAN-5-220x123.jpg 220w, https:\/\/www.diarioimagen.net\/wp-content\/uploads\/2019\/09\/HUIXQUILUCAN-5-237x132.jpg 237w, https:\/\/www.diarioimagen.net\/wp-content\/uploads\/2019\/09\/HUIXQUILUCAN-5.jpg 480w\" sizes=\"auto, (max-width: 460px) 100vw, 460px\" \/><\/a><p id=\"caption-attachment-441729\" class=\"wp-caption-text\">Romina Contreras Carrasco, presidenta del DIF Huixquilucan, inform\u00f3 que en esta primera etapa se beneficiar\u00e1n 100 mujeres.<\/p><\/div>\n<p>&nbsp;<\/p>\n<p><strong>Huixquilucan, Estado de M\u00e9xico<\/strong>.- \u201cEn mi gobierno no cancelamos programas sociales, aqu\u00ed los aumentamos\u201d, destac\u00f3 el presidente municipal de Huixquilucan, Enrique Vargas del Villar, al poner en marcha el programa \u201cCreciendo con mujeres empoderadas\u201d.<\/p>\n<p>Dijo, que a pesar de los recortes presupuestales, en Huixquilucan se han incrementado los apoyos y el pr\u00f3ximo a\u00f1o se mantendr\u00e1n todos los programas sociales existentes.<\/p>\n<p>Vargas del Villar reconoci\u00f3 la importancia de las mujeres en la sociedad y en las familias. En este sentido, destac\u00f3 el trabajo de la presidenta del sistema municipal para el Desarrollo Integral de la Familia (DIF), Romina Contreras Carrasco, quien le ha cambiado el rostro a la instituci\u00f3n.<\/p>\n<p>En tanto, Romina Contreras Carrasco, presidenta del DIF Huixquilucan, inform\u00f3 que en esta primera etapa se beneficiar\u00e1n 100 mujeres, aunque hay m\u00e1s interesadas en este programa, por lo que invit\u00f3 a las favorecidas aprovechar al m\u00e1ximo los cursos y talleres que recibir\u00e1n.<\/p>\n<p>Al respecto, Mar\u00eda Jos\u00e9 Ocampo V\u00e1zquez, directora general de Desarrollo Social, se\u00f1al\u00f3 que el programa Creciendo con Mujeres Empoderadas busca que este sector de la poblaci\u00f3n tenga las herramientas necesarias para emprender un negocio, adem\u00e1s de 10 mil pesos como capital semilla.<\/p>\n<p>Record\u00f3, que este programa se suma a los que ya benefician a miles de mujeres en el municipio, como es la tarjeta azul, becas y apoyos alimentarios, entre otros.<\/p>\n<p>Fabiola Ortiz Ruiz, cofundadora de la empresa Mujeres Conectadas S.A de C.V, coment\u00f3 que con programas como este, se apoya a la equidad de g\u00e9nero. Precis\u00f3 que de manera conjunta se buscar\u00e1 el bien social del municipio con un programa de empoderamiento personal y financiero.<\/p>\n<p>Mar\u00eda Fernanda Vald\u00e9s, considerada en M\u00e9xico como la primer influencer con alguna discapacidad, comparti\u00f3 con las asistentes su experiencia de vida, dej\u00e1ndoles como mensaje que si se puede salir adelante a pesar de que haya dificultades. \u201cSi se puede teniendo ayuda, agradeciendo ayuda y dej\u00e1ndote ayudar\u201d, puntualiz\u00f3.<\/p>\n","protected":false},"excerpt":{"rendered":"<p>\u201cEn mi gobierno no cancelamos programas sociales, aqu\u00ed los aumentamos\u201d, destac\u00f3 el presidente municipal de Huixquilucan, Enrique Vargas del Villar, al poner en marcha el programa \u201cCreciendo con mujeres empoderadas\u201d.<\/p>\n","protected":false},"author":3,"featured_media":441729,"comment_status":"open","ping_status":"open","sticky":false,"template":"","format":"standard","meta":{"_monsterinsights_skip_tracking":false,"_monsterinsights_sitenote_active":false,"_monsterinsights_sitenote_note":"","_monsterinsights_sitenote_category":0,"footnotes":""},"categories":[5],"tags":[43675,1097,87647],"class_list":["post-441638","post","type-post","status-publish","format-standard","has-post-thumbnail","hentry","category-estado-de-mexico","tag-estado-de-mexico","tag-huixquilucan","tag-mujeres-empoderadas"],"_links":{"self":[{"href":"https:\/\/www.diarioimagen.net\/index.php?rest_route=\/wp\/v2\/posts\/441638","targetHints":{"allow":["GET"]}}],"collection":[{"href":"https:\/\/www.diarioimagen.net\/index.php?rest_route=\/wp\/v2\/posts"}],"about":[{"href":"https:\/\/www.diarioimagen.net\/index.php?rest_route=\/wp\/v2\/types\/post"}],"author":[{"embeddable":true,"href":"https:\/\/www.diarioimagen.net\/index.php?rest_route=\/wp\/v2\/users\/3"}],"replies":[{"embeddable":true,"href":"https:\/\/www.diarioimagen.net\/index.php?rest_route=%2Fwp%2Fv2%2Fcomments&post=441638"}],"version-history":[{"count":0,"href":"https:\/\/www.diarioimagen.net\/index.php?rest_route=\/wp\/v2\/posts\/441638\/revisions"}],"wp:featuredmedia":[{"embeddable":true,"href":"https:\/\/www.diarioimagen.net\/index.php?rest_route=\/wp\/v2\/media\/441729"}],"wp:attachment":[{"href":"https:\/\/www.diarioimagen.net\/index.php?rest_route=%2Fwp%2Fv2%2Fmedia&parent=441638"}],"wp:term":[{"taxonomy":"category","embeddable":true,"href":"https:\/\/www.diarioimagen.net\/index.php?rest_route=%2Fwp%2Fv2%2Fcategories&post=441638"},{"taxonomy":"post_tag","embeddable":true,"href":"https:\/\/www.diarioimagen.net\/index.php?rest_route=%2Fwp%2Fv2%2Ftags&post=441638"}],"curies":[{"name":"wp","href":"https:\/\/api.w.org\/{rel}","templated":true}]}}