{"id":441643,"date":"2019-09-05T00:06:19","date_gmt":"2019-09-05T05:06:19","guid":{"rendered":"https:\/\/www.diarioimagen.net\/?p=441643"},"modified":"2019-09-05T05:27:26","modified_gmt":"2019-09-05T10:27:26","slug":"tlalnepantla-y-gobierno-estatal-firman-convenio-de-ordenamiento-ecologico","status":"publish","type":"post","link":"https:\/\/www.diarioimagen.net\/?p=441643","title":{"rendered":"Tlalnepantla y gobierno estatal firman convenio de ordenamiento ecol\u00f3gico"},"content":{"rendered":"<ul>\n<li><strong><em>Crean pol\u00edticas para preservaci\u00f3n del medio ambiente<\/em><\/strong><\/li>\n<\/ul>\n<p>&nbsp;<\/p>\n<div id=\"attachment_441735\" style=\"width: 470px\" class=\"wp-caption aligncenter\"><a href=\"https:\/\/www.diarioimagen.net\/?attachment_id=441735\" rel=\"attachment wp-att-441735\"><img loading=\"lazy\" decoding=\"async\" aria-describedby=\"caption-attachment-441735\" class=\"size-large wp-image-441735\" src=\"https:\/\/www.diarioimagen.net\/wp-content\/uploads\/2019\/09\/TLALNEPANTLA-5-460x259.jpg\" alt=\"\" width=\"460\" height=\"259\" srcset=\"https:\/\/www.diarioimagen.net\/wp-content\/uploads\/2019\/09\/TLALNEPANTLA-5-460x259.jpg 460w, https:\/\/www.diarioimagen.net\/wp-content\/uploads\/2019\/09\/TLALNEPANTLA-5-240x135.jpg 240w, https:\/\/www.diarioimagen.net\/wp-content\/uploads\/2019\/09\/TLALNEPANTLA-5-235x132.jpg 235w, https:\/\/www.diarioimagen.net\/wp-content\/uploads\/2019\/09\/TLALNEPANTLA-5-202x114.jpg 202w, https:\/\/www.diarioimagen.net\/wp-content\/uploads\/2019\/09\/TLALNEPANTLA-5-350x196.jpg 350w, https:\/\/www.diarioimagen.net\/wp-content\/uploads\/2019\/09\/TLALNEPANTLA-5-220x123.jpg 220w, https:\/\/www.diarioimagen.net\/wp-content\/uploads\/2019\/09\/TLALNEPANTLA-5-237x132.jpg 237w, https:\/\/www.diarioimagen.net\/wp-content\/uploads\/2019\/09\/TLALNEPANTLA-5.jpg 480w\" sizes=\"auto, (max-width: 460px) 100vw, 460px\" \/><\/a><p id=\"caption-attachment-441735\" class=\"wp-caption-text\">El presidente municipal\u00a0 Raciel P\u00e9rez Cruz asegur\u00f3 que todos los d\u00edas se trabaja para hacer del municipio una ciudad segura, incluyente y sustentable.<\/p><\/div>\n<p>&nbsp;<\/p>\n<p><strong>Tlalnepantla, Estado de M\u00e9xico<\/strong>.- Los gobiernos de Tlalnepantla y del Estado de M\u00e9xico firmaron un convenio de ordenamiento ecol\u00f3gico, cuyo prop\u00f3sito es crear pol\u00edticas p\u00fablicas para proteger el medio ambiente, de acuerdo con los 17 objetivos de desarrollo sustentable de la Agenda 2030 de la Organizaci\u00f3n de Naciones Unidas (ONU).<\/p>\n<p>En el marco de la firma del \u2018Convenio de Coordinaci\u00f3n para la Formulaci\u00f3n, Expedici\u00f3n, Ejecuci\u00f3n, Evaluaci\u00f3n y Modificaci\u00f3n del Programa de Ordenamiento Ecol\u00f3gico Local\u2019, el presidente municipal,\u00a0 Raciel P\u00e9rez Cruz, asegur\u00f3 que todos los d\u00edas se trabaja para hacer del municipio una ciudad segura, incluyente y sustentable, \u201cuna ciudad donde se genere crecimiento econ\u00f3mico y se preserve el medio ambiente\u201d.<\/p>\n<p>Puntualiz\u00f3 que este convenio es trascendente, ya que permitir\u00e1 que en poco tiempo se regule y d\u00e9 certidumbre a las acciones de protecci\u00f3n ambiental alineadas con los objetivos de la agenda 2030, siendo Tlalnepantla uno de los 25 municipios que se suman a esta iniciativa de proteger el planeta y el medio ambiente.<\/p>\n<p>El secretario del Medio Ambiente, Jorge Rescala P\u00e9rez, indic\u00f3 que mediante este convenio se modificar\u00e1 el programa de Ordenamiento Ecol\u00f3gico del territorio del Estado de M\u00e9xico, que desde hace 13 a\u00f1os no era revisado y actualizado, como lo establece la normatividad, en consecuencia no contempla las actuales necesidades y retos de los municipios.<\/p>\n<p>Se\u00f1al\u00f3 que con la implementaci\u00f3n de esta pol\u00edtica ambiental, se podr\u00e1n aplicar acciones tendientes a mejorar la calidad del aire, el manejo integral de residuos l\u00edquidos y s\u00f3lidos, adem\u00e1s de un crecimiento urbano ordenado.<\/p>\n","protected":false},"excerpt":{"rendered":"<p>Los gobiernos de Tlalnepantla y del Estado de M\u00e9xico firmaron un convenio de ordenamiento ecol\u00f3gico, cuyo prop\u00f3sito es crear pol\u00edticas p\u00fablicas para proteger el medio ambiente, de acuerdo con los 17 objetivos de desarrollo sustentable de la Agenda 2030 de la Organizaci\u00f3n de Naciones Unidas (ONU).\u00a0<\/p>\n","protected":false},"author":3,"featured_media":441735,"comment_status":"open","ping_status":"open","sticky":false,"template":"","format":"standard","meta":{"_monsterinsights_skip_tracking":false,"_monsterinsights_sitenote_active":false,"_monsterinsights_sitenote_note":"","_monsterinsights_sitenote_category":0,"footnotes":""},"categories":[5],"tags":[76706,43675,87648,87649,169],"class_list":["post-441643","post","type-post","status-publish","format-standard","has-post-thumbnail","hentry","category-estado-de-mexico","tag-ecologico","tag-estado-de-mexico","tag-firman","tag-ordenamiento","tag-tlalnepantla"],"_links":{"self":[{"href":"https:\/\/www.diarioimagen.net\/index.php?rest_route=\/wp\/v2\/posts\/441643","targetHints":{"allow":["GET"]}}],"collection":[{"href":"https:\/\/www.diarioimagen.net\/index.php?rest_route=\/wp\/v2\/posts"}],"about":[{"href":"https:\/\/www.diarioimagen.net\/index.php?rest_route=\/wp\/v2\/types\/post"}],"author":[{"embeddable":true,"href":"https:\/\/www.diarioimagen.net\/index.php?rest_route=\/wp\/v2\/users\/3"}],"replies":[{"embeddable":true,"href":"https:\/\/www.diarioimagen.net\/index.php?rest_route=%2Fwp%2Fv2%2Fcomments&post=441643"}],"version-history":[{"count":0,"href":"https:\/\/www.diarioimagen.net\/index.php?rest_route=\/wp\/v2\/posts\/441643\/revisions"}],"wp:featuredmedia":[{"embeddable":true,"href":"https:\/\/www.diarioimagen.net\/index.php?rest_route=\/wp\/v2\/media\/441735"}],"wp:attachment":[{"href":"https:\/\/www.diarioimagen.net\/index.php?rest_route=%2Fwp%2Fv2%2Fmedia&parent=441643"}],"wp:term":[{"taxonomy":"category","embeddable":true,"href":"https:\/\/www.diarioimagen.net\/index.php?rest_route=%2Fwp%2Fv2%2Fcategories&post=441643"},{"taxonomy":"post_tag","embeddable":true,"href":"https:\/\/www.diarioimagen.net\/index.php?rest_route=%2Fwp%2Fv2%2Ftags&post=441643"}],"curies":[{"name":"wp","href":"https:\/\/api.w.org\/{rel}","templated":true}]}}