{"id":441698,"date":"2019-09-05T00:12:01","date_gmt":"2019-09-05T05:12:01","guid":{"rendered":"https:\/\/www.diarioimagen.net\/?p=441698"},"modified":"2019-09-05T05:12:50","modified_gmt":"2019-09-05T10:12:50","slug":"los-diputados-de-morena-no-avalan-a-su-coordinador","status":"publish","type":"post","link":"https:\/\/www.diarioimagen.net\/?p=441698","title":{"rendered":"Los diputados de Morena  no avalan a su coordinador"},"content":{"rendered":"<h2>Tras la puerta del poder<\/h2>\n<h5>Roberto Vizca\u00edno<\/h5>\n<p>&nbsp;<\/p>\n<div id=\"attachment_441708\" style=\"width: 470px\" class=\"wp-caption aligncenter\"><a href=\"https:\/\/www.diarioimagen.net\/?attachment_id=441708\" rel=\"attachment wp-att-441708\"><img loading=\"lazy\" decoding=\"async\" aria-describedby=\"caption-attachment-441708\" class=\"size-large wp-image-441708\" src=\"https:\/\/www.diarioimagen.net\/wp-content\/uploads\/2019\/09\/de-lejano-alcance-LUIS-XAVIER-460x353.jpg\" alt=\"\" width=\"460\" height=\"353\" srcset=\"https:\/\/www.diarioimagen.net\/wp-content\/uploads\/2019\/09\/de-lejano-alcance-LUIS-XAVIER-460x353.jpg 460w, https:\/\/www.diarioimagen.net\/wp-content\/uploads\/2019\/09\/de-lejano-alcance-LUIS-XAVIER-240x184.jpg 240w, https:\/\/www.diarioimagen.net\/wp-content\/uploads\/2019\/09\/de-lejano-alcance-LUIS-XAVIER-768x589.jpg 768w, https:\/\/www.diarioimagen.net\/wp-content\/uploads\/2019\/09\/de-lejano-alcance-LUIS-XAVIER.jpg 1200w\" sizes=\"auto, (max-width: 460px) 100vw, 460px\" \/><\/a><p id=\"caption-attachment-441708\" class=\"wp-caption-text\">De lejano alcance&#8230; | Luis Xavier<\/p><\/div>\n<p>&nbsp;<\/p>\n<p>Simplemente van por caminos diferentes. Eso es lo que dicen los hechos respecto a la coordinaci\u00f3n de <strong>Mario Delgado<\/strong> dentro de la bancada de Morena en San L\u00e1zaro y su mayor\u00eda legislativa.<\/p>\n<p>Ayer, por tercera ocasi\u00f3n, <strong>Mario Delgado<\/strong> volvi\u00f3 a perder capacidad de negociaci\u00f3n y credibilidad como coordinador de la mayor\u00eda de Morena en San L\u00e1zaro, cuando casi todos los diputados de Morena \u00a0-unos 260- votaron en bloque para evitar que un o una panista sucediera a <strong>Porfirio Mu\u00f1oz Ledo<\/strong> en la presidencia de San L\u00e1zaro.<\/p>\n<p><strong>Delgado<\/strong>, quien es tambi\u00e9n presidente de la Junta de Coordinaci\u00f3n Pol\u00edtica, hab\u00eda acordado previamente con el coordinador del PAN, y los de otras bancadas, para sacar adelante la planilla con una panista como presidenta que luego deber\u00e1 ser votada por el Pleno<\/p>\n<p>Pero a la hora de la votaci\u00f3n de ayer, 266 primero y 272 despu\u00e9s votaron en contra.<\/p>\n<p>Morena tiene 260 diputados. Eso significa que la mayor\u00eda de ellos no apoy\u00f3 lo que negoci\u00f3 y acord\u00f3 su coordinador <strong>Mario Delgado<\/strong>.<\/p>\n<p>Delgado comenz\u00f3 a naufragar desde 10 d\u00edas antes de que terminara agosto, cuando declar\u00f3 a los medios que <strong>Porfirio Mu\u00f1oz Ledo<\/strong> de Morena, entregar\u00eda la presidencia de la C\u00e1mara a un panista el primero de septiembre.<\/p>\n<p>Apenas lo dijo, y un grupo contrario encabezado por <strong>Dolores Padierna<\/strong> sali\u00f3 a decir que no, que los equilibrios hab\u00edan cambiado y que se quedaba <strong>Porfirio Mu\u00f1oz Ledo<\/strong> hasta el final de la Legislatura en 2021.<\/p>\n<p>Desde inicios de agosto, en una de las sesiones de la Comisi\u00f3n Permanente, <strong>Padierna<\/strong> present\u00f3 una iniciativa para garantizar que Morena presidiera la C\u00e1mara de Diputados hasta fines de 2021.<\/p>\n<p>El asunto amenazaba desde entonces en convertirse en una fuerte confrontaci\u00f3n entre los grupos parlamentarios y en un tema de descr\u00e9dito nacional e internacional para Morena y de refil\u00f3n para el presidente <strong>Andr\u00e9s Manuel L\u00f3pez Obrador<\/strong>.<\/p>\n<p>Desde que Padierna present\u00f3 su iniciativa y luego cuando la mayor\u00eda de sus diputados intent\u00f3 agandallarse la presidencia de San L\u00e1zaro utilizando a <strong>Porfirio Mu\u00f1oz Ledo<\/strong> como ariete del golpe, analistas, pol\u00edticos, oposici\u00f3n e intelectuales y columnistas advirtieron que Morena no sabe respetar leyes ni instituciones.<\/p>\n<p>La iniciativa de Padierna para el agandalle formal de la presidencia de la C\u00e1mara de Diputados comenz\u00f3 a ser nombrada como \u201c<strong><em>Ley Porfirio<\/em><\/strong>\u201d.<\/p>\n<p>Y toda la oposici\u00f3n se le fue encima a <strong>Mu\u00f1oz Ledo<\/strong> quien termin\u00f3 por declarar el martes que ya no buscar\u00eda su reelecci\u00f3n.<\/p>\n<p>El martes la sesi\u00f3n fue un desfile de legisladores de la oposici\u00f3n para las injurias y descalificaciones para Morena y <strong>Mu\u00f1oz Ledo<\/strong>.<\/p>\n<p>Al final <strong>Porfirio<\/strong> renunci\u00f3 a su reelecci\u00f3n y declar\u00f3 un receso que se levant\u00f3 ayer para continuar con la discusi\u00f3n de una iniciativa, ya modificada, que se aprob\u00f3 pero para entrar en vigencia a partir de 2021.<\/p>\n<p>Una vez aprobada la iniciativa, el pleno entr\u00f3 en la elecci\u00f3n de la mesa directiva.<\/p>\n<p>La planilla para la designaci\u00f3n del nuevo presidente fue encabezada por la panista <strong>Laura Ang\u00e9lica Rojas<\/strong>, quien fue rechazada con 163 votos a favor, 276 en contra y dos abstenciones.<\/p>\n<p>En las vicepresidencias estar\u00edan <strong>Dolores Padierna<\/strong>, de Morena; <strong>Ricardo Villarreal<\/strong>, del PAN, y <strong>Dulce Mar\u00eda Sauri<\/strong>, del PRI.<\/p>\n<p>En tanto, como secretarios fueron nominados <strong>Karla Yuritzi Almaz\u00e1n<\/strong>, de Morena; <strong>Karen Michel Gonz\u00e1lez<\/strong>, del PAN; <strong>Sara Rocha<\/strong>, del PRI; <strong>H\u00e9ctor Ren\u00e9 Cruz<\/strong>, del PES; <strong>Maribel Mart\u00ednez<\/strong>, PT; <strong>Julieta Mac\u00edas<\/strong>, MC; <strong>M\u00f3nica Bautista<\/strong>, PRD, y <strong>Jes\u00fas Carlos Vidal<\/strong>, del PVEM.<\/p>\n<p>Una hora despu\u00e9s la Junta de Coordinaci\u00f3n Pol\u00edtica volvi\u00f3 a presentar la misma planilla con el mismo resultado.<\/p>\n<p>Mu\u00f1oz Ledo, quien continu\u00f3 al frente de la C\u00e1mara, decret\u00f3 un receso que se levantar\u00e1 hoy a las 11 para volver a presentar otra planilla.<\/p>\n<p>Si las cosas no cambian, como parece que no cambiar\u00e1n, entonces hoy volveremos a ver que la mayor\u00eda de Morena votar\u00e1 de nuevo contra lo que acuerde su coordinador.<\/p>\n<p style=\"text-align: center;\"><strong>Ahora Monreal va tras de Battres<\/strong><\/p>\n<p>Cuando ya todo lo de las oscuras obsesiones de <strong>Mart\u00ed Batres<\/strong> por reelegirse parec\u00eda superado, <strong>Ricardo Monreal<\/strong> irrumpi\u00f3 de lleno en el palenque de Morena y le exigi\u00f3 al diputado <strong>H\u00e9ctor D\u00edaz Polanco<\/strong>, presidente de la Comisi\u00f3n Nacional de Honor y Justicia, declarar improcedente su exigencia de reponer el proceso de selecci\u00f3n de candidata a la presidencia del Senado.<\/p>\n<p>Ello ser\u00eda declarar que la queja hecha por <strong>Batres<\/strong> simple y llanamente no ten\u00eda base.<\/p>\n<p>En su carta <strong>Monreal<\/strong> recuerda que la reuni\u00f3n del 19 de agosto, donde se desech\u00f3 por 33 vs 29 votos la reelecci\u00f3n de <strong>Batres,<\/strong> y luego se postul\u00f3 por unanimidad a la senadora tabasque\u00f1a <strong>M\u00f3nica Fern\u00e1ndez<\/strong>, se realiz\u00f3 a petici\u00f3n de los integrantes del Grupo Parlamentario.<\/p>\n<p>Y s\u00f3lo \u201ctuvo la finalidad de realizar consensos sobre la propuesta del senador o senadora que apoyar\u00edamos para presidir el \u00f3rgano del Estado\u201d, se\u00f1ala el zacatecano.<\/p>\n<p>La exigencia de <strong>Monreal<\/strong> a <strong>D\u00edaz Polanco<\/strong> se basa en el fallo de la Sala Superior del Tribunal Electoral que determin\u00f3 que lo hecho por los senadores de Morena simplemente no tuvo relaci\u00f3n con actos del partido.<\/p>\n<p>Por lo tanto la Comisi\u00f3n de Honestidad y Justicia <strong><em>no tiene materia<\/em><\/strong> para declarar ni pedir nada al respecto.<\/p>\n<p>El Tribunal, afirma <strong>Monreal<\/strong>, dej\u00f3 en claro que \u00e9l como coordinador de los senadores de Morena no cometi\u00f3 infracci\u00f3n a los estatutos y principios de Morena, ya que como militante ha actuado en apego a los postulados del partido en todo momento.<\/p>\n<p>La Comisi\u00f3n carece de competencia para iniciar un procedimiento basado en hechos que est\u00e1n protegidos por el principio de inviolabilidad parlamentaria, subraya <strong>Monreal<\/strong>, por si <strong>D\u00edaz Polanco<\/strong> no lo hubiera entendido.<\/p>\n<p>\u201cEn el caso imputado, participo como senador de la Rep\u00fablica al estar relacionado con el dialogo y consenso con la propuesta de integraci\u00f3n de un \u00f3rgano del Estado y no con mi car\u00e1cter de militante, ya que en la reuni\u00f3n no se toc\u00f3 un tema relacionado con el partido, como ya lo determin\u00f3 la Sala Superior, la actuaci\u00f3n o el hecho est\u00e1 amparado por la inviolabilidad parlamentaria\u201d, argumenta el senador.<\/p>\n<p>En s\u00edntesis: <strong>Monreal<\/strong> le exige se retracte p\u00fablicamente de haber pedido reponer el procedimiento como lo demand\u00f3 <strong>Batres<\/strong>.<\/p>\n<p>Eso dejar\u00eda sin fundamento las constantes declaraciones de <strong>Batres <\/strong>quien afirma que la declaratoria de la mencionada Comisi\u00f3n es la base de un supuesto triunfo moral para \u00e9l.<\/p>\n<p>No pos s\u00ed\u2026<\/p>\n<p style=\"text-align: center;\"><strong>Privilegiar el di\u00e1logo, el compromiso<\/strong><\/p>\n<p><strong>M\u00f3nica Fern\u00e1ndez<\/strong>, la nueva presidenta del Senado, coment\u00f3 ayer mismo que va a marcar distancia de su antecesor Mart\u00ed Batres al refrendar el compromiso del Senado son el di\u00e1logo y la construcci\u00f3n de acuerdos y consensos, como ejes esenciales para sacar adelante las reformas que requiere el pa\u00eds.<\/p>\n<p>En especial, dijo, estas herramientas se utilizar\u00e1n para avanzar en la reforma a fondo del Poder Judicial.<\/p>\n<p>Es necesario, agreg\u00f3, \u201cbuscar los caminos para mejorar\u201d a este poder del Estado, \u201crespetando los contrapesos\u201d y la autonom\u00eda, y con el objetivo de hacerlo m\u00e1s transparente, fuerte y cercano a la ciudadan\u00eda.<\/p>\n<p><em><a href=\"mailto:rvizcainoa@gmail.com\" target=\"_blank\" rel=\"noopener noreferrer\">rvizcainoa@gmail.com<\/a><br \/>\n<u><a href=\"http:\/\/endirecto.mx\" target=\"_blank\" rel=\"noopener noreferrer\">www.endirecto.mx<\/a><br \/>\n<a href=\"https:\/\/twitter.com\/_rvizcaino\" target=\"_blank\" rel=\"noopener noreferrer\">@_RVizcaino<\/a><br \/>\n<a href=\"https:\/\/www.facebook.com\/rvizcainoa\" target=\"_blank\" rel=\"noopener noreferrer\">facebook.com\/rvizcainoa<\/a><\/u><\/em><\/p>\n","protected":false},"excerpt":{"rendered":"<p><span style=\"color: #005497;\"><strong>Roberto Vizca\u00edno<\/strong><\/span><br \/>\n<br \/>\nSimplemente van por caminos diferentes. Eso es lo que dicen los hechos respecto a la coordinaci\u00f3n de <strong>Mario Delgado<\/strong> dentro de la bancada de Morena en San L\u00e1zaro y su mayor\u00eda legislativa.<\/p>\n","protected":false},"author":3,"featured_media":441708,"comment_status":"open","ping_status":"open","sticky":false,"template":"","format":"standard","meta":{"_monsterinsights_skip_tracking":false,"_monsterinsights_sitenote_active":false,"_monsterinsights_sitenote_note":"","_monsterinsights_sitenote_category":0,"footnotes":""},"categories":[136],"tags":[43674,93,94],"class_list":["post-441698","post","type-post","status-publish","format-standard","has-post-thumbnail","hentry","category-roberto-vizcaino-opinion","tag-opinion","tag-roberto-vizcaino","tag-tras-la-puerta-del-poder"],"_links":{"self":[{"href":"https:\/\/www.diarioimagen.net\/index.php?rest_route=\/wp\/v2\/posts\/441698","targetHints":{"allow":["GET"]}}],"collection":[{"href":"https:\/\/www.diarioimagen.net\/index.php?rest_route=\/wp\/v2\/posts"}],"about":[{"href":"https:\/\/www.diarioimagen.net\/index.php?rest_route=\/wp\/v2\/types\/post"}],"author":[{"embeddable":true,"href":"https:\/\/www.diarioimagen.net\/index.php?rest_route=\/wp\/v2\/users\/3"}],"replies":[{"embeddable":true,"href":"https:\/\/www.diarioimagen.net\/index.php?rest_route=%2Fwp%2Fv2%2Fcomments&post=441698"}],"version-history":[{"count":0,"href":"https:\/\/www.diarioimagen.net\/index.php?rest_route=\/wp\/v2\/posts\/441698\/revisions"}],"wp:featuredmedia":[{"embeddable":true,"href":"https:\/\/www.diarioimagen.net\/index.php?rest_route=\/wp\/v2\/media\/441708"}],"wp:attachment":[{"href":"https:\/\/www.diarioimagen.net\/index.php?rest_route=%2Fwp%2Fv2%2Fmedia&parent=441698"}],"wp:term":[{"taxonomy":"category","embeddable":true,"href":"https:\/\/www.diarioimagen.net\/index.php?rest_route=%2Fwp%2Fv2%2Fcategories&post=441698"},{"taxonomy":"post_tag","embeddable":true,"href":"https:\/\/www.diarioimagen.net\/index.php?rest_route=%2Fwp%2Fv2%2Ftags&post=441698"}],"curies":[{"name":"wp","href":"https:\/\/api.w.org\/{rel}","templated":true}]}}