{"id":441827,"date":"2019-09-06T00:09:35","date_gmt":"2019-09-06T05:09:35","guid":{"rendered":"https:\/\/www.diarioimagen.net\/?p=441827"},"modified":"2019-09-06T02:36:27","modified_gmt":"2019-09-06T07:36:27","slug":"uaem-abona-al-bienestar-humano-y-a-la-sustentabilidad-del-planeta","status":"publish","type":"post","link":"https:\/\/www.diarioimagen.net\/?p=441827","title":{"rendered":"UAEM abona al bienestar humano y a la sustentabilidad del planeta"},"content":{"rendered":"<ul>\n<li><em><strong>La sociedad necesita un mayor esfuerzo de la comunidad acad\u00e9mica<\/strong><\/em><\/li>\n<li><em><strong>Primer informe anual de actividades del director de la Facultad de Lenguas<\/strong><\/em><\/li>\n<\/ul>\n<p>&nbsp;<\/p>\n<div id=\"attachment_441887\" style=\"width: 470px\" class=\"wp-caption aligncenter\"><a href=\"https:\/\/www.diarioimagen.net\/?attachment_id=441887\" rel=\"attachment wp-att-441887\"><img loading=\"lazy\" decoding=\"async\" aria-describedby=\"caption-attachment-441887\" class=\"size-large wp-image-441887\" src=\"https:\/\/www.diarioimagen.net\/wp-content\/uploads\/2019\/09\/UAEM-460x259.jpg\" alt=\"\" width=\"460\" height=\"259\" srcset=\"https:\/\/www.diarioimagen.net\/wp-content\/uploads\/2019\/09\/UAEM-460x259.jpg 460w, https:\/\/www.diarioimagen.net\/wp-content\/uploads\/2019\/09\/UAEM-240x135.jpg 240w, https:\/\/www.diarioimagen.net\/wp-content\/uploads\/2019\/09\/UAEM-235x132.jpg 235w, https:\/\/www.diarioimagen.net\/wp-content\/uploads\/2019\/09\/UAEM-202x114.jpg 202w, https:\/\/www.diarioimagen.net\/wp-content\/uploads\/2019\/09\/UAEM-350x196.jpg 350w, https:\/\/www.diarioimagen.net\/wp-content\/uploads\/2019\/09\/UAEM-220x123.jpg 220w, https:\/\/www.diarioimagen.net\/wp-content\/uploads\/2019\/09\/UAEM-237x132.jpg 237w, https:\/\/www.diarioimagen.net\/wp-content\/uploads\/2019\/09\/UAEM.jpg 480w\" sizes=\"auto, (max-width: 460px) 100vw, 460px\" \/><\/a><p id=\"caption-attachment-441887\" class=\"wp-caption-text\">El rector Alfredo Barrera Baca presidi\u00f3 el primer informe anual de actividades del director de la Facultad de Lenguas de la UAEM, Jos\u00e9 Alfredo S\u00e1nchez Guadarrama.<\/p><\/div>\n<p>&nbsp;<\/p>\n<p><strong>Toluca, Estado de M\u00e9xico<\/strong>.- Con base en la mutua comprensi\u00f3n, la tolerancia y el gusto por aprender de los otros, la comunidad de la Universidad Aut\u00f3noma del Estado de M\u00e9xico abona al bienestar humano y la sustentabilidad del planeta, sostuvo el rector Alfredo Barrera Baca, al presidir el primer informe anual de actividades del director de la Facultad de Lenguas, Jos\u00e9 Alfredo S\u00e1nchez Guadarrama.<\/p>\n<p>Este espacio universitario, destac\u00f3, resuelve la necesidad social de formar profesores, int\u00e9rpretes y traductores capaces de dise\u00f1ar cursos y materiales did\u00e1cticos, evaluar el aprendizaje, as\u00ed como renovar y adaptar las t\u00e9cnicas did\u00e1cticas a los cambios de la tecnolog\u00eda.<\/p>\n<p>Mostrar buenos resultados acad\u00e9micos, culturales y de extensi\u00f3n, afirm\u00f3 Barrera Baca, es \u201cuna forma de rendir cuentas a las familias de los estudiantes, a los contribuyentes de la hacienda p\u00fablica y al estado, que son, finalmente, quienes sostienen a nuestra casa de estudios\u201d.<\/p>\n<p>Al dirigirse a S\u00e1nchez Guadarrama, asever\u00f3 que la sociedad necesita un mayor esfuerzo de esta comunidad acad\u00e9mica para contribuir al prestigio de la instituci\u00f3n con profesores de una segunda o tercera lengua, con traductores e int\u00e9rpretes y estudiosos de la ling\u00fc\u00edstica aplicada.<\/p>\n<p>El director de este espacio acad\u00e9mico resalt\u00f3 que 100 por ciento de la matr\u00edcula de licenciatura est\u00e1 inscrita en programas de calidad; adem\u00e1s, la Maestr\u00eda en Ling\u00fc\u00edstica Aplicada se encuentra en el Programa Nacional de Posgrados de Calidad del Consejo Nacional de Ciencia y Tecnolog\u00eda.<\/p>\n<p>Del mismo modo, precis\u00f3 que 33 alumnos participaron en el programa de movilidad internacional a pa\u00edses como Rep\u00fablica Checa, Francia, Espa\u00f1a y Polonia, entre otros; asimismo, 40 estudiantes realizaron estancias cortas internacionales en Canad\u00e1 y Reino Unido.<\/p>\n<p>Adem\u00e1s, expres\u00f3 Alfredo S\u00e1nchez, tres j\u00f3venes de la Licenciatura en Lenguas realizaron movilidad nacional a las universidades aut\u00f3nomas de Quintana Roo, Baja California y Quer\u00e9taro.<\/p>\n","protected":false},"excerpt":{"rendered":"<p>Con base en la mutua comprensi\u00f3n, la tolerancia y el gusto por aprender de los otros, la comunidad de la Universidad Aut\u00f3noma del Estado de M\u00e9xico abona al bienestar humano y la sustentabilidad del planeta, sostuvo el rector Alfredo Barrera Baca, al presidir el primer informe anual de actividades del director de la Facultad de Lenguas, Jos\u00e9 Alfredo S\u00e1nchez Guadarrama.<\/p>\n","protected":false},"author":3,"featured_media":441887,"comment_status":"open","ping_status":"open","sticky":false,"template":"","format":"standard","meta":{"_monsterinsights_skip_tracking":false,"_monsterinsights_sitenote_active":false,"_monsterinsights_sitenote_note":"","_monsterinsights_sitenote_category":0,"footnotes":""},"categories":[5],"tags":[38068,43675,20857,87661,452,1491],"class_list":["post-441827","post","type-post","status-publish","format-standard","has-post-thumbnail","hentry","category-estado-de-mexico","tag-bienestar","tag-estado-de-mexico","tag-humano","tag-planeta","tag-toluca","tag-uaem"],"_links":{"self":[{"href":"https:\/\/www.diarioimagen.net\/index.php?rest_route=\/wp\/v2\/posts\/441827","targetHints":{"allow":["GET"]}}],"collection":[{"href":"https:\/\/www.diarioimagen.net\/index.php?rest_route=\/wp\/v2\/posts"}],"about":[{"href":"https:\/\/www.diarioimagen.net\/index.php?rest_route=\/wp\/v2\/types\/post"}],"author":[{"embeddable":true,"href":"https:\/\/www.diarioimagen.net\/index.php?rest_route=\/wp\/v2\/users\/3"}],"replies":[{"embeddable":true,"href":"https:\/\/www.diarioimagen.net\/index.php?rest_route=%2Fwp%2Fv2%2Fcomments&post=441827"}],"version-history":[{"count":0,"href":"https:\/\/www.diarioimagen.net\/index.php?rest_route=\/wp\/v2\/posts\/441827\/revisions"}],"wp:featuredmedia":[{"embeddable":true,"href":"https:\/\/www.diarioimagen.net\/index.php?rest_route=\/wp\/v2\/media\/441887"}],"wp:attachment":[{"href":"https:\/\/www.diarioimagen.net\/index.php?rest_route=%2Fwp%2Fv2%2Fmedia&parent=441827"}],"wp:term":[{"taxonomy":"category","embeddable":true,"href":"https:\/\/www.diarioimagen.net\/index.php?rest_route=%2Fwp%2Fv2%2Fcategories&post=441827"},{"taxonomy":"post_tag","embeddable":true,"href":"https:\/\/www.diarioimagen.net\/index.php?rest_route=%2Fwp%2Fv2%2Ftags&post=441827"}],"curies":[{"name":"wp","href":"https:\/\/api.w.org\/{rel}","templated":true}]}}