{"id":441836,"date":"2019-09-06T00:03:16","date_gmt":"2019-09-06T05:03:16","guid":{"rendered":"https:\/\/www.diarioimagen.net\/?p=441836"},"modified":"2019-09-06T02:51:37","modified_gmt":"2019-09-06T07:51:37","slug":"imparte-fgr-curso-de-proteccion-de-defensores-de-derechos-humanos-y-periodistas","status":"publish","type":"post","link":"https:\/\/www.diarioimagen.net\/?p=441836","title":{"rendered":"Imparte FGR curso de protecci\u00f3n de defensores de derechos humanos y periodistas"},"content":{"rendered":"<p><a href=\"https:\/\/www.diarioimagen.net\/?attachment_id=441893\" rel=\"attachment wp-att-441893\"><img loading=\"lazy\" decoding=\"async\" class=\"aligncenter size-large wp-image-441893\" src=\"https:\/\/www.diarioimagen.net\/wp-content\/uploads\/2019\/09\/CUAUTITLAN-6-460x227.jpg\" alt=\"\" width=\"460\" height=\"227\" srcset=\"https:\/\/www.diarioimagen.net\/wp-content\/uploads\/2019\/09\/CUAUTITLAN-6-460x227.jpg 460w, https:\/\/www.diarioimagen.net\/wp-content\/uploads\/2019\/09\/CUAUTITLAN-6-240x118.jpg 240w, https:\/\/www.diarioimagen.net\/wp-content\/uploads\/2019\/09\/CUAUTITLAN-6.jpg 700w\" sizes=\"auto, (max-width: 460px) 100vw, 460px\" \/><\/a><\/p>\n<p>&nbsp;<\/p>\n<p><strong>Cuautitl\u00e1n, Estado de M\u00e9xico.- <\/strong>En Cuautitl\u00e1n se hace necesario que los servidores p\u00fablicos y periodistas est\u00e9n en constante capacitaci\u00f3n en materia de derechos humanos, para poder realizar sus actividades profesionales dentro del marco de sus responsabilidades y atribuciones, destacaron los ponentes del curso de la Fiscal\u00eda General de la Rep\u00fablica (FGR).<\/p>\n<p>Durante el curso de Protecci\u00f3n de Personas Defensoras de Derechos Humanos y Periodistas, impartido a elementos de seguridad p\u00fablica municipal de Cuautitl\u00e1n, empleados y comunicadores, se dieron a conocer los diversos aspectos contemplados en la libertad de expresi\u00f3n y las leyes que se enfocan a esta a . En esta capacitaci\u00f3n con 10 horas de duraci\u00f3n, se expusieron de forma concisa los derechos de las personas, elementos del Sistema Penal Acusatorio y la libertad de expresi\u00f3n, adem\u00e1s de los riesgos que pueden surgir de las actividades propias de la profesi\u00f3n de los servidores p\u00fablicos, as\u00ed como de los periodistas, situaci\u00f3n que se ha\u00a0 agravado en los \u00faltimos meses.<\/p>\n<p>&nbsp;<\/p>\n","protected":false},"excerpt":{"rendered":"<p>En Cuautitl\u00e1n se hace necesario que los servidores p\u00fablicos y periodistas est\u00e9n en constante capacitaci\u00f3n en materia de derechos humanos, para poder realizar sus actividades profesionales dentro del marco de sus responsabilidades y atribuciones, destacaron los ponentes del curso de la Fiscal\u00eda General de la Rep\u00fablica (FGR).<\/p>\n","protected":false},"author":3,"featured_media":441893,"comment_status":"open","ping_status":"open","sticky":false,"template":"","format":"standard","meta":{"_monsterinsights_skip_tracking":false,"_monsterinsights_sitenote_active":false,"_monsterinsights_sitenote_note":"","_monsterinsights_sitenote_category":0,"footnotes":""},"categories":[5],"tags":[681,4340,43675,11870],"class_list":["post-441836","post","type-post","status-publish","format-standard","has-post-thumbnail","hentry","category-estado-de-mexico","tag-cuautitlan","tag-derechos-humanos","tag-estado-de-mexico","tag-periodista"],"_links":{"self":[{"href":"https:\/\/www.diarioimagen.net\/index.php?rest_route=\/wp\/v2\/posts\/441836","targetHints":{"allow":["GET"]}}],"collection":[{"href":"https:\/\/www.diarioimagen.net\/index.php?rest_route=\/wp\/v2\/posts"}],"about":[{"href":"https:\/\/www.diarioimagen.net\/index.php?rest_route=\/wp\/v2\/types\/post"}],"author":[{"embeddable":true,"href":"https:\/\/www.diarioimagen.net\/index.php?rest_route=\/wp\/v2\/users\/3"}],"replies":[{"embeddable":true,"href":"https:\/\/www.diarioimagen.net\/index.php?rest_route=%2Fwp%2Fv2%2Fcomments&post=441836"}],"version-history":[{"count":0,"href":"https:\/\/www.diarioimagen.net\/index.php?rest_route=\/wp\/v2\/posts\/441836\/revisions"}],"wp:featuredmedia":[{"embeddable":true,"href":"https:\/\/www.diarioimagen.net\/index.php?rest_route=\/wp\/v2\/media\/441893"}],"wp:attachment":[{"href":"https:\/\/www.diarioimagen.net\/index.php?rest_route=%2Fwp%2Fv2%2Fmedia&parent=441836"}],"wp:term":[{"taxonomy":"category","embeddable":true,"href":"https:\/\/www.diarioimagen.net\/index.php?rest_route=%2Fwp%2Fv2%2Fcategories&post=441836"},{"taxonomy":"post_tag","embeddable":true,"href":"https:\/\/www.diarioimagen.net\/index.php?rest_route=%2Fwp%2Fv2%2Ftags&post=441836"}],"curies":[{"name":"wp","href":"https:\/\/api.w.org\/{rel}","templated":true}]}}