{"id":441920,"date":"2019-09-09T00:01:04","date_gmt":"2019-09-09T05:01:04","guid":{"rendered":"https:\/\/www.diarioimagen.net\/?p=441920"},"modified":"2019-09-09T02:10:36","modified_gmt":"2019-09-09T07:10:36","slug":"stopover-hola-madrid-propuesta-de-iberia-para-que-los-mexicanos-se-queden-y-disfruten-la-capital-de-la-peninsula","status":"publish","type":"post","link":"https:\/\/www.diarioimagen.net\/?p=441920","title":{"rendered":"<em>Stopover Hola Madrid<\/em>, propuesta de Iberia para que los mexicanos se queden y disfruten la capital de la pen\u00ednsula"},"content":{"rendered":"<h2>De cinco estrellas<\/h2>\n<h5>Victoria Gonz\u00e1lez Prado<\/h5>\n<p>&nbsp;<\/p>\n<ul>\n<li><strong><em>\u201cExperiencias Gastron\u00f3micas\u201d con el chef Guy Santoro, quien present\u00f3 distintos men\u00fas relacionados al trigo-pan<\/em><\/strong><\/li>\n<li><strong><em>Con inversi\u00f3n de 6 millones de d\u00f3lares inici\u00f3 la construcci\u00f3n de <\/em>Wyndham Hotels &amp; Resorts<em> en Cartagena, Colombia<\/em><\/strong><\/li>\n<\/ul>\n<p>&nbsp;<\/p>\n<div id=\"attachment_441996\" style=\"width: 470px\" class=\"wp-caption aligncenter\"><a href=\"https:\/\/www.diarioimagen.net\/?attachment_id=441996\" rel=\"attachment wp-att-441996\"><img loading=\"lazy\" decoding=\"async\" aria-describedby=\"caption-attachment-441996\" class=\"size-large wp-image-441996\" src=\"https:\/\/www.diarioimagen.net\/wp-content\/uploads\/2019\/09\/turismo-2-460x344.jpg\" alt=\"\" width=\"460\" height=\"344\" srcset=\"https:\/\/www.diarioimagen.net\/wp-content\/uploads\/2019\/09\/turismo-2-460x344.jpg 460w, https:\/\/www.diarioimagen.net\/wp-content\/uploads\/2019\/09\/turismo-2-240x180.jpg 240w, https:\/\/www.diarioimagen.net\/wp-content\/uploads\/2019\/09\/turismo-2.jpg 700w\" sizes=\"auto, (max-width: 460px) 100vw, 460px\" \/><\/a><p id=\"caption-attachment-441996\" class=\"wp-caption-text\">Qu\u00e9date en Madrid y luego sigue el viaje.<\/p><\/div>\n<p>&nbsp;<\/p>\n<p>El Paseo del Arte -El Prado, Thyssen Bornemisza y Reina Sofia-, refrescante cerveza con deliciosa tapa, o tarde de compras son buenas razones para convertir una conexi\u00f3n en el aeropuerto de Madrid, en visita para disfrutar la capital espa\u00f1ola y sus alrededores.<\/p>\n<p>Con el triple objetivo de mejorar atenci\u00f3n al cliente, fortalecer su <em>hub<\/em> de Madrid y potenciar la demanda en las rutas de largo radio, Iberia ha lanzado <em>Stopover Hola Madrid,<\/em> propuesta que incluye parada en Madrid de hasta seis noches y que, adem\u00e1s, re\u00fane a empresas y entidades de todo tipo para ofrecer una atractiva oferta de ocio, gastron\u00f3mica, de compras y cultural que cada cliente puede construir a su medida, en funci\u00f3n de la experiencia que m\u00e1s interese.<\/p>\n<p>Dos destinos al precio de uno y 25 por ciento de descuento en el siguiente <em>Stopover Hola Madrid,<\/em> dirigido a clientes con vuelos operados por la aerol\u00ednea de bandera espa\u00f1ola desde M\u00e9xico, que realicen su conexi\u00f3n en la T4 del aeropuerto de Madrid y contin\u00faen con otro vuelo operado la compa\u00f1\u00eda: <em>Iberia Express <\/em>o <em>Iberia Regional \/Air Nostrum. <\/em><\/p>\n<p>Adem\u00e1s, si durante la estancia en Madrid decides visitar otro destino en Espa\u00f1a, tendr\u00edas descuento del 25 por ciento con el Grupo Iberia. <em>\u00a0<\/em><\/p>\n<p>A esta parada gratis en Madrid, compa\u00f1\u00edas de transporte como Alsa \u2013que realiza distintos <em>tours<\/em> por la ciudad- y <em>Avis<\/em> \u2013alquiler de coches-, han sumado descuentos para quienes utilicen sus servicios.<\/p>\n<p>Los clientes de <em>Stopover Hola Madrid<\/em> tambi\u00e9n tienen precios especiales con <em>Bag On Board<\/em> \u2013gesti\u00f3n y traslado del equipaje, para despreocuparse de las maletas-, y en las tarjetas de telefon\u00eda de <em>Holafly.\u00a0\u00a0 <\/em><\/p>\n<p>Adem\u00e1s, a partir de octubre, la aerol\u00ednea obsequiar\u00e1 a sus clientes <em>Stopover Hola Madrid<\/em>\u00a0 tarjeta para usar el transporte p\u00fablico durante dos d\u00edas.<\/p>\n<p>Adem\u00e1s, a partir de octubre, Iberia obsequiar\u00e1 a sus clientes Stopover Hola Madrid con una tarjeta para usar el transporte p\u00fablico durante dos d\u00edas.<\/p>\n<p>\u2730\u2730\u2730\u2730\u2730 \u00a0\u00bfQu\u00e9 sucede cuando piensas en pan? Tal vez muchos dir\u00e1n: \u201cengorda\u201d, prefieren evitarlo, si no lo ven en la mesa mucho mejor&#8230;, sobran pretextos y lo que realmente no todos saben es que el pan es producto b\u00e1sico en la dieta tradicional de \u201dcasi\u201d todo el mundo.<\/p>\n<p>El pan es fuente de carbohidratos. Brinda energ\u00eda, se utiliz\u00f3 en rituales religiosos y forma parte de tradiciones populares. La palabra pan proviene del lat\u00edn <em>panis<\/em> que significa alimento de masa horneada. Su historia se remonta a m\u00e1s de 30 mil a\u00f1os, seg\u00fan hallazgos arqueol\u00f3gicos de harinas encontrados en Europa.<\/p>\n<p>En M\u00e9xico, la historia del pan est\u00e1 ligada a la conquista. Los espa\u00f1oles trajeron el trigo y el proceso para transformarlo en pan. Las manos de artesanos mexicanos lo convirtieron en parte importante de nuestra dieta. As\u00ed, el pan se integr\u00f3 a la gastronom\u00eda nacional y con el tiempo se integraron distintas variedades que hoy disfrutamos.<\/p>\n<p>Todo esto viene a cuento porque hace un par de semanas se llev\u00f3 a cabo Expo Pan en el <em>World Trade Center<\/em> de la Ciudad de M\u00e9xico y por primera vez se cont\u00f3 con restaurante denominado \u201cExperiencias Gastron\u00f3micas\u201d con el chef <strong>Guy Santoro<\/strong>, quien present\u00f3 distintos men\u00fas relacionados al trigo-pan durante la expo. La experiencia estuvo abierta al p\u00fablico en general y fuimos invitados el primer d\u00eda a degustar el delicioso men\u00fa que prepar\u00f3 el chef franc\u00e9s.<\/p>\n<p>Para empezar: <em>Quiche<\/em> de verduras acompa\u00f1ado vino Casa Madero 2V \u2013<em>Chardonay-Chenin Blanc<\/em>-, seguimos con <em>Saucisson <\/em>en <em>Brioche,<\/em> lechuga romana y vinagreta de c\u00edtricos, que degustamos con 3V \u2013<em>Cabernet Sauvignon, Merlot<\/em> y <em>Tempranillo<\/em>-, con un a\u00f1o en barrica de roble franc\u00e9s y americano. Y, para endulzarnos el paladar: <em>Eclair <\/em>choclate-caf\u00e9 delicioso al paladar.<\/p>\n<p>Cabe destacar que el pasado 19 de agosto, Casa Madero celebr\u00f3 422 a\u00f1os de existencia lo que la convierte en la bodega m\u00e1s antigua del pa\u00eds y de Latinoam\u00e9rica con vinos que han sido reconocidos a nivel internacional.<\/p>\n<p>El chef <strong>Santoro<\/strong> asegur\u00f3 que para \u00e9l crear platillos que llevar\u00e1n pan como base fue algo muy sencillo, y debe ser pues el pan franc\u00e9s es de fama mundial, as\u00ed que logr\u00f3 preparar tres men\u00fas diferentes para quienes visitaron el restaurante.<\/p>\n<p>Es importante destacar que en esta ocasi\u00f3n visitaron ExpoPan 2019, 23 mil 301 personas, sin considerar los reingresos, son visitantes \u00fanicos.<\/p>\n<p>Se cont\u00f3 con 201 stands, 195 expositores de ellos 52 en el ramo de accesorios y utensilios, 36 de maquinaria y equipamiento, cuatro de bebidas y caf\u00e9, 76 materia prima, insumos e ingredientes y 27 en el giro de la educaci\u00f3n, tecnolog\u00eda, uniformes y servicios.<\/p>\n<p>Adem\u00e1s, se impartieron seis cursos con la participaci\u00f3n de 116 personas y, en el restaurante durante los cuatro d\u00edas de servicio con men\u00fas, como ya comentamos, diferentes por d\u00eda se recibieron 247 comensales en total.<\/p>\n<p>\u2730\u2730\u2730\u2730\u2730 Con inversi\u00f3n de 6 millones de d\u00f3lares, inici\u00f3 la construcci\u00f3n de <em>Wyndham Hotels &amp; Resorts, <\/em>luego de colocar la primera piedra en Cartagena, Colombia con la ceremonia conmemorativa de colocaci\u00f3n de la primera piedra. Con 90 habitaciones distribuidas en siete pisos.<\/p>\n<p>Se prev\u00e9 que el inmueble abra a finales del 2020, generando\u00a0 cerca de 300 empleos en fase de construcci\u00f3n y m\u00e1s de 100\u00a0una vez que est\u00e9 operando.<\/p>\n<p>A al colocaci\u00f3n de la primera piedra, en el Parque del Cangrejo Azul,\u00a0frente al terreno donde se construye el hotel, acudieron alrededor de 100 invitados, entre ellos: <strong>Alejandro Moreno<\/strong>, presidente y director general para Latinoam\u00e9rica y el Caribe de <em>Wyndham Hotels &amp; Resorts<\/em>; <strong>Carolina Pinheiro<\/strong>, vicepresidenta; <strong>Luis Fernando Estefan<\/strong>, director de Desarrollo para Latinoam\u00e9rica, y\u00a0<strong>Hernando Osorio Giammaria<\/strong>, representante legal de Promotora Cibeles S.A.S., compa\u00f1\u00eda propietaria del\u00a0proyecto,\u00a0adem\u00e1s de autoridades pol\u00edticas y de turismo, empresarios del sector, agentes de viaje, periodistas y miembros de la comunidad cartagenera.<\/p>\n<p>Ofrecer\u00e1 90 habitaciones distribuidas en 14 pisos, incluyendo una piscina y un gimnasio ubicado en el \u00faltimo nivel,\u00a0con una vista incre\u00edble del mar y hacia la \u201cCiudad Amurallada\u201d.<\/p>\n<p>La propiedad\u00a0tambi\u00e9n ofrecer\u00e1 un restaurante en el primer nivel y un bar en la piscina. Adem\u00e1s, contar\u00e1 con cuatro salas de reuniones y eventos, un minimarket y estacionamiento complementario.<\/p>\n<p>Wyndham Garden Cartagena se ubicar\u00e1 a s\u00f3lo cuatro minutos del Aeropuerto Internacional Rafael N\u00fa\u00f1ez y a siete\u00a0del Centro Hist\u00f3rico, donde los hu\u00e9spedes pueden descubrir atracciones tur\u00edsticas como: restaurantes, bares y discotecas, museos, iglesias y boutiques. Los hu\u00e9spedes\u00a0pueden acceder f\u00e1cilmente al Centro de Convenciones y a la zona tur\u00edstica de Bocagrande, con centros comerciales y playas.<\/p>\n<p>Cartagena de Indias, es conocida como \u201cLa Heroica\u201d, ciudad con joyas coloniales, murallas y angostos caminos de piedra que dan vida a la historia, junto con la brisa y c\u00e1lidas aguas del mar Caribe.<\/p>\n<p>El hotel ofrecer\u00e1 los beneficios del premiado programa de lealtad <em>Wyndham Rewards<\/em>, el m\u00e1s revolucionario y f\u00e1cil de utilizar,\u00a0que ofrece a m\u00e1s de 77 millones de miembros generosa estructura de puntos y la posibilidad de canje por noches gratis.<\/p>\n<p><span class=\"Apple-converted-space\"><em><a href=\"mailto:victoriagprado@gmail.com\" target=\"_blank\" rel=\"noopener noreferrer\">victoriagprado@gmail.com<\/a><\/em><br \/>\n<em>Twitter: <a href=\"https:\/\/twitter.com\/victoriagprado\" target=\"_blank\" rel=\"noopener noreferrer\">@victoriagprado<\/a><\/em><\/span><\/p>\n","protected":false},"excerpt":{"rendered":"<p>El Paseo del Arte -El Prado, Thyssen Bornemisza y Reina Sofia-, refrescante cerveza con deliciosa tapa, o tarde de compras son buenas razones para convertir una conexi\u00f3n en el aeropuerto de Madrid, en visita para disfrutar la capital espa\u00f1ola y sus alrededores.<\/p>\n","protected":false},"author":3,"featured_media":441996,"comment_status":"open","ping_status":"open","sticky":false,"template":"","format":"standard","meta":{"_monsterinsights_skip_tracking":false,"_monsterinsights_sitenote_active":false,"_monsterinsights_sitenote_note":"","_monsterinsights_sitenote_category":0,"footnotes":""},"categories":[11],"tags":[107,43674,43681,106],"class_list":["post-441920","post","type-post","status-publish","format-standard","has-post-thumbnail","hentry","category-turismo","tag-de-cinco-estrellas","tag-opinion","tag-turismo","tag-victoria-gonzalez-prado"],"_links":{"self":[{"href":"https:\/\/www.diarioimagen.net\/index.php?rest_route=\/wp\/v2\/posts\/441920","targetHints":{"allow":["GET"]}}],"collection":[{"href":"https:\/\/www.diarioimagen.net\/index.php?rest_route=\/wp\/v2\/posts"}],"about":[{"href":"https:\/\/www.diarioimagen.net\/index.php?rest_route=\/wp\/v2\/types\/post"}],"author":[{"embeddable":true,"href":"https:\/\/www.diarioimagen.net\/index.php?rest_route=\/wp\/v2\/users\/3"}],"replies":[{"embeddable":true,"href":"https:\/\/www.diarioimagen.net\/index.php?rest_route=%2Fwp%2Fv2%2Fcomments&post=441920"}],"version-history":[{"count":0,"href":"https:\/\/www.diarioimagen.net\/index.php?rest_route=\/wp\/v2\/posts\/441920\/revisions"}],"wp:featuredmedia":[{"embeddable":true,"href":"https:\/\/www.diarioimagen.net\/index.php?rest_route=\/wp\/v2\/media\/441996"}],"wp:attachment":[{"href":"https:\/\/www.diarioimagen.net\/index.php?rest_route=%2Fwp%2Fv2%2Fmedia&parent=441920"}],"wp:term":[{"taxonomy":"category","embeddable":true,"href":"https:\/\/www.diarioimagen.net\/index.php?rest_route=%2Fwp%2Fv2%2Fcategories&post=441920"},{"taxonomy":"post_tag","embeddable":true,"href":"https:\/\/www.diarioimagen.net\/index.php?rest_route=%2Fwp%2Fv2%2Ftags&post=441920"}],"curies":[{"name":"wp","href":"https:\/\/api.w.org\/{rel}","templated":true}]}}