{"id":441925,"date":"2019-09-09T00:08:15","date_gmt":"2019-09-09T05:08:15","guid":{"rendered":"https:\/\/www.diarioimagen.net\/?p=441925"},"modified":"2019-09-09T02:15:32","modified_gmt":"2019-09-09T07:15:32","slug":"refuerza-gobierno-de-naucalpan-atencion-a-mujeres-embarazadas","status":"publish","type":"post","link":"https:\/\/www.diarioimagen.net\/?p=441925","title":{"rendered":"Refuerza gobierno de Naucalpan atenci\u00f3n a mujeres embarazadas"},"content":{"rendered":"<ul>\n<li><strong><em>Patricia Dur\u00e1n Reveles firma convenio<\/em><\/strong><\/li>\n<\/ul>\n<p>&nbsp;<\/p>\n<div id=\"attachment_441999\" style=\"width: 470px\" class=\"wp-caption aligncenter\"><a href=\"https:\/\/www.diarioimagen.net\/?attachment_id=441999\" rel=\"attachment wp-att-441999\"><img loading=\"lazy\" decoding=\"async\" aria-describedby=\"caption-attachment-441999\" class=\"size-large wp-image-441999\" src=\"https:\/\/www.diarioimagen.net\/wp-content\/uploads\/2019\/09\/NAUCALPAN9-460x259.jpg\" alt=\"\" width=\"460\" height=\"259\" srcset=\"https:\/\/www.diarioimagen.net\/wp-content\/uploads\/2019\/09\/NAUCALPAN9-460x259.jpg 460w, https:\/\/www.diarioimagen.net\/wp-content\/uploads\/2019\/09\/NAUCALPAN9-240x135.jpg 240w, https:\/\/www.diarioimagen.net\/wp-content\/uploads\/2019\/09\/NAUCALPAN9-235x132.jpg 235w, https:\/\/www.diarioimagen.net\/wp-content\/uploads\/2019\/09\/NAUCALPAN9-202x114.jpg 202w, https:\/\/www.diarioimagen.net\/wp-content\/uploads\/2019\/09\/NAUCALPAN9-350x196.jpg 350w, https:\/\/www.diarioimagen.net\/wp-content\/uploads\/2019\/09\/NAUCALPAN9-220x123.jpg 220w, https:\/\/www.diarioimagen.net\/wp-content\/uploads\/2019\/09\/NAUCALPAN9-237x132.jpg 237w, https:\/\/www.diarioimagen.net\/wp-content\/uploads\/2019\/09\/NAUCALPAN9.jpg 480w\" sizes=\"auto, (max-width: 460px) 100vw, 460px\" \/><\/a><p id=\"caption-attachment-441999\" class=\"wp-caption-text\">Patricia Dur\u00e1n Reveles, presidente municipal de Naucalpan, firm\u00f3 un convenio de colaboraci\u00f3n con el Instituto Nacional de Perinatolog\u00eda.<\/p><\/div>\n<p>&nbsp;<\/p>\n<p><strong>Naucalpan, Estado de M\u00e9xico<\/strong>.- La alcaldesa Patricia Dur\u00e1n Reveles firm\u00f3 un convenio de colaboraci\u00f3n con el Instituto Nacional de Perinatolog\u00eda para capacitar al personal m\u00e9dico municipal en la prevenci\u00f3n de muertes materno-infantiles.<\/p>\n<p>En el acto, Dur\u00e1n Reveles se\u00f1al\u00f3 que el acuerdo permitir\u00e1 mejorar la atenci\u00f3n a las embarazadas desde las primeras semanas de gestaci\u00f3n, adem\u00e1s de eficientar la coordinaci\u00f3n en los tres \u00f3rdenes de gobierno.<\/p>\n<p>\u201cHay muy buen recurso humano y buena organizaci\u00f3n en el Instituto Municipal de Atenci\u00f3n a la Salud que podemos aprovechar, solo falta integrarlos a todos, al estado, al municipio, a la Federaci\u00f3n, y empezar a hacer un trabajo coordinado para beneficio de las naucalpenses\u201d, destac\u00f3.<\/p>\n<p>Jorge Arturo Cardona P\u00e9rez, director general del Instituto Nacional de Perinatolog\u00eda, se congratul\u00f3 por el compromiso de las autoridades locales para reducir los \u00edndices de muertes materno-infantiles, as\u00ed como los padecimientos que pueden suscitarse durante la gestaci\u00f3n.<\/p>\n<p>\u201cEn la mujer embarazada, uno de los principales problemas es el sobrepeso y la obesidad, eso de alguna manera est\u00e1 relacionado con problemas de preeclampsia y eclampsia, de diabetes o de insuficiencia renal.<\/p>\n<p>\u201cEn el reci\u00e9n nacido b\u00e1sicamente es la prematurez, la infecci\u00f3n y, \u00faltimamente, las malformaciones cong\u00e9nitas, que podemos ayudar a prevenirlo\u201d, dijo Cardona P\u00e9rez.<\/p>\n<p>El titular del Instituto Municipal de Atenci\u00f3n a la Salud (IMAS), Eduardo V\u00e1zquez Celis, destac\u00f3 que desde el inicio de la administraci\u00f3n se puso \u00e9nfasis en atender la seguridad humana, que implica privilegiar los servicios sanitarios.<\/p>\n<p>\u201cVamos a apoyar a los m\u00e9dicos del Seguro Social, a m\u00e9dicos de hospitales privados, para que se capaciten en los programas que tiene el Instituto Nacional de Perinatolog\u00eda para prevenir las complicaciones desde el primer trimestre de embarazo, desde que sabe la mujer que est\u00e1 embarazada, desde ese momento ir atendi\u00e9ndola y darle un seguimiento adecuado\u201d, coment\u00f3.<\/p>\n<p>Las embarazadas podr\u00e1n ser canalizadas a hospitales de segundo o tercer nivel, como el \u201cDr. Maximiliano Ruiz Casta\u00f1eda\u201d o el Instituto Nacional de Perinatolog\u00eda, previa evaluaci\u00f3n de la Unidad Materno Fetal.<\/p>\n","protected":false},"excerpt":{"rendered":"<p>La alcaldesa Patricia Dur\u00e1n Reveles firm\u00f3 un convenio de colaboraci\u00f3n con el Instituto Nacional de Perinatolog\u00eda para capacitar al personal m\u00e9dico municipal en la prevenci\u00f3n de muertes materno-infantiles.<\/p>\n","protected":false},"author":3,"featured_media":441999,"comment_status":"open","ping_status":"open","sticky":false,"template":"","format":"standard","meta":{"_monsterinsights_skip_tracking":false,"_monsterinsights_sitenote_active":false,"_monsterinsights_sitenote_note":"","_monsterinsights_sitenote_category":0,"footnotes":""},"categories":[5],"tags":[50326,43675,7196,970],"class_list":["post-441925","post","type-post","status-publish","format-standard","has-post-thumbnail","hentry","category-estado-de-mexico","tag-embarazadas","tag-estado-de-mexico","tag-gobierno","tag-naucalpan"],"_links":{"self":[{"href":"https:\/\/www.diarioimagen.net\/index.php?rest_route=\/wp\/v2\/posts\/441925","targetHints":{"allow":["GET"]}}],"collection":[{"href":"https:\/\/www.diarioimagen.net\/index.php?rest_route=\/wp\/v2\/posts"}],"about":[{"href":"https:\/\/www.diarioimagen.net\/index.php?rest_route=\/wp\/v2\/types\/post"}],"author":[{"embeddable":true,"href":"https:\/\/www.diarioimagen.net\/index.php?rest_route=\/wp\/v2\/users\/3"}],"replies":[{"embeddable":true,"href":"https:\/\/www.diarioimagen.net\/index.php?rest_route=%2Fwp%2Fv2%2Fcomments&post=441925"}],"version-history":[{"count":0,"href":"https:\/\/www.diarioimagen.net\/index.php?rest_route=\/wp\/v2\/posts\/441925\/revisions"}],"wp:featuredmedia":[{"embeddable":true,"href":"https:\/\/www.diarioimagen.net\/index.php?rest_route=\/wp\/v2\/media\/441999"}],"wp:attachment":[{"href":"https:\/\/www.diarioimagen.net\/index.php?rest_route=%2Fwp%2Fv2%2Fmedia&parent=441925"}],"wp:term":[{"taxonomy":"category","embeddable":true,"href":"https:\/\/www.diarioimagen.net\/index.php?rest_route=%2Fwp%2Fv2%2Fcategories&post=441925"},{"taxonomy":"post_tag","embeddable":true,"href":"https:\/\/www.diarioimagen.net\/index.php?rest_route=%2Fwp%2Fv2%2Ftags&post=441925"}],"curies":[{"name":"wp","href":"https:\/\/api.w.org\/{rel}","templated":true}]}}