{"id":441927,"date":"2019-09-09T00:07:19","date_gmt":"2019-09-09T05:07:19","guid":{"rendered":"https:\/\/www.diarioimagen.net\/?p=441927"},"modified":"2019-09-09T02:16:30","modified_gmt":"2019-09-09T07:16:30","slug":"por-primera-vez-en-atizapan-se-llevaron-a-cabo-visorias-por-parte-del-club-atlas","status":"publish","type":"post","link":"https:\/\/www.diarioimagen.net\/?p=441927","title":{"rendered":"Por primera vez en Atizap\u00e1n se llevaron a cabo visor\u00edas por parte del Club Atlas"},"content":{"rendered":"<ul>\n<li><strong><em>En busca de talento para futbol profesional<\/em><\/strong><\/li>\n<\/ul>\n<p>&nbsp;<\/p>\n<div id=\"attachment_442002\" style=\"width: 470px\" class=\"wp-caption aligncenter\"><a href=\"https:\/\/www.diarioimagen.net\/?attachment_id=442002\" rel=\"attachment wp-att-442002\"><img loading=\"lazy\" decoding=\"async\" aria-describedby=\"caption-attachment-442002\" class=\"size-large wp-image-442002\" src=\"https:\/\/www.diarioimagen.net\/wp-content\/uploads\/2019\/09\/ATIZAPAN9-460x259.jpg\" alt=\"\" width=\"460\" height=\"259\" srcset=\"https:\/\/www.diarioimagen.net\/wp-content\/uploads\/2019\/09\/ATIZAPAN9-460x259.jpg 460w, https:\/\/www.diarioimagen.net\/wp-content\/uploads\/2019\/09\/ATIZAPAN9-240x135.jpg 240w, https:\/\/www.diarioimagen.net\/wp-content\/uploads\/2019\/09\/ATIZAPAN9-235x132.jpg 235w, https:\/\/www.diarioimagen.net\/wp-content\/uploads\/2019\/09\/ATIZAPAN9-202x114.jpg 202w, https:\/\/www.diarioimagen.net\/wp-content\/uploads\/2019\/09\/ATIZAPAN9-350x196.jpg 350w, https:\/\/www.diarioimagen.net\/wp-content\/uploads\/2019\/09\/ATIZAPAN9-220x123.jpg 220w, https:\/\/www.diarioimagen.net\/wp-content\/uploads\/2019\/09\/ATIZAPAN9-237x132.jpg 237w, https:\/\/www.diarioimagen.net\/wp-content\/uploads\/2019\/09\/ATIZAPAN9.jpg 480w\" sizes=\"auto, (max-width: 460px) 100vw, 460px\" \/><\/a><p id=\"caption-attachment-442002\" class=\"wp-caption-text\">En Atizap\u00e1n de Zaragoza, por primera vez, se llevaron a cabo sin costo las visor\u00edas por parte del Club Atlas F.C.<\/p><\/div>\n<p>&nbsp;<\/p>\n<p><strong>Atizap\u00e1n, Estado de M\u00e9xico<\/strong>.- Con la finalidad de descubrir a los j\u00f3venes con talento para destacar en el futbol profesional de nuestro municipio, por primera vez en Atizap\u00e1n de Zaragoza se llevaron a cabo sin costo, visor\u00edas por parte del Club Atlas F.C.<\/p>\n<p>Para la alcaldesa Ruth Olvera Nieto es fundamental motivar el deporte y la cultura entre los j\u00f3venes, as\u00ed como abrir nuevos foros que impulsen sus sue\u00f1os.<\/p>\n<p>En este sentido, afirm\u00f3 que la vinculaci\u00f3n con estas visor\u00edas significan una gran oportunidad para muchos j\u00f3venes atizapenses y de municipios vecinos.<\/p>\n<p>En un trabajo coordinado de las subdirecciones de la Juventud y del Deporte \u2013 incorporadas a la direcci\u00f3n de Bienestar- con el Club Atlas F.C. y la Escuela de Futbol Atlas Arboledas, iniciaron las visor\u00edas el 5 y 6 de septiembre en el Deportivo Zaragoza. Alrededor de 100 j\u00f3venes por d\u00eda se dieron cita en el centro deportivo, quienes pudieron demostrar sus aptitudes, t\u00e9cnicas y pasi\u00f3n por el balompi\u00e9 conforme a cinco categor\u00edas de la rama varonil, del 2003 al 2007; y femenil, del 2000 al 2005.<\/p>\n<p>Para pasar el primer filtro con rumbo al futbol profesional, los j\u00f3venes futbolistas presentaron una especie de examen que tom\u00f3 en cuenta su desempe\u00f1o, la manera de jugar y condici\u00f3n f\u00edsica, entre otros aspectos.<\/p>\n<p>Los finalistas deber\u00e1n concluir otras pruebas en las instalaciones de las fuerzas b\u00e1sicas del Club Atlas que se encuentran en Guadalajara, Jalisco; que sufragar\u00e1 los gastos de traslado. Cabe destacar que adem\u00e1s de j\u00f3venes atizapenses, las visor\u00edas contaron con asistentes de municipios como Toluca, Tultitl\u00e1n, Tultepec, Cuautitl\u00e1n Izcalli, Nicol\u00e1s Romero, Tlalnepantla, Coacalco, entre otros.<\/p>\n","protected":false},"excerpt":{"rendered":"<p>Con la finalidad de descubrir a los j\u00f3venes con talento para destacar en el futbol profesional de nuestro municipio, por primera vez en Atizap\u00e1n de Zaragoza se llevaron a cabo sin costo, visor\u00edas por parte del Club Atlas F.C.<\/p>\n","protected":false},"author":3,"featured_media":442002,"comment_status":"open","ping_status":"open","sticky":false,"template":"","format":"standard","meta":{"_monsterinsights_skip_tracking":false,"_monsterinsights_sitenote_active":false,"_monsterinsights_sitenote_note":"","_monsterinsights_sitenote_category":0,"footnotes":""},"categories":[5],"tags":[969,87673,87672,43675],"class_list":["post-441927","post","type-post","status-publish","format-standard","has-post-thumbnail","hentry","category-estado-de-mexico","tag-atizapan","tag-cabo","tag-club-atlas","tag-estado-de-mexico"],"_links":{"self":[{"href":"https:\/\/www.diarioimagen.net\/index.php?rest_route=\/wp\/v2\/posts\/441927","targetHints":{"allow":["GET"]}}],"collection":[{"href":"https:\/\/www.diarioimagen.net\/index.php?rest_route=\/wp\/v2\/posts"}],"about":[{"href":"https:\/\/www.diarioimagen.net\/index.php?rest_route=\/wp\/v2\/types\/post"}],"author":[{"embeddable":true,"href":"https:\/\/www.diarioimagen.net\/index.php?rest_route=\/wp\/v2\/users\/3"}],"replies":[{"embeddable":true,"href":"https:\/\/www.diarioimagen.net\/index.php?rest_route=%2Fwp%2Fv2%2Fcomments&post=441927"}],"version-history":[{"count":0,"href":"https:\/\/www.diarioimagen.net\/index.php?rest_route=\/wp\/v2\/posts\/441927\/revisions"}],"wp:featuredmedia":[{"embeddable":true,"href":"https:\/\/www.diarioimagen.net\/index.php?rest_route=\/wp\/v2\/media\/442002"}],"wp:attachment":[{"href":"https:\/\/www.diarioimagen.net\/index.php?rest_route=%2Fwp%2Fv2%2Fmedia&parent=441927"}],"wp:term":[{"taxonomy":"category","embeddable":true,"href":"https:\/\/www.diarioimagen.net\/index.php?rest_route=%2Fwp%2Fv2%2Fcategories&post=441927"},{"taxonomy":"post_tag","embeddable":true,"href":"https:\/\/www.diarioimagen.net\/index.php?rest_route=%2Fwp%2Fv2%2Ftags&post=441927"}],"curies":[{"name":"wp","href":"https:\/\/api.w.org\/{rel}","templated":true}]}}