{"id":441929,"date":"2019-09-09T00:06:00","date_gmt":"2019-09-09T05:06:00","guid":{"rendered":"https:\/\/www.diarioimagen.net\/?p=441929"},"modified":"2019-09-09T02:18:27","modified_gmt":"2019-09-09T07:18:27","slug":"organiza-alcalde-de-huixquilucan-gran-celebracion-para-los-abuelitos-por-su-dia","status":"publish","type":"post","link":"https:\/\/www.diarioimagen.net\/?p=441929","title":{"rendered":"Organiza alcalde de Huixquilucan gran celebraci\u00f3n para los abuelitos por su d\u00eda"},"content":{"rendered":"<ul>\n<li><strong><em>En el Complejo Rosa M\u00edstica<\/em><\/strong><\/li>\n<\/ul>\n<p>&nbsp;<\/p>\n<div id=\"attachment_442005\" style=\"width: 470px\" class=\"wp-caption aligncenter\"><a href=\"https:\/\/www.diarioimagen.net\/?attachment_id=442005\" rel=\"attachment wp-att-442005\"><img loading=\"lazy\" decoding=\"async\" aria-describedby=\"caption-attachment-442005\" class=\"size-large wp-image-442005\" src=\"https:\/\/www.diarioimagen.net\/wp-content\/uploads\/2019\/09\/HUIXQUILUCAN9-460x329.jpg\" alt=\"\" width=\"460\" height=\"329\" srcset=\"https:\/\/www.diarioimagen.net\/wp-content\/uploads\/2019\/09\/HUIXQUILUCAN9-460x329.jpg 460w, https:\/\/www.diarioimagen.net\/wp-content\/uploads\/2019\/09\/HUIXQUILUCAN9-240x171.jpg 240w, https:\/\/www.diarioimagen.net\/wp-content\/uploads\/2019\/09\/HUIXQUILUCAN9-90x65.jpg 90w, https:\/\/www.diarioimagen.net\/wp-content\/uploads\/2019\/09\/HUIXQUILUCAN9.jpg 700w\" sizes=\"auto, (max-width: 460px) 100vw, 460px\" \/><\/a><p id=\"caption-attachment-442005\" class=\"wp-caption-text\">El alcalde, Enrique Vargas del Villar, durante la celebraci\u00f3n del D\u00eda del Adulto Mayor, en el Complejo Rosa M\u00edstica.<\/p><\/div>\n<p>&nbsp;<\/p>\n<p><strong>Huixquilucan, Estado de M\u00e9xico<\/strong>.- En Huixquilucan las y los abuelitos son queridos y festejados como se merecen, asegur\u00f3 el presidente municipal, Enrique Vargas del Villar, durante la celebraci\u00f3n del D\u00eda del Adulto Mayor, en el Complejo Rosa M\u00edstica.<\/p>\n<p>Acompa\u00f1ado por la presidenta del Sistema Municipal para el Desarrollo Integral de la Familia, Romina Contreras Carrasco y m\u00e1s de 3 mil 500 personas, el edil se comprometi\u00f3 a seguir impulsando los programas sociales para favorecer a este sector de la sociedad. Vargas del Villar record\u00f3, que en el Complejo Rosa M\u00edstica los adultos mayores tienen un lugar muy importante, muestra de ello, dijo, es el Centro Gerontol\u00f3gico, que funciona como albergue para abuelitos en condici\u00f3n vulnerable, as\u00ed como el Centro de Rehabilitaci\u00f3n e Integraci\u00f3n Social (CRIS) y el Hospital San P\u00edo.<\/p>\n<p>En su oportunidad, la presidenta del sistema municipal DIF, Romina Contreras Carrasco, enfatiz\u00f3 que los adultos mayores son un tesoro lleno de experiencias, consejos y sabidur\u00eda. Inform\u00f3 que en esta ocasi\u00f3n, el DIF realiz\u00f3 un concurso de recetas, en el que participaron abuelitos de todo el municipio para compartir sus secretos en la cocina, siendo los ganadores: Anacleto Bautista Santiago, con la receta de chiles en nogada; Celso Gonz\u00e1lez Arcos, con salpic\u00f3n a la celcini; Magdalena Montes de Oca Moreno, con conejo de campo y cardos en salsa de xocoyotl; Mar\u00eda del Pilar Nava Endaro, mole casero; y Celia Villar Rosales, tamales cambray.<\/p>\n<p>Durante varias horas, los adultos mayores provenientes de todos los rincones de Huixquilucan, disfrutaron de ricos tacos al pastor y arrachera, pambazos, tostadas, tlacoyos, aguas frescas; adem\u00e1s de m\u00fasica de marimba. Para cerrar con broche de oro, el grupo Flamante Acapulco, puso a bailar a los asistentes.<\/p>\n","protected":false},"excerpt":{"rendered":"<p>En Huixquilucan las y los abuelitos son queridos y festejados como se merecen, asegur\u00f3 el presidente municipal, Enrique Vargas del Villar, durante la celebraci\u00f3n del D\u00eda del Adulto Mayor, en el Complejo Rosa M\u00edstica.<\/p>\n","protected":false},"author":3,"featured_media":442005,"comment_status":"open","ping_status":"open","sticky":false,"template":"","format":"standard","meta":{"_monsterinsights_skip_tracking":false,"_monsterinsights_sitenote_active":false,"_monsterinsights_sitenote_note":"","_monsterinsights_sitenote_category":0,"footnotes":""},"categories":[5],"tags":[53478,47218,43675,1097],"class_list":["post-441929","post","type-post","status-publish","format-standard","has-post-thumbnail","hentry","category-estado-de-mexico","tag-abuelitos","tag-enrique-vargas-del-villar","tag-estado-de-mexico","tag-huixquilucan"],"_links":{"self":[{"href":"https:\/\/www.diarioimagen.net\/index.php?rest_route=\/wp\/v2\/posts\/441929","targetHints":{"allow":["GET"]}}],"collection":[{"href":"https:\/\/www.diarioimagen.net\/index.php?rest_route=\/wp\/v2\/posts"}],"about":[{"href":"https:\/\/www.diarioimagen.net\/index.php?rest_route=\/wp\/v2\/types\/post"}],"author":[{"embeddable":true,"href":"https:\/\/www.diarioimagen.net\/index.php?rest_route=\/wp\/v2\/users\/3"}],"replies":[{"embeddable":true,"href":"https:\/\/www.diarioimagen.net\/index.php?rest_route=%2Fwp%2Fv2%2Fcomments&post=441929"}],"version-history":[{"count":0,"href":"https:\/\/www.diarioimagen.net\/index.php?rest_route=\/wp\/v2\/posts\/441929\/revisions"}],"wp:featuredmedia":[{"embeddable":true,"href":"https:\/\/www.diarioimagen.net\/index.php?rest_route=\/wp\/v2\/media\/442005"}],"wp:attachment":[{"href":"https:\/\/www.diarioimagen.net\/index.php?rest_route=%2Fwp%2Fv2%2Fmedia&parent=441929"}],"wp:term":[{"taxonomy":"category","embeddable":true,"href":"https:\/\/www.diarioimagen.net\/index.php?rest_route=%2Fwp%2Fv2%2Fcategories&post=441929"},{"taxonomy":"post_tag","embeddable":true,"href":"https:\/\/www.diarioimagen.net\/index.php?rest_route=%2Fwp%2Fv2%2Ftags&post=441929"}],"curies":[{"name":"wp","href":"https:\/\/api.w.org\/{rel}","templated":true}]}}