{"id":441931,"date":"2019-09-09T00:05:54","date_gmt":"2019-09-09T05:05:54","guid":{"rendered":"https:\/\/www.diarioimagen.net\/?p=441931"},"modified":"2019-09-09T02:19:07","modified_gmt":"2019-09-09T07:19:07","slug":"colabora-tlalnepantla-con-fgj-para-esclarecer-hallazgo-de-restos-humanos","status":"publish","type":"post","link":"https:\/\/www.diarioimagen.net\/?p=441931","title":{"rendered":"Colabora Tlalnepantla con FGJ para esclarecer hallazgo de restos humanos"},"content":{"rendered":"<p><a href=\"https:\/\/www.diarioimagen.net\/?attachment_id=442008\" rel=\"attachment wp-att-442008\"><img loading=\"lazy\" decoding=\"async\" class=\"aligncenter size-large wp-image-442008\" src=\"https:\/\/www.diarioimagen.net\/wp-content\/uploads\/2019\/09\/TLALNEPANTLA9-460x259.jpg\" alt=\"\" width=\"460\" height=\"259\" srcset=\"https:\/\/www.diarioimagen.net\/wp-content\/uploads\/2019\/09\/TLALNEPANTLA9-460x259.jpg 460w, https:\/\/www.diarioimagen.net\/wp-content\/uploads\/2019\/09\/TLALNEPANTLA9-240x135.jpg 240w, https:\/\/www.diarioimagen.net\/wp-content\/uploads\/2019\/09\/TLALNEPANTLA9-235x132.jpg 235w, https:\/\/www.diarioimagen.net\/wp-content\/uploads\/2019\/09\/TLALNEPANTLA9-202x114.jpg 202w, https:\/\/www.diarioimagen.net\/wp-content\/uploads\/2019\/09\/TLALNEPANTLA9-350x196.jpg 350w, https:\/\/www.diarioimagen.net\/wp-content\/uploads\/2019\/09\/TLALNEPANTLA9-220x123.jpg 220w, https:\/\/www.diarioimagen.net\/wp-content\/uploads\/2019\/09\/TLALNEPANTLA9-237x132.jpg 237w, https:\/\/www.diarioimagen.net\/wp-content\/uploads\/2019\/09\/TLALNEPANTLA9.jpg 480w\" sizes=\"auto, (max-width: 460px) 100vw, 460px\" \/><\/a><\/p>\n<p>&nbsp;<\/p>\n<p><strong>Tlalnepantla, Estado de M\u00e9xico<\/strong><strong>.- <\/strong>El gobierno de Tlalnepantla colabora con la Fiscal\u00eda General de Justicia del Estado de M\u00e9xico (FGJ), para esclarecer la aparici\u00f3n de bolsas negras con restos humanos en la colonia San Pablo Xalpa.<\/p>\n<p>La administraci\u00f3n municipal reitera su compromiso para actuar de manera coordinada con los gobiernos estatal y federal, con el fin de abatir la actividad delictiva en las colonias y que los habitantes de nuestra ciudad puedan vivir una vida libre de violencia.<\/p>\n","protected":false},"excerpt":{"rendered":"<p>El gobierno de Tlalnepantla colabora con la Fiscal\u00eda General de Justicia del Estado de M\u00e9xico (FGJ), para esclarecer la aparici\u00f3n de bolsas negras con restos humanos en la colonia San Pablo Xalpa.<\/p>\n","protected":false},"author":3,"featured_media":442008,"comment_status":"open","ping_status":"open","sticky":false,"template":"","format":"standard","meta":{"_monsterinsights_skip_tracking":false,"_monsterinsights_sitenote_active":false,"_monsterinsights_sitenote_note":"","_monsterinsights_sitenote_category":0,"footnotes":""},"categories":[5],"tags":[43675,19896,3900,169],"class_list":["post-441931","post","type-post","status-publish","format-standard","has-post-thumbnail","hentry","category-estado-de-mexico","tag-estado-de-mexico","tag-hallazgo","tag-restos-humanos","tag-tlalnepantla"],"_links":{"self":[{"href":"https:\/\/www.diarioimagen.net\/index.php?rest_route=\/wp\/v2\/posts\/441931","targetHints":{"allow":["GET"]}}],"collection":[{"href":"https:\/\/www.diarioimagen.net\/index.php?rest_route=\/wp\/v2\/posts"}],"about":[{"href":"https:\/\/www.diarioimagen.net\/index.php?rest_route=\/wp\/v2\/types\/post"}],"author":[{"embeddable":true,"href":"https:\/\/www.diarioimagen.net\/index.php?rest_route=\/wp\/v2\/users\/3"}],"replies":[{"embeddable":true,"href":"https:\/\/www.diarioimagen.net\/index.php?rest_route=%2Fwp%2Fv2%2Fcomments&post=441931"}],"version-history":[{"count":0,"href":"https:\/\/www.diarioimagen.net\/index.php?rest_route=\/wp\/v2\/posts\/441931\/revisions"}],"wp:featuredmedia":[{"embeddable":true,"href":"https:\/\/www.diarioimagen.net\/index.php?rest_route=\/wp\/v2\/media\/442008"}],"wp:attachment":[{"href":"https:\/\/www.diarioimagen.net\/index.php?rest_route=%2Fwp%2Fv2%2Fmedia&parent=441931"}],"wp:term":[{"taxonomy":"category","embeddable":true,"href":"https:\/\/www.diarioimagen.net\/index.php?rest_route=%2Fwp%2Fv2%2Fcategories&post=441931"},{"taxonomy":"post_tag","embeddable":true,"href":"https:\/\/www.diarioimagen.net\/index.php?rest_route=%2Fwp%2Fv2%2Ftags&post=441931"}],"curies":[{"name":"wp","href":"https:\/\/api.w.org\/{rel}","templated":true}]}}