{"id":441970,"date":"2019-09-09T00:00:37","date_gmt":"2019-09-09T05:00:37","guid":{"rendered":"https:\/\/www.diarioimagen.net\/?p=441970"},"modified":"2019-09-09T02:04:50","modified_gmt":"2019-09-09T07:04:50","slug":"cuentas-claras-entrega-carlos-joaquin-gonzalez-en-su-tercer-informe-de-gobierno","status":"publish","type":"post","link":"https:\/\/www.diarioimagen.net\/?p=441970","title":{"rendered":"Cuentas claras entrega Carlos Joaqu\u00edn Gonz\u00e1lez en su Tercer Informe de Gobierno"},"content":{"rendered":"<h2>Derecho de r\u00e9plica<\/h2>\n<p>&nbsp;<\/p>\n<ul>\n<li><strong><em>Asegura el mandatario que el rumbo trazado, desde el primer d\u00eda, contin\u00faa firme<\/em><\/strong><\/li>\n<\/ul>\n<p>&nbsp;<\/p>\n<p>El gobernador, Carlos Joaqu\u00edn, present\u00f3 ante los quintanarroenses los resultados de su tercer a\u00f1o de gobierno, en el que asegur\u00f3 que el rumbo trazado desde el primer d\u00eda, contin\u00faa firme, con una administraci\u00f3n cercana de la gente, incluyente, plural, democr\u00e1tica y transparente, donde la prioridad son las personas, promoviendo un desarrollo sustentable, su protecci\u00f3n y su participaci\u00f3n que generen oportunidades para todos.<\/p>\n<p>Al dar a conocer los resultados, Carlos Joaqu\u00edn expres\u00f3 que los \u00e9xitos no son sin\u00f3nimo de victoria. \u201cSabemos que nos falta mucho, que hay a\u00fan una lucha de todos los d\u00edas, a todas horas y por muchos a\u00f1os\u201d, dijo y precis\u00f3 que los cambios profundos logrados tienen un solo objetivo: Nunca m\u00e1s volver atr\u00e1s.<\/p>\n<p>Carlos Joaqu\u00edn convoc\u00f3 a sus gobernados a avanzar juntos en la soluci\u00f3n de los problemas que nos aquejan, especialmente aquellos que afectan a los m\u00e1s necesitados.<\/p>\n<p>Durante el mensaje dirigido al pueblo quintanarroense, Carlos Joaqu\u00edn precis\u00f3 que aqu\u00ed no hay otro espacio que el de trabajar de la mano. Enfatiz\u00f3 que las relaciones entre el gobierno de M\u00e9xico y el de Quintana Roo son y seguir\u00e1n siendo muy buenas \u201cy no hay nada que nos impida afianzar una alianza permanente para avanzar en el bienestar de nuestra gente, con respuestas concretas y resultados\u201d. Asimismo, dej\u00f3 en claro que Quintana Roo sabe a d\u00f3nde va, despu\u00e9s de recuperar las riendas de nuestro futuro.<\/p>\n<p style=\"text-align: center;\"><strong>Combate a la impunidad<\/strong><\/p>\n<p>En la lucha contra la impunidad y para combatir la deshonestidad en el servicio p\u00fablico, los resultados del cambio arrojan la apertura de 856 carpetas penales de investigaci\u00f3n, a trav\u00e9s de la Fiscal\u00eda Anticorrupci\u00f3n, porque, en Quintana Roo, el que la hace, la paga, enfatiz\u00f3 Carlos Joaqu\u00edn.<\/p>\n<p>Se recuperaron mil 200 millones de pesos que les fueron saqueados a los quintanarroenses.<\/p>\n<p>Se avanz\u00f3 del lugar 13 a la posici\u00f3n cuatro en el \u00cdndice de Transparencia de la Informaci\u00f3n Fiscal. En transparencia y gobierno abierto, del \u00faltimo lugar en 2016, hoy la entidad es el tercer estado m\u00e1s transparente de M\u00e9xico.<\/p>\n<p style=\"text-align: center;\"><strong>En Quintana Roo s\u00ed hay crecimiento econ\u00f3mico<\/strong><\/p>\n<p>En materia financiera, Carlos Joaqu\u00edn afirm\u00f3 que al corregir el rumbo se tuvo un mayor crecimiento econ\u00f3mico y se logr\u00f3 sanear las finanzas, lo que permiti\u00f3 posicionar a Quintana Roo en el segundo lugar nacional en generaci\u00f3n de ingresos propios en relaci\u00f3n con los ingresos totales del gobierno.<\/p>\n<p>En materia econ\u00f3mica el cambio se cristaliza en dos frentes: consolidar el liderazgo tur\u00edstico e impulsar la diversificaci\u00f3n econ\u00f3mica.<\/p>\n<p>Gracias a la confianza generada, hoy Quintana Roo cuenta con una inversi\u00f3n nacional y extranjera directa de casi 6 mil 500 millones de d\u00f3lares.<\/p>\n<p>Al referirse al sur de Quintana Roo, para contribuir a disminuir la desigualdad con diversificaci\u00f3n econ\u00f3mica, el mandatario afirm\u00f3 que en los primeros tres a\u00f1os de gobierno se increment\u00f3 un 79% el n\u00famero de pasajeros en el aeropuerto de Chetumal.<\/p>\n<p>Se han destinado m\u00e1s de 270 millones de pesos para sustituir las redes de agua potable, mejorar el drenaje sanitario y ampliar la capacidad de tratamiento de aguas residuales.<\/p>\n<p>En el Centro Hist\u00f3rico se est\u00e1n invirtiendo m\u00e1s de 260 millones de pesos para reconstruir las vialidades en el Barrio Bravo e impulsarlo como zona de restaurantes, hoteles y atractivos l\u00fadicos que sumen al turismo. Se est\u00e1n iniciando los trabajos del dragado del Canal de Zaragoza y el Parque Industrial con Recinto Fiscalizado Estrat\u00e9gico, atraer\u00e1 nuevas inversiones y abrir\u00e1 al sur al comercio exterior, principalmente con Centroam\u00e9rica.<\/p>\n<p style=\"text-align: center;\"><strong>Combate a la violencia<\/strong><\/p>\n<p>En materia de seguridad y lucha contra la violencia, dos de las demandas m\u00e1s grandes de los quintanarroenses, el Ejecutivo de Quintana Roo afirm\u00f3 que hay logros, pero, reconoci\u00f3 que, todo lo hecho es insuficiente. \u201cQue un solo habitante de esta tierra padezca la inseguridad, oscurece nuestros resultados y nos emplaza a redoblar nuestros esfuerzos y trabajar, todos unidos, para hacer m\u00e1s, todos con un solo objetivo: recuperar la tranquilidad de los quintanarroenses\u201d.<\/p>\n<p>\u201cSe ha roto la paz social, el tejido familiar, pero tambi\u00e9n debemos reconocer que la inseguridad que se ha desbordado corresponde a los coletazos de una plaza que hab\u00eda sido vendida a grupos violentos que operaban con toda impunidad a cambio de favores pol\u00edticos\u201d, a\u00f1adi\u00f3 Carlos Joaqu\u00edn.<\/p>\n<p style=\"text-align: center;\"><strong>Equidad de g\u00e9nero<\/strong><\/p>\n<p>Carlos Joaqu\u00edn asegur\u00f3 que cree firmemente en la equidad de g\u00e9nero y convoc\u00f3 a todos a trabajar unidos para fortalecerla. \u201cNo hemos parado en promover la defensa de sus derechos humanos, en que se les brinde la igualdad de oportunidades, con programas de apoyo social, acciones de prevenci\u00f3n de la violencia de g\u00e9nero, as\u00ed como orientaci\u00f3n jur\u00eddica gratuita y terapias psicol\u00f3gicas.<\/p>\n<p style=\"text-align: center;\"><strong>Atenci\u00f3n a la agresi\u00f3n a mujeres<\/strong><\/p>\n<p>Hoy, en Quintana Roo, en temas de acoso, abuso, maltrato y violencia de g\u00e9nero, \u00a1quien la hace, la paga!\u201d, afirm\u00f3 el titular del Ejecutivo estatal<\/p>\n<p>Para combatir en\u00e9rgicamente la violencia contra las mujeres, el gobernador convoc\u00f3 a todas y todos los quintanarroenses a aumentar la cultura de la denuncia. Al mismo tiempo, gir\u00f3 instrucciones al gabinete para fortalecer el \u201cPrograma de Atenci\u00f3n a la Violencia de G\u00e9nero\u201d.<\/p>\n<p>\u201cVamos a demostrar que en Quintana Roo las mujeres cuentan y cuentan mucho\u201d, expres\u00f3 y enfatiz\u00f3 que las mujeres en Quintana Roo son el mayor activo. \u201cReconocemos su valor y sus roles ejemplares en todos los \u00e1mbitos de nuestra cotidianidad\u201d, dijo al dejar muy claro que el gobernador de Quintana Roo cree firmemente en la equidad de g\u00e9nero.<\/p>\n<p>A lo largo de tres a\u00f1os de gobierno, esta administraci\u00f3n no ha parado de promover la defensa de los derechos humanos de las mujeres, que se les brinde la igualdad de oportunidades, con programas de apoyo social, acciones de prevenci\u00f3n de la violencia de g\u00e9nero, orientaci\u00f3n jur\u00eddica gratuita y terapias psicol\u00f3gicas.<\/p>\n<p>Para ello, inform\u00f3 la incorporaci\u00f3n de refugios y albergues para brindar alojamiento y protecci\u00f3n temporal para mujeres en situaci\u00f3n de violencia extrema y ocho unidades de atenci\u00f3n especializada para atender violencia de g\u00e9nero y prevenir el abuso sexual infantil.<\/p>\n<p>En 2015 se iniciaron 670 averiguaciones previas y s\u00f3lo 25 se pudieron llevar a proceso ante los jueces. En esta administraci\u00f3n, se han atendido a 37 mil 167 mujeres, se iniciaron 16 mil 629 procesos, se dictaron 9 mil 849 \u00f3rdenes de protecci\u00f3n, se solicitaron 319 \u00f3rdenes de aprehensi\u00f3n y 475 vinculaciones a proceso, se emitieron 178 sentencias y, por primera vez en la historia, se aplicaron 10 sentencias por feminicidio.<\/p>\n","protected":false},"excerpt":{"rendered":"<p><span style=\"color: #005497;\"><strong>Derecho de r\u00e9plica<\/strong><\/span><\/p>\n","protected":false},"author":3,"featured_media":0,"comment_status":"open","ping_status":"open","sticky":false,"template":"","format":"standard","meta":{"_monsterinsights_skip_tracking":false,"_monsterinsights_sitenote_active":false,"_monsterinsights_sitenote_note":"","_monsterinsights_sitenote_category":0,"footnotes":""},"categories":[62907],"tags":[47840,43674],"class_list":["post-441970","post","type-post","status-publish","format-standard","hentry","category-derecho-de-replica","tag-derecho-de-replica","tag-opinion"],"_links":{"self":[{"href":"https:\/\/www.diarioimagen.net\/index.php?rest_route=\/wp\/v2\/posts\/441970","targetHints":{"allow":["GET"]}}],"collection":[{"href":"https:\/\/www.diarioimagen.net\/index.php?rest_route=\/wp\/v2\/posts"}],"about":[{"href":"https:\/\/www.diarioimagen.net\/index.php?rest_route=\/wp\/v2\/types\/post"}],"author":[{"embeddable":true,"href":"https:\/\/www.diarioimagen.net\/index.php?rest_route=\/wp\/v2\/users\/3"}],"replies":[{"embeddable":true,"href":"https:\/\/www.diarioimagen.net\/index.php?rest_route=%2Fwp%2Fv2%2Fcomments&post=441970"}],"version-history":[{"count":0,"href":"https:\/\/www.diarioimagen.net\/index.php?rest_route=\/wp\/v2\/posts\/441970\/revisions"}],"wp:attachment":[{"href":"https:\/\/www.diarioimagen.net\/index.php?rest_route=%2Fwp%2Fv2%2Fmedia&parent=441970"}],"wp:term":[{"taxonomy":"category","embeddable":true,"href":"https:\/\/www.diarioimagen.net\/index.php?rest_route=%2Fwp%2Fv2%2Fcategories&post=441970"},{"taxonomy":"post_tag","embeddable":true,"href":"https:\/\/www.diarioimagen.net\/index.php?rest_route=%2Fwp%2Fv2%2Ftags&post=441970"}],"curies":[{"name":"wp","href":"https:\/\/api.w.org\/{rel}","templated":true}]}}