{"id":442028,"date":"2019-09-09T00:08:57","date_gmt":"2019-09-09T05:08:57","guid":{"rendered":"https:\/\/www.diarioimagen.net\/?p=442028"},"modified":"2019-09-23T01:33:55","modified_gmt":"2019-09-23T06:33:55","slug":"metodologia-en-encuestas-secreto-mejor-guardado-en-morena","status":"publish","type":"post","link":"https:\/\/www.diarioimagen.net\/?p=442028","title":{"rendered":"Metodolog\u00eda en encuestas, secreto mejor guardado en Morena"},"content":{"rendered":"<h2>Como veo, doy<\/h2>\n<h5>Jorge Luis Galicia Palacios<\/h5>\n<p>&nbsp;<\/p>\n<ul>\n<li><strong><em>Criterios indefinidos abren paso a resultados caprichosos<\/em><\/strong><\/li>\n<li><strong><em>Fuera porros de la UNAM, recinto de la pluralidad y la tolerancia<\/em><\/strong><\/li>\n<\/ul>\n<p>&nbsp;<\/p>\n<p>&nbsp;<\/p>\n<p>Conforme se acerca el proceso de sucesi\u00f3n al interior del partido en el poder, en esa medida el color rojo ir\u00e1 pasando por diversos matices sin dejar de pasar por el color de hormiga.<\/p>\n<p>Por lo pronto los militantes de Morena andan en busca de algo as\u00ed como el tesoro perdido, es decir en busca de la metodolog\u00eda que nadie conoce, ya que todo mundo habla de ella pues en gran medida se han utilizado en encuestas que han definido candidaturas de puestos clave de elecci\u00f3n en sus procesos internos, pero nada m\u00e1s.<\/p>\n<p>Y es que el l\u00edder moral de este partido, ll\u00e1mese Andr\u00e9s Manuel L\u00f3pez Obrador, ya les envi\u00f3 un mensaje a quienes andan tras el liderazgo nacional de Morena.<\/p>\n<p>En una reuni\u00f3n con legisladores de su partido, el mandatario del pa\u00eds sugiri\u00f3 que el m\u00e9todo de la encuesta es una herramienta que puede ayudar a resolver el tema de la contienda interna y con ella evitar desgastes.<\/p>\n<p>Recomendaci\u00f3n que agarr\u00f3 al vuelo la actual dirigente, Yeidckol Polevnsky, quien al m\u00e1s puro estilo del viejo pri\u00edsmo en tiempos del jerarca cetemista Fidel Vel\u00e1zquez, solo le falt\u00f3 decir \u201cnos adivin\u00f3 el pensamiento se\u00f1or presidente\u201d y acept\u00f3 la sugerencia presidencial.<\/p>\n<p>En la pugna por la dirigencia, adem\u00e1s de que Yeidckol piensa en la reelecci\u00f3n, ya han levantado la mano Bertha Luj\u00e1n, presidenta del Consejo Nacional de ese partido; el diputado Mario Delgado Carrillo, coordinador del grupo parlamentario de Morena en la C\u00e1mara Baja; y el senador suplente de Ricardo Monreal, Alejandro Rojas. La encuesta referida se estar\u00eda realizando a fines del mes de noviembre de este a\u00f1o.<\/p>\n<p>Sin embargo, cuando la militancia morenista escucha la palabra encuesta, muchos siguen sin conocer la metodolog\u00eda utilizada a pesar de que con ellas se han definido candidaturas tanto para la Presidencia, como para gobiernos estatales, municipales o para cargos de representaci\u00f3n en el poder legislativo federal y locales.<\/p>\n<p>Por tratarse de un asunto de la vida interna de los partidos, es casi imposible que la autoridad electoral obligue a \u00e9stos a transparentar la metodolog\u00eda utilizada en la realizaci\u00f3n de las encuestas pues, al parecer solo basta con que estos mencionen el m\u00e9todo aplicado para dar por buenos sus procesos, y en ese sentido, hoy en d\u00eda, muchos militantes de Morena se siguen preguntando el universo de los encuestados y los criterios que se aplican y si cumplen con el rigor cient\u00edfico adecuado en este tipo de trabajos, respuestas que hasta ahora se guardan en el ba\u00fal de los secretos.<\/p>\n<p>Con \u00e1nimo de fortalecer la vida democr\u00e1tica del pa\u00eds, ojal\u00e1 alg\u00fan d\u00eda las autoridades electorales obliguen a los partidos a que este tipo de encuestas sean ejercicios transparentes, para que sus resultados no sean imposiciones caprichosas o antidemocr\u00e1ticas de los dirigentes en detrimento de la participaci\u00f3n ciudadana en los asuntos de la vida p\u00fablica. \u00bfSue\u00f1o guajiro?, creo que s\u00ed.<\/p>\n<p>PASO SIN VER.- Eso de los grupos de encapuchados en la UNAM es reprobable desde cualquier punto de vista que se le quiera ver. \u00bfC\u00f3mo est\u00e1 eso de que la m\u00e1xima casa de estudios del pa\u00eds es vulnerada por estudiantes que supuestamente defienden la autonom\u00eda universitaria en medio de actos vand\u00e1licos y con lujo de violencia?<\/p>\n<p>La semana pasada el campus universitario fue ensombrecido en sus actividades, primero por la incursi\u00f3n de grupos porriles en una manifestaci\u00f3n que, pac\u00edficamente, realizaban estudiantes del Colegio de Ciencias y Humanidades, plantel Azcapotzalco, al recordar un a\u00f1o de los hechos violentos en que un grupo de porros arremetieron contra estudiantes con un saldo de 14 lesionados.<\/p>\n<p>Los ceceacheros, con el respaldo solidario de alumnos del CCH-Sur y Arag\u00f3n, as\u00ed como de las facultades de Filosof\u00eda y de Ciencias Pol\u00edticas, fueron desplazados en su justa demanda estudiantil por un grupo de delincuentes, porque no se les puede llamar de otra manera, quienes vandalizaron las instalaciones de rector\u00eda al arremeter contra las autoridades universitarias, rompiendo cristales, grafiteando muros y destruyendo todo lo que encontraron a su paso.<\/p>\n<p>Por si eso fuera poco, las actividades de la Facultad de Ciencias Pol\u00edticas y Sociales, tambi\u00e9n tuvieron su d\u00eda negro ya que un grupo de encapuchados, igual que los que se presentaron en la marcha de los ceceacheros de Azcapotzalco.<\/p>\n<p>El viernes pasado tomaron las instalaciones de este espacio de estudios dizque para impedir la celebraci\u00f3n de un diplomado que se imparte en esa facultad, por el hecho de que en el participar\u00e1 el ex candidato presidencial, Ricardo Anaya. \u00bfQu\u00e9 no la UNAM da paso a la pluralidad de las ideas y es la casa de la tolerancia?<\/p>\n<p>Negar la impartici\u00f3n de clases al panista, es como querer sugerir que a maestros que pertenecen a otros partidos pol\u00edticos, como el PRI y Morena, se les impida impartir clases, no doy nombres por respeto a los docentes, pero mire que hay muchos y por citar algunos ejemplos, muchos de ellos los vemos caminar por los pasillos de las facultades de Derecho, de Ciencias Pol\u00edticas y Sociales, y otras, pero est\u00e1n en su derecho y sus ense\u00f1anzas van m\u00e1s all\u00e1 de sus simpat\u00edas o filiaci\u00f3n partidista.<\/p>\n<p>De antemano se sabe que estos movimientos, como los que se vieron en rector\u00eda y la FCPyS, que reflejan intolerancia y cerraz\u00f3n ideol\u00f3gica, son expresiones ajenas a la UNAM y en muchos casos hay un inter\u00e9s partidista, por lo que es muy lamentable que a la m\u00e1xima casa de estudios del pa\u00eds se le quiera utilizar para prop\u00f3sitos y fines de experimento pol\u00edtico, donde lo \u00fanico que se logra es m\u00e1s divisi\u00f3n y resentimiento social.<\/p>\n<p>Entonces la posici\u00f3n de la mayor\u00eda universitaria es muy clara y contundente, no a los porros, no a la intolerancia, no a actitudes que dividan a los mexicanos, no a los encapuchados, y hasta ah\u00ed porque como veo doy.<\/p>\n<p><em><a href=\"mailto:jorgelgalicia@yahoo.com.mx\" target=\"_blank\" rel=\"noopener noreferrer\">jorgelgalicia@yahoo.com.mx<\/a><\/em><\/p>\n","protected":false},"excerpt":{"rendered":"<p><span style=\"color: #005497;\"><strong>Jorge Luis Galicia Palacios<\/strong><\/span><\/p>\n","protected":false},"author":3,"featured_media":0,"comment_status":"open","ping_status":"open","sticky":false,"template":"","format":"standard","meta":{"_monsterinsights_skip_tracking":false,"_monsterinsights_sitenote_active":false,"_monsterinsights_sitenote_note":"","_monsterinsights_sitenote_category":0,"footnotes":""},"categories":[63916],"tags":[28722,63917,43674],"class_list":["post-442028","post","type-post","status-publish","format-standard","hentry","category-jorge-luis-galicia-palacios","tag-como-veo-doy","tag-jorge-luis-galicia-palacios","tag-opinion"],"_links":{"self":[{"href":"https:\/\/www.diarioimagen.net\/index.php?rest_route=\/wp\/v2\/posts\/442028","targetHints":{"allow":["GET"]}}],"collection":[{"href":"https:\/\/www.diarioimagen.net\/index.php?rest_route=\/wp\/v2\/posts"}],"about":[{"href":"https:\/\/www.diarioimagen.net\/index.php?rest_route=\/wp\/v2\/types\/post"}],"author":[{"embeddable":true,"href":"https:\/\/www.diarioimagen.net\/index.php?rest_route=\/wp\/v2\/users\/3"}],"replies":[{"embeddable":true,"href":"https:\/\/www.diarioimagen.net\/index.php?rest_route=%2Fwp%2Fv2%2Fcomments&post=442028"}],"version-history":[{"count":0,"href":"https:\/\/www.diarioimagen.net\/index.php?rest_route=\/wp\/v2\/posts\/442028\/revisions"}],"wp:attachment":[{"href":"https:\/\/www.diarioimagen.net\/index.php?rest_route=%2Fwp%2Fv2%2Fmedia&parent=442028"}],"wp:term":[{"taxonomy":"category","embeddable":true,"href":"https:\/\/www.diarioimagen.net\/index.php?rest_route=%2Fwp%2Fv2%2Fcategories&post=442028"},{"taxonomy":"post_tag","embeddable":true,"href":"https:\/\/www.diarioimagen.net\/index.php?rest_route=%2Fwp%2Fv2%2Ftags&post=442028"}],"curies":[{"name":"wp","href":"https:\/\/api.w.org\/{rel}","templated":true}]}}