{"id":442044,"date":"2019-09-09T00:08:29","date_gmt":"2019-09-09T05:08:29","guid":{"rendered":"https:\/\/www.diarioimagen.net\/?p=442044"},"modified":"2019-09-09T03:09:39","modified_gmt":"2019-09-09T08:09:39","slug":"parece-mucho-pero-el-presupuesto-no-alcanza","status":"publish","type":"post","link":"https:\/\/www.diarioimagen.net\/?p=442044","title":{"rendered":"Parece mucho, pero el presupuesto no alcanza"},"content":{"rendered":"<h2>Clase Pol\u00edtica<\/h2>\n<h5>Miguel \u00c1ngel Rivera<\/h5>\n<p>&nbsp;<\/p>\n<p>Mucho se ha repetido, y ayer se confirm\u00f3, las prioridades del presupuesto federal para 2020 son: bienestar social, seguridad y rescate del sector energ\u00e9tico.<\/p>\n<p>Pero tambi\u00e9n, aunque se confirme la intenci\u00f3n del gobierno de la llamada \u201cCuarta Transformaci\u00f3n\u201d de tener un presupuesto superavitario &#8211;es decir, el erario p\u00fablico gastar\u00e1 menos de lo que ingrese por impuestos &#8211;,\u00a0 se puede tener la seguridad que habr\u00e1 muchas exigencias no cumplidas, pues los 6.1 billones de pesos no alcanzar\u00e1n para todo lo que solicitan los gobiernos de los estados y de los municipios.<\/p>\n<p>Esto adem\u00e1s de que las dependencias federales siguen obligadas a hacer mayores ahorros, especialmente al reducir el gasto corriente, lo que seguramente significar\u00e1 m\u00e1s despidos.<\/p>\n<p>Tambi\u00e9n se confirm\u00f3 que no habr\u00e1 aumento de impuestos, pero s\u00ed m\u00e1s exigencias a los causantes para que paguen completos los impuestos que les corresponden.<\/p>\n<p>Especialmente estar\u00e1n en la mira del Servicio de Administraci\u00f3n Tributaria (SAT) las empresas que trabajan bajo el sistema de outsourcing, el m\u00e9todo de contrataci\u00f3n de personal a trav\u00e9s de un intermediario, con lo cual \u201cahorran\u201d al no pagar o pagar menos cuotas al Seguro Social y al Infonavit.<\/p>\n<p>De acuerdo con algunas fuentes oficiales, el 40 por ciento del empleo formal en el pa\u00eds est\u00e1 bajo este esquema. Para la administraci\u00f3n de la \u201cCuarta Transformaci\u00f3n\u201d, all\u00ed hay un gran agujero fiscal, por considerar que este tipo de contrataci\u00f3n falsea datos de egresos e ingresos tanto de las empresas como de los trabajadores.<\/p>\n<p>El mayor rigor para el cobro de impuestos fue confirmado ayer por el secretario de Hacienda, Arturo Herrera, al entregar a la presidenta de la Mesa Directiva de la C\u00e1mara de Diputados, Laura Rojas, el llamado \u201cpaquete econ\u00f3mico\u201d, integrado por la Ley de Ingresos, el Presupuesto de Egresos y los Criterios Generales de Pol\u00edtica Econ\u00f3mica.<\/p>\n<p>Adicionalmente, se debe tener en cuenta que el presidente, Andr\u00e9s Manuel L\u00f3pez Obrador, ha repetido continuamente la obligaci\u00f3n de ajustarse a los criterios de austeridad, por lo cual sus secretarios de Estado deben operar con nuevos ajustes al gasto corriente.<\/p>\n<p>Esta austeridad puede significar nuevos choques con organismos aut\u00f3nomos, como el Instituto Nacional Electoral (INE), INEGI, CNDH cuyos funcionarios recib\u00edan salarios ahora proscritos por ser superiores a lo que devenga el Presidente de la Rep\u00fablica, y que ahora est\u00e1n bajo presi\u00f3n para que acepten recortarlos. Lo que se mantiene como principal panacea es el combate a la corrupci\u00f3n.<\/p>\n<p>Para no variar en su gira de fin de semana por Tamaulipas, el presidente L\u00f3pez Obrador repiti\u00f3 su conjuro contra los \u201cmalos gobiernos\u201d del pasado.<\/p>\n<p>Dijo: \u201cel r\u00e9gimen neoliberal, impuesto hace 36 a\u00f1os, tuvo como caracter\u00edstica principal la corrupci\u00f3n. 36 a\u00f1os de saqueos, abusos, derroche y de utilizar el presupuesto para beneficio de minor\u00edas y dejar al pueblo en desamparo. Esto es lo que estamos cambiando, esto nunca m\u00e1s va a suceder\u201d.<\/p>\n<p>En s\u00edntesis, si se acaba la corrupci\u00f3n, el presupuesto alcanzar\u00e1 para todo.<\/p>\n<p style=\"text-align: center;\"><strong>El PAN demanda responsabilidad<\/strong><\/p>\n<p>El paquete econ\u00f3mico 2020 debe ser responsable, generar confianza al sector productivo y a la inversi\u00f3n, impulsar el empleo, evitar m\u00e1s endeudamiento y disminuir impuestos, as\u00ed como los programas clientelares del gobierno, se\u00f1al\u00f3 el l\u00edder nacional del PAN, Marko Cort\u00e9s.<\/p>\n<p>En un comunicado, el dirigente nacional del partido azul y blanco sostuvo que se deben evitar subejercicios irresponsables que menoscaban los servicios b\u00e1sicos a la poblaci\u00f3n.<\/p>\n<p>Tambi\u00e9n indic\u00f3 que el objetivo central para el pr\u00f3ximo a\u00f1o deber\u00e1 ser la reactivaci\u00f3n de la econom\u00eda con pol\u00edticas y programas basados en criterios t\u00e9cnicos, no ideol\u00f3gicos ni pol\u00edticos, como ocurri\u00f3 en 2019.<\/p>\n<p>\u201cProponemos que se haga una reingenier\u00eda a los programas clientelares para evitar tanto despilfarro de recursos, que el dinero p\u00fablico se vaya a donde m\u00e1s se necesita, que los resultados sean verificables y cuantificables, es decir, que el gobierno tome sus decisiones con criterios t\u00e9cnicos, no ideol\u00f3gicos ni pol\u00edticos\u00bb, indic\u00f3 el dirigente de Acci\u00f3n Nacional.<\/p>\n<p>Adem\u00e1s, en su esfuerzo por erigirse como la real oposici\u00f3n frente al gobierno de Morena, el dirigente panista propuso elevar las participaciones federales a 20 por ciento para los estados y a 10 por ciento a los municipios, para que los gobernadores y alcaldes puedan hacer frente a las necesidades b\u00e1sicas de la gente.<\/p>\n<p>Tambi\u00e9n &#8212; lo cual seguramente ser\u00e1 rechazado de inmediato&#8211;,\u00a0 advirti\u00f3 que es indispensable reducir el gasto clientelar del gobierno y analizar una reforma fiscal que disminuya el Impuesto Sobre la Renta a 25 por ciento y el IVA 10 por ciento, con el fin de atraer la inversi\u00f3n extranjera, impulsar la reinversi\u00f3n nacional, generar nuevas fuentes de trabajo, estimular el consumo y reactivar el mercado interno.<\/p>\n<p style=\"text-align: center;\"><strong>El momento del cambio es ahora: Fern\u00e1ndez Balboa<\/strong><\/p>\n<p>\u201cHace un a\u00f1o, en el Senado de la Rep\u00fablica, que es la casa de todos, comenzamos a cumplir el mandato que nos hicieron el 1 de julio y desde entonces, inspirados en la Cuarta Transformaci\u00f3n, entendimos que la democracia es la posibilidad de cambiar lo que no funciona\u201d, asegur\u00f3 la presidenta de esa C\u00e1mara, M\u00f3nica Fern\u00e1ndez Balboa, quien se \u201cestren\u00f3\u201d con esta declaraci\u00f3n luego del dif\u00edcil proceso en el cual fue elegida contra los intentos de su compa\u00f1ero de partido Mart\u00ed Batres de ser reelegido.<\/p>\n<p>Al asistir al informe de la senadora de la Ciudad de M\u00e9xico Citlalli Hern\u00e1ndez, la presidenta del Senado destac\u00f3 que sus compa\u00f1eros de C\u00e1mara saben que el momento de esos cambios es ahora, porque les corresponde ser los transformadores y los articuladores del bienestar del pa\u00eds.<\/p>\n<p>\u00abDesde el Senado se trabaja para construir, pues del trabajo que se haga ahora depender\u00e1 lo que le ocurrir\u00e1 a una generaci\u00f3n entera, a los j\u00f3venes y a todo el pa\u00eds\u00bb, expres\u00f3 la legisladora.<\/p>\n<p>Por su parte, el presidente de la Junta de Coordinaci\u00f3n Pol\u00edtica del Senado, Ricardo Monreal \u00c1vila, resalt\u00f3 la juventud de Citlalli Hern\u00e1ndez Mora, quien es la legisladora de menor edad del Senado, con solo 28 a\u00f1os de edad, y destac\u00f3 que los informes ante la ciudadan\u00eda son muy importantes, porque se atestigua la rendici\u00f3n de cuentas y la transparencia de las acciones.<\/p>\n<p>Al acto lleg\u00f3 por sorpresa la jefa de Gobierno, Claudia Sheinbaum, quien momentos antes hab\u00eda inaugurado obras en Iztacalco con el alcalde de esa demarcaci\u00f3n, Armando Quintero.<\/p>\n<p>La gobernante capitalina aprovech\u00f3 para felicitar a Hern\u00e1ndez Mora.<\/p>\n<p style=\"text-align: center;\"><strong>Cuidar el estado de Derecho, propone Moreno C\u00e1rdenas\u00a0\u00a0\u00a0\u00a0\u00a0\u00a0\u00a0 <\/strong><\/p>\n<p>El presidente nacional del PRI, Alejandro Moreno C\u00e1rdenas, pidi\u00f3 a legisladores locales, senadores y diputados federales, as\u00ed como a dirigentes estatales y presidentes municipales de su partido cuidar todos los d\u00edas el respeto al estado de Derecho, la divisi\u00f3n de poderes, el\u00a0 sistema democr\u00e1tico y las libertades de los mexicanos.<\/p>\n<p>En la inauguraci\u00f3n del \u201cReencuentro Revolucionario. Buenas cuentas, buenos resultados\u201d, efectuado en la sede nacional del PRI, el dirigente del tricolor expres\u00f3 su reconocimiento a sus compa\u00f1eros diputados federales, porque no permitieron que se pisoteara la ley en San L\u00e1zaro, al mismo tiempo que destac\u00f3 que con firmeza y mucha responsabilidad, los senadores han construido una estrategia clara, con direcci\u00f3n, y se ha logrado un bloque opositor que no va a permitir intenciones de reelecci\u00f3n, ni autoritarismo en M\u00e9xico.<\/p>\n<p>En particular, el dirigente pri\u00edsta destac\u00f3 su reconocimiento a los coordinadores de los diputados, Ren\u00e9 Ju\u00e1rez Cisneros, y de los senadores, Miguel \u00c1ngel Osorio Chong.<\/p>\n<p>Ante los asistentes al \u201cReencuentro Revolucionario\u201d, Moreno C\u00e1rdenas indic\u00f3 que los pri\u00edstas tienen en claro que, en una democracia, se gana y se pierde, y hoy, hay mayor competencia en \u00e9sta, pero los pri\u00edstas estamos listos para volver a ganar, sobre todo, porque la ciudadan\u00eda, ante su preocupaci\u00f3n por los malos resultados del actual gobierno federal, \u201cest\u00e1 volteando nuevamente hacia nosotros\u201d.<\/p>\n<p>Adem\u00e1s, record\u00f3 que el PRI construy\u00f3 las instituciones del Siglo 20,\u00a0 por lo que \u201choy nos toca convocar a construir el M\u00e9xico del Siglo 21.<\/p>\n<p>Y para eso estamos llamados los que estamos aqu\u00ed, los que amamos a nuestro partido. Cuidemos lo m\u00e1s importante: el respeto al estado de Derecho, la divisi\u00f3n de poderes, un\u00a0 sistema democr\u00e1tico y nuestras libertades\u201d.<\/p>\n<p><em><a href=\"mailto:riverapaz@infinitummail.com\" target=\"_blank\" rel=\"noopener noreferrer\">riverapaz@infinitummail.com<\/a><\/em><\/p>\n","protected":false},"excerpt":{"rendered":"<p><span style=\"color: #005497;\"><strong>Miguel \u00c1ngel Rivera<\/strong><\/span><\/p>\n","protected":false},"author":3,"featured_media":0,"comment_status":"open","ping_status":"open","sticky":false,"template":"","format":"standard","meta":{"_monsterinsights_skip_tracking":false,"_monsterinsights_sitenote_active":false,"_monsterinsights_sitenote_note":"","_monsterinsights_sitenote_category":0,"footnotes":""},"categories":[84119],"tags":[84120,84121,43674],"class_list":["post-442044","post","type-post","status-publish","format-standard","hentry","category-miguel-angel-rivera","tag-clase-politica","tag-miguel-angel-rivera","tag-opinion"],"_links":{"self":[{"href":"https:\/\/www.diarioimagen.net\/index.php?rest_route=\/wp\/v2\/posts\/442044","targetHints":{"allow":["GET"]}}],"collection":[{"href":"https:\/\/www.diarioimagen.net\/index.php?rest_route=\/wp\/v2\/posts"}],"about":[{"href":"https:\/\/www.diarioimagen.net\/index.php?rest_route=\/wp\/v2\/types\/post"}],"author":[{"embeddable":true,"href":"https:\/\/www.diarioimagen.net\/index.php?rest_route=\/wp\/v2\/users\/3"}],"replies":[{"embeddable":true,"href":"https:\/\/www.diarioimagen.net\/index.php?rest_route=%2Fwp%2Fv2%2Fcomments&post=442044"}],"version-history":[{"count":0,"href":"https:\/\/www.diarioimagen.net\/index.php?rest_route=\/wp\/v2\/posts\/442044\/revisions"}],"wp:attachment":[{"href":"https:\/\/www.diarioimagen.net\/index.php?rest_route=%2Fwp%2Fv2%2Fmedia&parent=442044"}],"wp:term":[{"taxonomy":"category","embeddable":true,"href":"https:\/\/www.diarioimagen.net\/index.php?rest_route=%2Fwp%2Fv2%2Fcategories&post=442044"},{"taxonomy":"post_tag","embeddable":true,"href":"https:\/\/www.diarioimagen.net\/index.php?rest_route=%2Fwp%2Fv2%2Ftags&post=442044"}],"curies":[{"name":"wp","href":"https:\/\/api.w.org\/{rel}","templated":true}]}}