{"id":442153,"date":"2019-09-10T00:08:33","date_gmt":"2019-09-10T05:08:33","guid":{"rendered":"https:\/\/www.diarioimagen.net\/?p=442153"},"modified":"2019-09-10T01:57:56","modified_gmt":"2019-09-10T06:57:56","slug":"onu-preocupada-por-migrantes-que-cruzan-mexico","status":"publish","type":"post","link":"https:\/\/www.diarioimagen.net\/?p=442153","title":{"rendered":"ONU, preocupada por migrantes que cruzan M\u00e9xico"},"content":{"rendered":"<h2>Clase Pol\u00edtica<\/h2>\n<h5>Miguel \u00c1ngel Rivera<\/h5>\n<p>&nbsp;<\/p>\n<p>\u00abMe preocupa que las pol\u00edticas implementadas actualmente en Estados Unidos, M\u00e9xico y algunos pa\u00edses centroamericanos est\u00e1n poniendo a los migrantes en un creciente riesgo de sufrir violaciones y abusos de los derechos humanos\u00bb.<\/p>\n<p>Lo anterior fue expresado por la Alta Comisionada de Naciones Unidas para los Derechos Humanos, la ex presidenta de Chile, Michelle Bachelet, durante la apertura de la sesi\u00f3n del Consejo de Derechos Humanos de la ONU, efectuada en Ginebra, Suiza.<\/p>\n<p>La especialista en la protecci\u00f3n de los derechos fundamentales advirti\u00f3 que esas pol\u00edticas a las que hizo referencia ponen en un \u201ccreciente riesgo\u00bb a los migrantes, especialmente a los ni\u00f1os, que \u00absiguen siendo detenidos en centros tanto en Estados Unidos como en M\u00e9xico, contraviniendo el mejor inter\u00e9s del menor\u00bb, a pesar de que \u00abes un principio fundamental del Derecho Internacional\u00bb.<\/p>\n<p>Bachelet tambi\u00e9n ha criticado los \u00abacuerdos para &#8216;devolver&#8217; a la gente.<\/p>\n<p>De acuerdo con cifras que se manejan en medios cercanos, al Consejo de Derechos Humanos de la ONU, al menos 35 mil solicitantes de asilo han sido obligados a retroceder a M\u00e9xico para esperar all\u00ed la resoluci\u00f3n de sus casos en Estados Unidos.<\/p>\n<p>Adem\u00e1s, se destaca que la oficina de Bachelet ha documentado un aumento en las detenciones y deportaciones de migrantes, as\u00ed como un \u00abuso excesivo de la fuerza\u00bb y negaci\u00f3n del acceso a servicios y asistencia.<\/p>\n<p>Los acuerdos para \u201cdevolver\u201d a la gente a este y otros pa\u00edses \u201cno pueden ser considerados legales si los derechos humanos y las normas de refugio no son respetados, incluido el principio de no devoluci\u00f3n y las garant\u00edas de una an\u00e1lisis individualizado, el mejor inter\u00e9s del menor y el debido proceso\u00bb, ha expresado la comisionada.<\/p>\n<p>En particular, Bachelet ha llamado la atenci\u00f3n sobre la pol\u00edtica estadounidense de separar a los ni\u00f1os migrantes de sus padres, que con la perspectiva de una nueva norma podr\u00edan quedar detenidos indefinidamente.<\/p>\n<p>Estos comentarios de Bachelet significan un cambio notable respecto de su amistoso discurso cuando estuvo en nuestro pa\u00eds, apenas en abril pasado, invitada por el gobierno del presidente Andr\u00e9s Manuel L\u00f3pez Obrador.<\/p>\n<p>En aquella ocasi\u00f3n, la ex presidenta Chilena dijo:<\/p>\n<p>\u201cQuiero comenzar mi intervenci\u00f3n destacando el momento crucial que este pa\u00eds est\u00e1 viviendo. Es un momento de transformaci\u00f3n y de oportunidades que se ha abierto desde la llegada al poder del nuevo gobierno.<\/p>\n<p>El presidente Andr\u00e9s Manuel L\u00f3pez Obrador ha expresado su voluntad de implementar un cambio de paradigma: uno que asume la centralidad de los derechos humanos. Yo no solo reconozco esta determinaci\u00f3n, sino que muestro mi voluntad y la de mi Oficina en M\u00e9xico de apoyarla.<\/p>\n<p>En esa visita, Bachelet elogi\u00f3 especialmente la decisi\u00f3n del gobierno mexicano de crear la Comisi\u00f3n Presidencial para la Verdad y Acceso a la Justicia para el caso Ayotzinapa en los primeros d\u00edas del nuevo gobierno.<\/p>\n<p>En especial coment\u00f3 favorablemente la pol\u00edtica del nuevo gobierno en materia migratoria.<\/p>\n<p>\u201cLa decisi\u00f3n gubernamental de cambiar el rumbo de la pol\u00edtica migratoria del anterior gobierno, centrada en la detenci\u00f3n y la deportaci\u00f3n masiva de personas migrantes \u2013la cual criminaliza a un grupo ya de por s\u00ed muy vulnerable, alienta el tr\u00e1nsito por rutas clandestinas y hace a las personas migrantes y solicitantes de asilo una presa m\u00e1s f\u00e1cil de la delincuencia organizada&#8211;, es un paso positivo.<\/p>\n<p>Tambi\u00e9n lo es la pol\u00edtica de entregar permisos de estancia por razones humanitarias a las personas migrantes. Sin embargo, para que exista un verdadero cambio de pol\u00edtica migratoria, estas acciones deben ser parte de una estrategia integral en la que el tr\u00e1nsito de personas migrantes en M\u00e9xico sea seguro, que se mejoren las capacidades institucionales para evaluar y resolver solicitudes de asilo y otras necesidades de protecci\u00f3n internacional, y que se reduzcan las tasas de impunidad para delitos cometidos en contra de personas migrantes en M\u00e9xico\u201d, dijo Michelet.<\/p>\n<p style=\"text-align: center;\"><strong>Encinas, en defensa de la pol\u00edtica nacional<\/strong><\/p>\n<p>El subsecretario de Derechos Humanos, Poblaci\u00f3n y Migraci\u00f3n de la Secretar\u00eda de Gobernaci\u00f3n (Segob), Alejandro Encinas, sali\u00f3 en defensa de la pol\u00edtica nacional en materia de migraci\u00f3n.<\/p>\n<p>Se\u00f1al\u00f3 que no ve un proceso de militarizaci\u00f3n en las fronteras del pa\u00eds, pues si bien la Guardia Nacional tiene un componente importante de militares y marinos de origen en su formaci\u00f3n, tiene un mando civil.<\/p>\n<p>Esos elementos, dijo el funcionario federal, responden estrictamente a la instrumentaci\u00f3n de las pol\u00edticas en materia de seguridad ciudadana, que es el objetivo de la Guardia Nacional.<\/p>\n<p>Esperemos que eso se consolide efectivamente m\u00e1s con una visi\u00f3n de protecci\u00f3n ciudadana que una protecci\u00f3n de car\u00e1cter militar, dijo el funcionario.<\/p>\n<p>Al llegar a Villahermosa, Tabasco, para la instalaci\u00f3n del Sistema de B\u00fasqueda de Personas, el funcionario federal indic\u00f3 que el tema migratorio es un problema generalizado en el pa\u00eds, pero debe entenderse que este fen\u00f3meno ha tenido cambios sustantivos que requieren no solo una atenci\u00f3n en cuanto al cumplimiento de la ley migratoria, sino que se est\u00e1 frente a una crisis humanitaria en los pa\u00edses de origen de los migrantes, que los ha llevado a un \u00e9xodo.<\/p>\n<p style=\"text-align: center;\"><strong>Denuncian \u201cdesv\u00edo\u201d de becas<\/strong><\/p>\n<p>En Cuernavaca, Morelos, unos 900 becarios del programa \u201cJ\u00f3venes Construyendo el Futuro\u201d acusaron al director general del Banco Bienestar, Rabindranath Salazar Solorio, y al encargado del programa en Morelos, Miguel \u00c1ngel Rabad\u00e1n, de desviar los recursos econ\u00f3micos de las becas de los j\u00f3venes para fines pol\u00edticos.<\/p>\n<p>Los inconformes, que bloquearon la avenida Plan de Ayala, denunciaron que \u201cel coordinador del programa Miguel \u00c1ngel (Rabad\u00e1n), arbitrariamente y por as\u00ed convenir a sus intereses personales, nos desvincul\u00f3 de las empresas que voluntariamente elegimos para capacitarnos\u201d.<\/p>\n<p>La becaria Gloria Patricia Bahena asegur\u00f3 que eligieron aprender un oficio y prestar un servicio en Jiutepec y Cuernavaca, por ser las \u00fanicas empresas en nuestro entorno con especificaciones t\u00e9cnicas de acuerdo con su perfil y expectativa.<\/p>\n<p>Agreg\u00f3 que el encargado del programa, en Morelos, \u201cvulnera nuestros derechos laborales, al pretender alterar nuestras condiciones generales de trabajo, cambi\u00e1ndonos de domicilio, de patrones, de funciones y reducirnos el apoyo econ\u00f3mico que mensualmente recibimos, y con ello cooptarnos para sus fines partidistas.<\/p>\n<p>Al respecto, precis\u00f3 que si no aceptan afiliarse a Morena \u201cnos quitan la beca\u201d.<\/p>\n<p>El bloqueo inici\u00f3 alrededor de las 8 de la ma\u00f1ana, a la altura de las oficinas federales que se encargan de estos programas sociales. En las mantas de protesta, los j\u00f3venes escribieron mensajes dirigi\u00e9ndose al presidente de la Rep\u00fablica Andr\u00e9s Manuel L\u00f3pez Obrador en donde le dicen que \u201cen Morelos el programa J\u00f3venes construyendo el Futuro est\u00e1 lleno de corrupci\u00f3n por la ambici\u00f3n de sus funcionarios federales\u201d.<\/p>\n<p style=\"text-align: center;\"><strong>Funcionarios del SAT cobraban, para su beneficio<\/strong><\/p>\n<p>A pesar de problemas internos, como la destituci\u00f3n de su titular, personal de la Fiscal\u00eda General de Veracruz particip\u00f3 junto con elementos del Servicio de Administraci\u00f3n Tributaria (SAT) en un operativo para detener a funcionarios p\u00fablicos involucrados en un acto de extorsi\u00f3n.<\/p>\n<p>Como resultado de una denuncia ciudadana y trabajos de investigaci\u00f3n interna, elementos de la FGE y del SAT culminaron la investigaci\u00f3n con la aprehensi\u00f3n de tres personas, entre ellas una funcionaria y una ex servidora p\u00fablica, acusadas del por el delito de cohecho.<\/p>\n<p>Las autoridades informaron que la servidora p\u00fablica detenida, quien se desempe\u00f1aba como auditora en la Administraci\u00f3n Desconcentrada de Auditor\u00eda Fiscal de Veracruz \u201c1\u201d (Xalapa), y la ex funcionaria del SAT, pidieron 4.5 millones de pesos a un contribuyente al que se le practicaba una visita domiciliaria.<\/p>\n<p>Los inculpados fueron detenidos en plena comisi\u00f3n del delito, por lo que fueron trasladados a las instalaciones de la FGR para los procedimientos penales correspondientes.<\/p>\n<p>De hecho, el juez encargado del caso dict\u00f3 sentencia condenatoria por el delito de cohecho, por lo que se les conden\u00f3 a dos a\u00f1os de prisi\u00f3n y dos a\u00f1os de inhabilitaci\u00f3n para ejercer cualquier cargo como servidor p\u00fablico federal, amonestaci\u00f3n p\u00fablica y multa por los hechos cometidos.<\/p>\n<p><em><a href=\"mailto:riverapaz@infinitummail.com\" target=\"_blank\" rel=\"noopener noreferrer\">riverapaz@infinitummail.com<\/a><\/em><\/p>\n","protected":false},"excerpt":{"rendered":"<p><span style=\"color: #005497;\"><strong>Miguel \u00c1ngel Rivera<\/strong><\/span><\/p>\n","protected":false},"author":3,"featured_media":0,"comment_status":"open","ping_status":"open","sticky":false,"template":"","format":"standard","meta":{"_monsterinsights_skip_tracking":false,"_monsterinsights_sitenote_active":false,"_monsterinsights_sitenote_note":"","_monsterinsights_sitenote_category":0,"footnotes":""},"categories":[84119],"tags":[84120,84121,43674],"class_list":["post-442153","post","type-post","status-publish","format-standard","hentry","category-miguel-angel-rivera","tag-clase-politica","tag-miguel-angel-rivera","tag-opinion"],"_links":{"self":[{"href":"https:\/\/www.diarioimagen.net\/index.php?rest_route=\/wp\/v2\/posts\/442153","targetHints":{"allow":["GET"]}}],"collection":[{"href":"https:\/\/www.diarioimagen.net\/index.php?rest_route=\/wp\/v2\/posts"}],"about":[{"href":"https:\/\/www.diarioimagen.net\/index.php?rest_route=\/wp\/v2\/types\/post"}],"author":[{"embeddable":true,"href":"https:\/\/www.diarioimagen.net\/index.php?rest_route=\/wp\/v2\/users\/3"}],"replies":[{"embeddable":true,"href":"https:\/\/www.diarioimagen.net\/index.php?rest_route=%2Fwp%2Fv2%2Fcomments&post=442153"}],"version-history":[{"count":0,"href":"https:\/\/www.diarioimagen.net\/index.php?rest_route=\/wp\/v2\/posts\/442153\/revisions"}],"wp:attachment":[{"href":"https:\/\/www.diarioimagen.net\/index.php?rest_route=%2Fwp%2Fv2%2Fmedia&parent=442153"}],"wp:term":[{"taxonomy":"category","embeddable":true,"href":"https:\/\/www.diarioimagen.net\/index.php?rest_route=%2Fwp%2Fv2%2Fcategories&post=442153"},{"taxonomy":"post_tag","embeddable":true,"href":"https:\/\/www.diarioimagen.net\/index.php?rest_route=%2Fwp%2Fv2%2Ftags&post=442153"}],"curies":[{"name":"wp","href":"https:\/\/api.w.org\/{rel}","templated":true}]}}