{"id":442167,"date":"2019-09-10T00:00:15","date_gmt":"2019-09-10T05:00:15","guid":{"rendered":"https:\/\/www.diarioimagen.net\/?p=442167"},"modified":"2019-09-10T02:33:22","modified_gmt":"2019-09-10T07:33:22","slug":"presupuesto-2020-pone-a-temblar-a-q-roo","status":"publish","type":"post","link":"https:\/\/www.diarioimagen.net\/?p=442167","title":{"rendered":"Presupuesto 2020 pone a temblar a Q. Roo"},"content":{"rendered":"<h2>Derecho de r\u00e9plica<\/h2>\n<p>&nbsp;<\/p>\n<ul>\n<li><strong><em>La entidad alinear\u00e1 acciones con el gobierno federal para combatir la evasi\u00f3n fiscal y mejorar los ingresos estatales<\/em><\/strong><\/li>\n<\/ul>\n<p>&nbsp;<\/p>\n<p>En la Secretar\u00eda de Finanzas y Planeaci\u00f3n, que dirige Yohanet Torres\u00a0Mu\u00f1oz, se muerden las u\u00f1as por conocer c\u00f3mo vendr\u00e1 para Quintana Roo el paquete econ\u00f3mico del pr\u00f3ximo a\u00f1o, mismo que se encuentra en el Congreso de la Uni\u00f3n para su aprobaci\u00f3n, y es que, ante los m\u00e1s de 2 mil millones de pesos en recortes federales, se teme que se mantenga la federaci\u00f3n en esa postura.<\/p>\n<p>El presupuesto autorizado para este a\u00f1o fue de aproximadamente 16 mil millones de pesos, sin embargo, se registr\u00f3 una disminuci\u00f3n de aproximadamente 160 millones de pesos, a consecuencia de la baja recaudaci\u00f3n fiscal.<\/p>\n<p>Aunque, hasta el momento el gobierno del estado no tiene contemplado implementar nuevos impuestos, en la Secretar\u00eda de Finanzas y Planeaci\u00f3n,\u00a0en el transcurso de la pr\u00f3xima quincena tendr\u00e1n un estimado sobre las necesidades presupuestales, empero, la expectativa que\u00a0Torres Mu\u00f1oz tiene del\u00a0paquete econ\u00f3mico presentado por el gobierno federal es \u201cconservador\u201d, por no decir triste.<\/p>\n<p>Para enfrentar un probable, muy probable, recorte presupuestal, el estado alinear\u00e1 acciones con el gobierno federal para combatir la evasi\u00f3n fiscal y mejorar los ingresos estatales.<\/p>\n<p style=\"text-align: center;\"><strong>Menos recursos, menos avance<\/strong><\/p>\n<p>Con los recortes presupuestales a varias secretar\u00edas en Quintana Roo, el gobierno estatal cruza por una dif\u00edcil situaci\u00f3n en la que la obra p\u00fablica, los apoyos sociales fueron los que sufren retrasos. Sin embargo, el destino de muchos proyectos est\u00e1 en veremos, pues dependen del plan econ\u00f3mico del pr\u00f3ximo a\u00f1o, con lo que muchos empleos estar\u00e1n en juego.<\/p>\n<p style=\"text-align: center;\"><strong>No m\u00e1s impuestos, pero s\u00ed m\u00e1s presi\u00f3n para pagarlos<\/strong><\/p>\n<p>A los planes federales para incrementar la recaudaci\u00f3n fiscal a los que Yohanet Torres se refiri\u00f3, no dejar\u00e1n\u00a0<em>t\u00edtere con cabeza<\/em>, pues el gobierno de Andr\u00e9s Manuel L\u00f3pez Obrador quiere que paguen impuestos hasta las\u00a0<em>\u00f1oras<\/em>\u00a0que venden \u201ctopers\u201d.<\/p>\n<p>Todos le tendr\u00e1n que <em>apechugar<\/em> para la 4T, pues trascendi\u00f3 que, para el 2020, el gobierno federal pondr\u00e1 especial atenci\u00f3n en incrementar la recaudaci\u00f3n de impuestos, ya sea v\u00eda el combate a la evasi\u00f3n fiscal, as\u00ed como con el incremento de algunas tasas de retenci\u00f3n de los impuestos existentes e incluyendo a que m\u00e1s actividades econ\u00f3micas paguen.<\/p>\n<p>El paquete econ\u00f3mico, trascendi\u00f3, tiene una propuesta de \u201csimplificaci\u00f3n\u201d fiscal para el pago de impuestos para todos los que realizan ventas por cat\u00e1logo, que se estima pueden ser alrededor de 2.5 millones de personas, as\u00ed que si vende Avon, zapatos, colchas o calzones por cat\u00e1logo a sus comadres, tambi\u00e9n tendr\u00e1 usted que pagarle a la 4T su tajada. El c\u00e1lculo del ISR se har\u00e1 en la ganancia del vendedor, y saldr\u00e1 de la diferencia entre el precio de venta sugerido y el precio de compra, lo que ser\u00e1 retenido por la empresa distribuidora, para asegurar la recaudaci\u00f3n.<\/p>\n<p>Si usted vive de sus rentas, tome sus precauciones, pues si un inquilino no le quiere pagar y usted quiere establecer una demanda civil, \u00e9sta no proceder\u00e1 si usted no presenta las facturas del pago de alquiler.\u00a0En caso de que no se acredite la emisi\u00f3n de los comprobantes fiscales, las autoridades judiciales deber\u00e1n informar tal situaci\u00f3n al Servicio de Administraci\u00f3n Tributaria.\u00a0As\u00ed se van a poner las cosas en el 2020 y como dice la Biblia, se ver\u00e1n cosas peores, por lo que, a nivel estatal, se puede esperar tambi\u00e9n un apego a este tipo de esquema tributario.<\/p>\n<p style=\"text-align: center;\"><strong>Tiempos de corregir<\/strong><\/p>\n<p>El gobernador Carlos Joaqu\u00edn Gonz\u00e1lez afirm\u00f3 que la reingenier\u00eda administrativa y financiera que preparan ser\u00e1 fundamental, ya que vienen tiempos complicados al darse a conocer el presupuesto federal para el pr\u00f3ximo a\u00f1o.<\/p>\n<p>Carlos Joaqu\u00edn asegur\u00f3 que entre el 80 y 90 por ciento de sus compromisos de campa\u00f1a han sido cumplidos, sin embargo, los tiempos no son para hacer m\u00e1s planes, sino, de corregir algunas acciones. Los tiempos pol\u00edticos y econ\u00f3micos, no son los mismos que hace tres a\u00f1os cuando inici\u00f3 su mandato, por lo que, ante los cambios radicales se requieren estrategias para cumplir con lo prometido.<\/p>\n<p style=\"text-align: center;\"><strong>Reflejo de escasos recursos<\/strong><\/p>\n<p>Si el paquete econ\u00f3mico del 2020 mantiene a Quintana Roo limitado como este a\u00f1o, las expectativas tambi\u00e9n son \u201cconservadoras\u201d en la industria tur\u00edstica pues, para muestra de c\u00f3mo afectaron los recortes en los recursos para promoci\u00f3n del destino,\u00a0Canc\u00fan tuvo una ligera disminuci\u00f3n en el n\u00famero de pasajeros transportados en el Aeropuerto Internacional durante el mes de agosto, comparado con las cifras del mismo periodo del 2018.<\/p>\n<p>La baja es poco significativa, pero deja en evidencia el a\u00f1o complicado para el principal destino tur\u00edstico del pa\u00eds, debido a la desaparici\u00f3n del Consejo de Promoci\u00f3n Tur\u00edstica de M\u00e9xico, la presencia masiva del sargazo, as\u00ed como la violencia que deja a diario m\u00e1s de dos ejecuciones.<\/p>\n<p>El descenso en el n\u00famero de pasajeros es s\u00f3lo de 1.3 por ciento, pero es significativo, porque la tendencia de varios a\u00f1os fue al alza, esta cifra representa poco menos de 15 mil pasajeros, en agosto de 2018 llegaron 2 millones 198 mil 733 pasajeros por 2 millones 169 mil 55 de este a\u00f1o.<\/p>\n<p>En la suma total del a\u00f1o, el aeropuerto de Canc\u00fan ha recibido uno por ciento m\u00e1s de pasajeros que en los primeros 8 meses del a\u00f1o anterior, lo que significan casi 180 mil pasajeros m\u00e1s. Sin embargo, hasta el a\u00f1o pasado el incremento anual de paseantes era de seis cifras, entre uno y dos millones de viajeros m\u00e1s cada a\u00f1o, lo que al final del d\u00eda, si tiene repercusi\u00f3n en el polo tur\u00edstico y es un llamado de atenci\u00f3n a la federaci\u00f3n de cuidar a la <em>gallina de los huevos de oro<\/em>.<\/p>\n","protected":false},"excerpt":{"rendered":"<p><span style=\"color: #005497;\"><strong>Derecho de r\u00e9plica<\/strong><\/span><\/p>\n","protected":false},"author":3,"featured_media":0,"comment_status":"open","ping_status":"open","sticky":false,"template":"","format":"standard","meta":{"_monsterinsights_skip_tracking":false,"_monsterinsights_sitenote_active":false,"_monsterinsights_sitenote_note":"","_monsterinsights_sitenote_category":0,"footnotes":""},"categories":[62907],"tags":[47840,43674],"class_list":["post-442167","post","type-post","status-publish","format-standard","hentry","category-derecho-de-replica","tag-derecho-de-replica","tag-opinion"],"_links":{"self":[{"href":"https:\/\/www.diarioimagen.net\/index.php?rest_route=\/wp\/v2\/posts\/442167","targetHints":{"allow":["GET"]}}],"collection":[{"href":"https:\/\/www.diarioimagen.net\/index.php?rest_route=\/wp\/v2\/posts"}],"about":[{"href":"https:\/\/www.diarioimagen.net\/index.php?rest_route=\/wp\/v2\/types\/post"}],"author":[{"embeddable":true,"href":"https:\/\/www.diarioimagen.net\/index.php?rest_route=\/wp\/v2\/users\/3"}],"replies":[{"embeddable":true,"href":"https:\/\/www.diarioimagen.net\/index.php?rest_route=%2Fwp%2Fv2%2Fcomments&post=442167"}],"version-history":[{"count":0,"href":"https:\/\/www.diarioimagen.net\/index.php?rest_route=\/wp\/v2\/posts\/442167\/revisions"}],"wp:attachment":[{"href":"https:\/\/www.diarioimagen.net\/index.php?rest_route=%2Fwp%2Fv2%2Fmedia&parent=442167"}],"wp:term":[{"taxonomy":"category","embeddable":true,"href":"https:\/\/www.diarioimagen.net\/index.php?rest_route=%2Fwp%2Fv2%2Fcategories&post=442167"},{"taxonomy":"post_tag","embeddable":true,"href":"https:\/\/www.diarioimagen.net\/index.php?rest_route=%2Fwp%2Fv2%2Ftags&post=442167"}],"curies":[{"name":"wp","href":"https:\/\/api.w.org\/{rel}","templated":true}]}}