{"id":442285,"date":"2019-09-11T00:06:23","date_gmt":"2019-09-11T05:06:23","guid":{"rendered":"https:\/\/www.diarioimagen.net\/?p=442285"},"modified":"2019-09-11T07:43:19","modified_gmt":"2019-09-11T12:43:19","slug":"gobierno-de-tlalnepantla-y-harmon-hall-firman-convenio-de-colaboracion","status":"publish","type":"post","link":"https:\/\/www.diarioimagen.net\/?p=442285","title":{"rendered":"Gobierno de Tlalnepantla y Harmon Hall firman convenio de colaboraci\u00f3n"},"content":{"rendered":"<ul>\n<li><strong><em>Los empleados ser\u00e1n beneficiarios<\/em><\/strong><\/li>\n<\/ul>\n<p>&nbsp;<\/p>\n<p><a href=\"https:\/\/www.diarioimagen.net\/?attachment_id=442342\" rel=\"attachment wp-att-442342\"><img loading=\"lazy\" decoding=\"async\" class=\"aligncenter size-large wp-image-442342\" src=\"https:\/\/www.diarioimagen.net\/wp-content\/uploads\/2019\/09\/TLALNEPANTLA-11-460x306.jpg\" alt=\"\" width=\"460\" height=\"306\" srcset=\"https:\/\/www.diarioimagen.net\/wp-content\/uploads\/2019\/09\/TLALNEPANTLA-11-460x306.jpg 460w, https:\/\/www.diarioimagen.net\/wp-content\/uploads\/2019\/09\/TLALNEPANTLA-11-240x160.jpg 240w, https:\/\/www.diarioimagen.net\/wp-content\/uploads\/2019\/09\/TLALNEPANTLA-11.jpg 700w\" sizes=\"auto, (max-width: 460px) 100vw, 460px\" \/><\/a><\/p>\n<p>&nbsp;<\/p>\n<p><strong>Tlalnepantla, Estado de M\u00e9xico<\/strong>.- El gobierno de Tlalnepantla y Harmon Hall, firmaron un convenio de colaboraci\u00f3n para\u00a0 que los servidores p\u00fablicos de la actual administraci\u00f3n cuenten con m\u00e1s herramientas para ofrecer una mejor atenci\u00f3n a la ciudadan\u00eda.<\/p>\n<p>El presidente municipal, Raciel P\u00e9rez Cruz, se\u00f1al\u00f3 que con este convenio los servidores p\u00fablicos estar\u00e1n mejor capacitados para desarrollar su trabajo en beneficio de los habitantes de nuestra ciudad.<\/p>\n<p>Puntualiz\u00f3 que para la entidad y el pa\u00eds, \u201cTlalnepantla es lugar estrat\u00e9gico en materia econ\u00f3mica, ya que cuenta con una amplia gama de empresarios e inversionistas, \u201ccon este convenio pretendemos incrementar las habilidades y competencias de nuestros servidores p\u00fablicos\u201d.<\/p>\n<p>El director del Instituto Municipal de Planeaci\u00f3n, Alfredo Guillermo Torres Osorio, dijo que \u201ctenemos un alto compromiso con la ciudadan\u00eda, somos actores sociales con la responsabilidad de hacer gobierno y ofrecer educaci\u00f3n, actividades esenciales para sostener el tejido social, por ello la relevancia de esta alianza es mayor\u201d.<\/p>\n<p>El director de Ense\u00f1anza y Desarrollo de Harmon Hall Tlalnepantla, Mauricio Macedo Mart\u00ednez, manifest\u00f3 que con la firma de este convenio, esa instituci\u00f3n se compromete a dar la mejor calidad educativa y t\u00e9cnicas que puedan transmitir los conocimientos a los funcionarios, para que tengan un mejor futuro.<\/p>\n<p>\u201cBrindaremos la capacitaci\u00f3n para que los funcionarios tengan mayores posibilidades t\u00e9cnicas de atender a la ciudadan\u00eda y con la ayuda de una nueva herramienta, como es otro idioma y puedan acceder a un futuro profesional muy promisorio. Nos sumamos a esta tarea de la Cuarta Transformaci\u00f3n y lo hacemos a trav\u00e9s de la educaci\u00f3n\u201d, se\u00f1al\u00f3.<\/p>\n<p>En esta firma estuvieron presentes Miguel \u00c1ngel Bravo Suberville, Secretario del Ayuntamiento; Graciela Josefina C\u00e1mara Guerrero, Contralora Municipal; Nancy Am\u00e9rica Estudiante Negrete, Oficial Mayor; Alfredo Guillermo Torres Osorio, Director del Instituto Municipal de Planeaci\u00f3n; Guillermo Garc\u00eda Cano Galindo, Consejero Jur\u00eddico; Blanca Flor Dom\u00ednguez D\u00e1valos, Representante legal de Harmon Hall; Rub\u00ed Guadalupe Rojas S\u00e1nchez, Jefa del Departamento de Desarrollo Institucional, y Erika Ram\u00edrez Hern\u00e1ndez, Gerente de Franquicias.<\/p>\n","protected":false},"excerpt":{"rendered":"<p>El gobierno de Tlalnepantla y Harmon Hall, firmaron un convenio de colaboraci\u00f3n para\u00a0 que los servidores p\u00fablicos de la actual administraci\u00f3n cuenten con m\u00e1s herramientas para ofrecer una mejor atenci\u00f3n a la ciudadan\u00eda.<\/p>\n","protected":false},"author":3,"featured_media":442342,"comment_status":"open","ping_status":"open","sticky":false,"template":"","format":"standard","meta":{"_monsterinsights_skip_tracking":false,"_monsterinsights_sitenote_active":false,"_monsterinsights_sitenote_note":"","_monsterinsights_sitenote_category":0,"footnotes":""},"categories":[5],"tags":[43675,87722,169],"class_list":["post-442285","post","type-post","status-publish","format-standard","has-post-thumbnail","hentry","category-estado-de-mexico","tag-estado-de-mexico","tag-harmon-hall","tag-tlalnepantla"],"_links":{"self":[{"href":"https:\/\/www.diarioimagen.net\/index.php?rest_route=\/wp\/v2\/posts\/442285","targetHints":{"allow":["GET"]}}],"collection":[{"href":"https:\/\/www.diarioimagen.net\/index.php?rest_route=\/wp\/v2\/posts"}],"about":[{"href":"https:\/\/www.diarioimagen.net\/index.php?rest_route=\/wp\/v2\/types\/post"}],"author":[{"embeddable":true,"href":"https:\/\/www.diarioimagen.net\/index.php?rest_route=\/wp\/v2\/users\/3"}],"replies":[{"embeddable":true,"href":"https:\/\/www.diarioimagen.net\/index.php?rest_route=%2Fwp%2Fv2%2Fcomments&post=442285"}],"version-history":[{"count":0,"href":"https:\/\/www.diarioimagen.net\/index.php?rest_route=\/wp\/v2\/posts\/442285\/revisions"}],"wp:featuredmedia":[{"embeddable":true,"href":"https:\/\/www.diarioimagen.net\/index.php?rest_route=\/wp\/v2\/media\/442342"}],"wp:attachment":[{"href":"https:\/\/www.diarioimagen.net\/index.php?rest_route=%2Fwp%2Fv2%2Fmedia&parent=442285"}],"wp:term":[{"taxonomy":"category","embeddable":true,"href":"https:\/\/www.diarioimagen.net\/index.php?rest_route=%2Fwp%2Fv2%2Fcategories&post=442285"},{"taxonomy":"post_tag","embeddable":true,"href":"https:\/\/www.diarioimagen.net\/index.php?rest_route=%2Fwp%2Fv2%2Ftags&post=442285"}],"curies":[{"name":"wp","href":"https:\/\/api.w.org\/{rel}","templated":true}]}}