{"id":442293,"date":"2019-09-11T00:03:49","date_gmt":"2019-09-11T05:03:49","guid":{"rendered":"https:\/\/www.diarioimagen.net\/?p=442293"},"modified":"2019-09-11T02:03:57","modified_gmt":"2019-09-11T07:03:57","slug":"presupuesto-mexiquense","status":"publish","type":"post","link":"https:\/\/www.diarioimagen.net\/?p=442293","title":{"rendered":"Presupuesto mexiquense"},"content":{"rendered":"<h2>Espacio Electoral<\/h2>\n<h5>Eleazar Flores<\/h5>\n<p>&nbsp;<\/p>\n<p>Menos del 5% m\u00e1s.- En relaci\u00f3n\u00a0 al que se ejerce este 2019 de 290 mil millones de pesos, el Presupuesto mexiquense para 2020 ser\u00e1 escasamente un cuatro por ciento mayor, pues ascender\u00e1 a 300 mil millones de pesos, con una acentuada dependencia de recursos federales.<\/p>\n<p>Conocido el monto global del presupuesto, la aplanadora Morena que por segundo a\u00f1o consecutivo encabeza la JUCOPO con Maurilio Hern\u00e1ndez, advierte que habr\u00e1 austeridad.<\/p>\n<p>ADI\u00d3S AL PAC.- En tiempos idos de la mayor\u00eda tricolor, los diputados mexiquenses se hicieron famosos por confundirlos con \u201cmaistros de obras\u201d, pues dentro de sus partidas presupuestales se registraban sumas considerables para el \u201cPrograma de Apoyo a la Comunidad\u201d, PAC, consistentes en compra de materiales para construcci\u00f3n y distribuirlos en comunidades de sus distritos.<\/p>\n<p>Todos los diputados locales y no solo los pri\u00edstas, ten\u00edan derecho a dichas partidas e incluso hasta contaban con bodegas en sus respectivos distritos, para almacenar materiales y posteriormente distribuirlos entre habitantes de las comunidades que los solicitaban. De entre esos materiales en reserva estaban cemento, varilla, tabique y dem\u00e1s.<\/p>\n<p>Siendo mayor\u00eda hasta antes del arribo de la aplanadora de la Cuarta Transformaci\u00f3n, los pri\u00edstas eran mano en eso de compra y distribuci\u00f3n de materiales, tarea en la que pon\u00edan m\u00e1s tiempo que en la de car\u00e1cter legislativo, de ah\u00ed su fama de identificarlos como \u201cmaistros de obras\u201d.<\/p>\n<p>Cierto que se llevaba registro de esas compras, lo discrecional era la repartici\u00f3n en las comunidades.<\/p>\n<p>Dentro de sus posibilidades y existencias en bodegas, los diputados atend\u00edan peticiones de sus representados en colonias y comunidades de sus distritos, lo que redituaba en votos llegado el momento de elecciones.<\/p>\n<p>De hoy en adelante, el famoso PAC pasa a mejor vida por obra, gracia y decisi\u00f3n de la mayor\u00eda de los diputados mexiquenses, con predominancia de Morena.<\/p>\n<p>Apoyo federal.- Para el presupuesto mexiquense 2020, el gobierno federal anuncia desde la Secretar\u00eda de Hacienda, un apoyo extraordinario de 4 mil 800 millones de pesos que se etiquetar\u00e1n para obras hidr\u00e1ulicas, camineras y dem\u00e1s \u201cproyectos multianuales\u201d.<\/p>\n<p>El presupuesto del Estado de M\u00e9xico para este 2019 fue de 290 mil millones de pesos en n\u00fameros cerrados, por lo que de autorizarse por la Legislatura Local el solicitado para 2020 de 300 mil millones de pesos, tendr\u00eda un incremento de unos 10 mil millones de pesos m\u00e1s. Se tiene confianza en que la cifra se autorizar\u00e1 sin mayores problemas.<\/p>\n<p>Maurilio Hern\u00e1ndez de Morena y presidente por segundo a\u00f1o consecutivo de la Junta de Coordinaci\u00f3n Pol\u00edtica, cargo que retuvo sin el m\u00ednimo problema, advirti\u00f3 que en la aplicaci\u00f3n presupuestal\u00a0 habr\u00e1 austeridad y una supervisi\u00f3n minuciosa en las \u00e1reas de gobierno, incluyendo el legislativo.<\/p>\n<p><a href=\"mailto:elefa44@gmail.com\" target=\"_blank\" rel=\"noopener noreferrer\"><em>elefa44@gmail.com<\/em><\/a><\/p>\n","protected":false},"excerpt":{"rendered":"<p><span style=\"color: #005497;\"><strong>Eleazar Flores<\/strong><\/span><\/p>\n","protected":false},"author":3,"featured_media":0,"comment_status":"open","ping_status":"open","sticky":false,"template":"","format":"standard","meta":{"_monsterinsights_skip_tracking":false,"_monsterinsights_sitenote_active":false,"_monsterinsights_sitenote_note":"","_monsterinsights_sitenote_category":0,"footnotes":""},"categories":[81743],"tags":[81744,81776,43674],"class_list":["post-442293","post","type-post","status-publish","format-standard","hentry","category-eleazar-flores","tag-eleazar-flores","tag-espacio-electoral","tag-opinion"],"_links":{"self":[{"href":"https:\/\/www.diarioimagen.net\/index.php?rest_route=\/wp\/v2\/posts\/442293","targetHints":{"allow":["GET"]}}],"collection":[{"href":"https:\/\/www.diarioimagen.net\/index.php?rest_route=\/wp\/v2\/posts"}],"about":[{"href":"https:\/\/www.diarioimagen.net\/index.php?rest_route=\/wp\/v2\/types\/post"}],"author":[{"embeddable":true,"href":"https:\/\/www.diarioimagen.net\/index.php?rest_route=\/wp\/v2\/users\/3"}],"replies":[{"embeddable":true,"href":"https:\/\/www.diarioimagen.net\/index.php?rest_route=%2Fwp%2Fv2%2Fcomments&post=442293"}],"version-history":[{"count":0,"href":"https:\/\/www.diarioimagen.net\/index.php?rest_route=\/wp\/v2\/posts\/442293\/revisions"}],"wp:attachment":[{"href":"https:\/\/www.diarioimagen.net\/index.php?rest_route=%2Fwp%2Fv2%2Fmedia&parent=442293"}],"wp:term":[{"taxonomy":"category","embeddable":true,"href":"https:\/\/www.diarioimagen.net\/index.php?rest_route=%2Fwp%2Fv2%2Fcategories&post=442293"},{"taxonomy":"post_tag","embeddable":true,"href":"https:\/\/www.diarioimagen.net\/index.php?rest_route=%2Fwp%2Fv2%2Ftags&post=442293"}],"curies":[{"name":"wp","href":"https:\/\/api.w.org\/{rel}","templated":true}]}}