{"id":442452,"date":"2019-09-12T00:04:48","date_gmt":"2019-09-12T05:04:48","guid":{"rendered":"https:\/\/www.diarioimagen.net\/?p=442452"},"modified":"2019-09-12T01:13:00","modified_gmt":"2019-09-12T06:13:00","slug":"un-respiro-para-mexico","status":"publish","type":"post","link":"https:\/\/www.diarioimagen.net\/?p=442452","title":{"rendered":"Un respiro para M\u00e9xico"},"content":{"rendered":"<h2>Punto por punto<\/h2>\n<h5>Augusto Corro<\/h5>\n<p>&nbsp;<\/p>\n<p>M\u00e9xico rindi\u00f3 su informe al gobierno de Estados Unidos en materia de migraci\u00f3n y por el momento todos tranquilos.<\/p>\n<p>Aunque las autoridades aceptaron la disminuci\u00f3n del flujo migratorio hacia ese pa\u00eds a trav\u00e9s de nuestro territorio, se\u00f1alaron que a\u00fan no es suficiente.<\/p>\n<p>Sin embargo, las autoridades mexicanas podr\u00e1n tomarse un respiro en las complejas relaciones de ambos gobiernos, debido a la actitud intransigente del presidente Donald Trump.<\/p>\n<p>La visita del canciller, Marcelo Ebrard, a la Casa Blanca, fue con el prop\u00f3sito de evaluar las acciones mexicanas en el control del flujo migratorio ilegal que llega a la frontera sur de nuestro pa\u00eds.<\/p>\n<p>El mandatario estadounidense hace 90 d\u00edas amenaz\u00f3 con la aplicaci\u00f3n de aranceles a los productos mexicanos si no reduc\u00eda el paso de migrantes por territorio mexicano.<\/p>\n<p>Ante la presi\u00f3n de Trump, las autoridades mexicanas optaron por intensificar el control de los extranjeros que por miles llegaron a la zona fronteriza sure\u00f1a.<\/p>\n<p>Se hizo un esfuerzo considerable y M\u00e9xico envi\u00f3 a la Guardia Nacional y a m\u00e1s polic\u00eda para controlar y ordenar el flujo migratorio.<\/p>\n<p>Mientras los extranjeros que buscan ingresar a M\u00e9xico viven, en su mayor\u00eda, hacinados, con las carencias propias de gente de escasos recursos econ\u00f3micos.<\/p>\n<p>Son innumerables los casos en que las principales v\u00edctimas de la tragedia migratoria son los ni\u00f1os y los adolescentes que viajan solos o acompa\u00f1ados de sus familiares.<\/p>\n<p>Pero ese dolor humano es ajeno a las pretensiones de Trump que ve en la xenofobia un instrumento para tener tranquilos a sus seguidores.<\/p>\n<p>Siempre que se le ocurre, el presidente estadounidense califica a los mexicanos como violadores y asesinos.<\/p>\n<p>Tambi\u00e9n maneja la amenaza permanente relacionada con la construcci\u00f3n del muro fronterizo entre Estados Unidos y M\u00e9xico.<\/p>\n<p>M\u00e1s de una persona sensata le explic\u00f3 al magnate que la mencionada valla no funcionar\u00e1 por m\u00e1s alta y vigilada de parezca, por una sencilla raz\u00f3n: el hambre y el miedo a morir no tienen fronteras.<\/p>\n<p>En esas condiciones dif\u00edciles se encuentran los millones de personas que pretenden conseguir una oportunidad para cambiar su vida en Estados Unidos.<\/p>\n<p>\u00bfY c\u00f3mo reacciona Trump ante esa problem\u00e1tica social? Con acciones totalmente deshumanizadas: separa a los hijos de los padres, sin contemplaci\u00f3n alguna intensifica las deportaciones y busca nuevas ideas para da\u00f1ar a los migrantes.<\/p>\n<p><strong>No hay de otra<\/strong><\/p>\n<p>La amenaza de los aranceles fue conjurada por el momento.<\/p>\n<p>Nadie puede saber c\u00f3mo actuar\u00e1 Trump en los pr\u00f3ximos d\u00edas.<\/p>\n<p>M\u00e9xico se encuentra a merced de un sujeto de conducta extra\u00f1a que ni siquiera su equipo de trabajo entiende.<\/p>\n<p>El gobierno mexicano tendr\u00e1 que esmerarse en cumplir los caprichos del mandatario republicano porque no hay otro camino.<\/p>\n<p>M\u00e9xico, es obvio decirlo, se encuentra en\u00a0 profundas desventajas frente al pa\u00eds vecino. Las fuerzas son disparejas. Por eso mismo, un respiro, de quien sabe cu\u00e1nto tiempo, es m\u00e1s que favorable.<\/p>\n<p>El canciller Marcelo Ebrard dialog\u00f3 con el vicepresidente de EU, Mike Pence, a quien le habl\u00f3 del contrabando ilegal de armas que llega a M\u00e9xico.<\/p>\n<p>No es la primera vez que las autoridades mexicanas tratan el tema del armamento ilegal que termina en los grupos criminales.<\/p>\n<p>Este asunto no les interesa a Trump y a sus secuaces. Menos tratarlo en temporada electorera.<\/p>\n<p>Como se sabe, en el vecino pa\u00eds es m\u00e1s f\u00e1cil comprar cualquier tipo de arma que medicina en una farmacia.<\/p>\n<p>Las masacres registradas recientemente en diferentes sitios de EU son la muestra irrefutable de que cualquier ciudadano estadounidense puede armarse hasta los dientes y matar a quien lo desee.<\/p>\n<p>As\u00ed ocurri\u00f3 en la matanza de El Paso, Texas, cuando el supremacista blanco, Patrick Crusius, accion\u00f3 su rifle para matar a 22 personas entre ellas 8 mexicanos.<\/p>\n<p>En la primera etapa el conflicto migratorio dej\u00f3 pues, satisfechos a los gobiernos de EU y M\u00e9xico en lo que se podr\u00eda considerar como una etapa muy dif\u00edcil de solucionar por la agresividad del magnate estadounidense y sus exigencias abusivas. Trump expres\u00f3 su agradecimiento a las autoridades mexicanas. \u00bfCu\u00e1nto tiempo durar\u00e1 este gesto de buena voluntad en una persona tan voluble como el multicitado magnate?<\/p>\n<p><em><u><a href=\"mailto:aco2742@hotmail.com\" target=\"_blank\" rel=\"noopener noreferrer\">aco2742@hotmail.com<\/a><\/u><\/em><\/p>\n","protected":false},"excerpt":{"rendered":"<p><span style=\"color: #005497;\"><strong>Augusto Corro<\/strong><\/span><\/p>\n","protected":false},"author":3,"featured_media":0,"comment_status":"open","ping_status":"open","sticky":false,"template":"","format":"standard","meta":{"_monsterinsights_skip_tracking":false,"_monsterinsights_sitenote_active":false,"_monsterinsights_sitenote_note":"","_monsterinsights_sitenote_category":0,"footnotes":""},"categories":[157],"tags":[43686,43674,11515],"class_list":["post-442452","post","type-post","status-publish","format-standard","hentry","category-augusto-corro","tag-augusto-corro","tag-opinion","tag-punto-por-punto"],"_links":{"self":[{"href":"https:\/\/www.diarioimagen.net\/index.php?rest_route=\/wp\/v2\/posts\/442452","targetHints":{"allow":["GET"]}}],"collection":[{"href":"https:\/\/www.diarioimagen.net\/index.php?rest_route=\/wp\/v2\/posts"}],"about":[{"href":"https:\/\/www.diarioimagen.net\/index.php?rest_route=\/wp\/v2\/types\/post"}],"author":[{"embeddable":true,"href":"https:\/\/www.diarioimagen.net\/index.php?rest_route=\/wp\/v2\/users\/3"}],"replies":[{"embeddable":true,"href":"https:\/\/www.diarioimagen.net\/index.php?rest_route=%2Fwp%2Fv2%2Fcomments&post=442452"}],"version-history":[{"count":0,"href":"https:\/\/www.diarioimagen.net\/index.php?rest_route=\/wp\/v2\/posts\/442452\/revisions"}],"wp:attachment":[{"href":"https:\/\/www.diarioimagen.net\/index.php?rest_route=%2Fwp%2Fv2%2Fmedia&parent=442452"}],"wp:term":[{"taxonomy":"category","embeddable":true,"href":"https:\/\/www.diarioimagen.net\/index.php?rest_route=%2Fwp%2Fv2%2Fcategories&post=442452"},{"taxonomy":"post_tag","embeddable":true,"href":"https:\/\/www.diarioimagen.net\/index.php?rest_route=%2Fwp%2Fv2%2Ftags&post=442452"}],"curies":[{"name":"wp","href":"https:\/\/api.w.org\/{rel}","templated":true}]}}