{"id":442458,"date":"2019-09-12T00:08:58","date_gmt":"2019-09-12T05:08:58","guid":{"rendered":"https:\/\/www.diarioimagen.net\/?p=442458"},"modified":"2019-09-12T01:17:16","modified_gmt":"2019-09-12T06:17:16","slug":"morena-y-el-riesgo-de-desmoronarse-2","status":"publish","type":"post","link":"https:\/\/www.diarioimagen.net\/?p=442458","title":{"rendered":"Morena y el riesgo de desmoronarse"},"content":{"rendered":"<h2>Detr\u00e1s del Poder<\/h2>\n<h5>Jos\u00e9 Antonio L\u00f3pez Sosa<\/h5>\n<p>&nbsp;<\/p>\n<p>El Movimiento de Regeneraci\u00f3n Nacional (Morena), naci\u00f3 como una escisi\u00f3n del Partido de la Revoluci\u00f3n Democr\u00e1tica (PRD), ante los encontronazos de las corrientes internas y sobre todo, ante la decisi\u00f3n de algunos dentro de ese partido, de hacer coalici\u00f3n con su antagonista: el Partido Acci\u00f3n Nacional (PAN).<\/p>\n<p>Al tiempo tanto el PAN como el PRD quedaron al borde de la desaparici\u00f3n. Morena gan\u00f3 por mayor\u00eda y lleg\u00f3 como una fuerza implacable en materia pol\u00edtica.<\/p>\n<p>Ahora bien, no todo es perfecto, m\u00e1s bien todo es perfectible y en la b\u00fasqueda de la perfecci\u00f3n se atraviesan egos e intereses que van m\u00e1s all\u00e1 de cualquier proyecto ideol\u00f3gico o pol\u00edtico.<\/p>\n<p>Hoy Morena se quiebra por dentro, el \u00fanico hilo conductor que mantiene a las partes unidas es el presidente L\u00f3pez Obrador, en el momento que dejaara el poder y por consiguiente el poder sobre Morena, si las cosas siguen como hoy, estar\u00edamos una vez m\u00e1s frente a la destrucci\u00f3n de un partido de izquierda, como hist\u00f3ricamente ha sucedido en M\u00e9xico.<\/p>\n<p>Pero, \u00bfcu\u00e1l es la lectura?, me parece que las distintas corrientes ideol\u00f3gicas y pol\u00edticas de Morena no van hacia el mismo lugar, no llevan el mismo rumbo y ni siquiera tienen los mismos principios ideol\u00f3gicos, en gran medida se trat\u00f3 del oportunismo pol\u00edtico al ver la fuerza con la que llegaba a la elecci\u00f3n federal de 2018.<\/p>\n<p>M\u00e1s all\u00e1 de quienes como casi condici\u00f3n de vida critican al Presidente y a Morena, m\u00e1s all\u00e1 de quienes siguen y justifican todo lo que el Presidente y Morena determinan, hay una realidad que ambos extremos parecen negarse a ver: Morena est\u00e1 cohesionada con agujas, agujas llamadas Andr\u00e9s Manuel L\u00f3pez Obrador.<\/p>\n<p>Mientras todo esto sucede, otros dos proyectos con lo peor de la clase pol\u00edtica se gestan: un tal M\u00e9xico Libre orquestado por el ex presidente Felipe Calder\u00f3n, quien cree tener la soluci\u00f3n a todo lo que dej\u00f3 de hacer en su sexenio y, Futuro 21 con los que no alcanzaron lugar en Morena y decidieron dejar al PAN, incluso tambi\u00e9n una que otra sobra del PANAL.<\/p>\n<p>Con estos partidos, la democracia no puede crecer.<\/p>\n<p><em><a href=\"http:\/\/www.lopezsosa.com\" target=\"_blank\" rel=\"noopener noreferrer\">www.lopezsosa.com<\/a><\/em><br \/>\n<em><a href=\"mailto:joseantonio@lopezsosa.com\" target=\"_blank\" rel=\"noopener noreferrer\">joseantonio@lopezsosa.com<\/a><\/em><br \/>\n<em><a href=\"http:\/\/twitter.com\/joseantonio1977\" target=\"_blank\" rel=\"noopener noreferrer\">@joseantonio1977<\/a><\/em><\/p>\n","protected":false},"excerpt":{"rendered":"<p><span style=\"color: #005497;\"><strong>Jos\u00e9 Antonio L\u00f3pez Sosa<\/strong><\/span><\/p>\n","protected":false},"author":3,"featured_media":0,"comment_status":"open","ping_status":"open","sticky":false,"template":"","format":"standard","meta":{"_monsterinsights_skip_tracking":false,"_monsterinsights_sitenote_active":false,"_monsterinsights_sitenote_note":"","_monsterinsights_sitenote_category":0,"footnotes":""},"categories":[637],"tags":[638,43690,75367,43674],"class_list":["post-442458","post","type-post","status-publish","format-standard","hentry","category-jose-antonio-lopez-sosa","tag-detras-del-poder","tag-jose-antonio-lopez-sosa","tag-k","tag-opinion"],"_links":{"self":[{"href":"https:\/\/www.diarioimagen.net\/index.php?rest_route=\/wp\/v2\/posts\/442458","targetHints":{"allow":["GET"]}}],"collection":[{"href":"https:\/\/www.diarioimagen.net\/index.php?rest_route=\/wp\/v2\/posts"}],"about":[{"href":"https:\/\/www.diarioimagen.net\/index.php?rest_route=\/wp\/v2\/types\/post"}],"author":[{"embeddable":true,"href":"https:\/\/www.diarioimagen.net\/index.php?rest_route=\/wp\/v2\/users\/3"}],"replies":[{"embeddable":true,"href":"https:\/\/www.diarioimagen.net\/index.php?rest_route=%2Fwp%2Fv2%2Fcomments&post=442458"}],"version-history":[{"count":0,"href":"https:\/\/www.diarioimagen.net\/index.php?rest_route=\/wp\/v2\/posts\/442458\/revisions"}],"wp:attachment":[{"href":"https:\/\/www.diarioimagen.net\/index.php?rest_route=%2Fwp%2Fv2%2Fmedia&parent=442458"}],"wp:term":[{"taxonomy":"category","embeddable":true,"href":"https:\/\/www.diarioimagen.net\/index.php?rest_route=%2Fwp%2Fv2%2Fcategories&post=442458"},{"taxonomy":"post_tag","embeddable":true,"href":"https:\/\/www.diarioimagen.net\/index.php?rest_route=%2Fwp%2Fv2%2Ftags&post=442458"}],"curies":[{"name":"wp","href":"https:\/\/api.w.org\/{rel}","templated":true}]}}