{"id":442466,"date":"2019-09-12T00:12:50","date_gmt":"2019-09-12T05:12:50","guid":{"rendered":"https:\/\/www.diarioimagen.net\/?p=442466"},"modified":"2019-09-12T07:30:46","modified_gmt":"2019-09-12T12:30:46","slug":"yo-soy-maderista-no-reeleccion-amlo","status":"publish","type":"post","link":"https:\/\/www.diarioimagen.net\/?p=442466","title":{"rendered":"\u201cYo soy maderista\u2026 no reelecci\u00f3n\u201d: AMLO"},"content":{"rendered":"<h2>Tras la puerta del poder<\/h2>\n<h5>Roberto Vizca\u00edno<\/h5>\n<p>&nbsp;<\/p>\n<div id=\"attachment_442506\" style=\"width: 470px\" class=\"wp-caption aligncenter\"><a href=\"https:\/\/www.diarioimagen.net\/?attachment_id=442506\" rel=\"attachment wp-att-442506\"><img loading=\"lazy\" decoding=\"async\" aria-describedby=\"caption-attachment-442506\" class=\"size-large wp-image-442506\" src=\"https:\/\/www.diarioimagen.net\/wp-content\/uploads\/2019\/09\/cada-quien-sus-preparativos-LUIS-XAVIER-460x348.jpg\" alt=\"\" width=\"460\" height=\"348\" srcset=\"https:\/\/www.diarioimagen.net\/wp-content\/uploads\/2019\/09\/cada-quien-sus-preparativos-LUIS-XAVIER-460x348.jpg 460w, https:\/\/www.diarioimagen.net\/wp-content\/uploads\/2019\/09\/cada-quien-sus-preparativos-LUIS-XAVIER-240x181.jpg 240w, https:\/\/www.diarioimagen.net\/wp-content\/uploads\/2019\/09\/cada-quien-sus-preparativos-LUIS-XAVIER-768x580.jpg 768w, https:\/\/www.diarioimagen.net\/wp-content\/uploads\/2019\/09\/cada-quien-sus-preparativos-LUIS-XAVIER.jpg 1200w\" sizes=\"auto, (max-width: 460px) 100vw, 460px\" \/><\/a><p id=\"caption-attachment-442506\" class=\"wp-caption-text\">Cada quien sus preparativos&#8230; | Luis Xavier<\/p><\/div>\n<p>&nbsp;<\/p>\n<p>El video del diputado tabasque\u00f1o de Morena <strong>Charlie Valentino Le\u00f3n<\/strong> exigiendo vehementemente una reforma constitucional para garantizar la reelecci\u00f3n de Andr\u00e9s Manuel L\u00f3pez Obrador se convirti\u00f3 ayer r\u00e1pidamente en trending-topic en redes sociales.<\/p>\n<p>La cascada de reacciones se dividi\u00f3 igualmente en forma exponencial en positivas y negativas.<\/p>\n<p>Las injurias de unos y otros se convirtieron en una batahola digital de dimensiones descomunales, entre quienes apoyaron la propuesta y entre quienes la condenaron.<\/p>\n<p>Una muestra clara de un pa\u00eds tremendamente confrontado.<\/p>\n<p>A nivel partidario y gubernamental no tardaron en llegar los deslindes y las descalificaciones.<\/p>\n<p>Uno de los primeros fue <strong>Ad\u00e1n Augusto L\u00f3pez Hern\u00e1ndez,<\/strong> gobernador morenista de Tabasco y uno de los ahijados de <strong>Andr\u00e9s Manuel L\u00f3pez Obrador<\/strong> en el sureste mexicano.<\/p>\n<p>De entrada dijo no tener nada que ver con lo dicho por el diputado y le pidi\u00f3 que se retracte.<\/p>\n<p>\u201cNo faltan las mentes obtusas que desconocen la historia del pa\u00eds, piensan que la reelecci\u00f3n es posible, creo que hemos ido conquistando los mexicanos y en Tabasco, instituciones fuertes, instituciones que tienen la respetabilidad y nuestro empe\u00f1o desde la academia, la sociedad civil seguir\u00e1 construyendo cada d\u00eda una mejor instituci\u00f3n.<\/p>\n<p>\u00abM\u00e1s bien le har\u00eda un llamado a la reflexi\u00f3n y a la congruencia para que en la pr\u00f3xima sesi\u00f3n pudiera dar marcha atr\u00e1s o retratarse de sus dichos.<\/p>\n<p>\u00abM\u00e1s all\u00e1 de Morena los mexicanos tenemos la convicci\u00f3n de que no puede haber reelecci\u00f3n presidencial, ser\u00eda negar la historia de este pa\u00eds.<\/p>\n<p>\u201cDeber\u00eda retractarse pero \u00e9l est\u00e1 en la libertad de manifestar a lo que sus intereses convenga\u00bb.<\/p>\n<p>As\u00ed otros muchos morenistas advirtieron que la ocurrencia del diputado tabasque\u00f1o no debe ser tomada en serio ni especular sobre que es una jugada para medir a la voluntad popular para luego ir a una reforma constitucional hacia la reelecci\u00f3n.<\/p>\n<p style=\"text-align: center;\"><strong>AMLO: No buscar\u00e9 un segundo mandato<\/strong><\/p>\n<p>Para dejar clara su posici\u00f3n, el presidente Andr\u00e9s Manuel L\u00f3pez Obrador record\u00f3 que \u00e9l incluso form\u00f3 una carta antirreeleccionista ante Notario P\u00fablico y adelant\u00f3 de nuevo que \u00e9l no buscar\u00e1 por ninguna cuesti\u00f3n un nuevo per\u00edodo gubernamental.<\/p>\n<p>\u201cSoy maderista: no reelecci\u00f3n\u2026 \u201c, indic\u00f3.<\/p>\n<p>Negativa a buscar un segundo periodo firm\u00f3 un compromiso, para que no sea necesario gobernar.<\/p>\n<p>Y reiter\u00f3 su dicho respecto de que \u00e9l no es un ambicioso vulgar.<\/p>\n<p style=\"text-align: center;\"><strong>M\u00f3nica Fern\u00e1ndez: \u201cson ocurrencias\u201d<\/strong><\/p>\n<p>En el Senado, la senadora tabasque\u00f1a M\u00f3nica Fern\u00e1ndez, presidenta del Senado, dijo que el diputado Valentino es su amigo y que conoce su proclividad a lanzar ocurrencias.<\/p>\n<p>\u201c\u2026 es un amigo, lo conozco desde hace mucho tiempo; \u00e9l es muy espont\u00e1neo y ocurrente.<\/p>\n<p>\u201cNo creo que (su exigencia de ir a una reforma constitucional reeleccionista) sea un planteamiento en serio\u2026<\/p>\n<p>\u201cAl menos en Tabasco, todo el Grupo Parlamentario de Morena, y todos los sectores de Morena, han dicho que son ocurrencias de \u00e9l, y que lo invitan a reflexionar, porque eso no indica de ninguna manera, una posici\u00f3n que tengamos nosotros.<\/p>\n<p>\u201cEs m\u00e1s, yo present\u00e9 y lo pueden revisar, una iniciativa del art\u00edculo 35 constitucional &#8211;el a\u00f1o pasado&#8211;, en el primer periodo; y precisamente en esa iniciativa de reforma al art\u00edculo 35 en la fracci\u00f3n VIII, lo que propongo es que se proh\u00edba tajantemente que las consultas p\u00fablicas, las consultas populares se puedan dar o se puedan hacer respecto a la reelecci\u00f3n.<\/p>\n<p>\u201cO sea, es una prohibici\u00f3n tajante para que de ninguna manera se utilicen las consultas populares en t\u00e9rminos de reelecci\u00f3n. Entonces, estas declaraciones de Charlie van en el sentido opuesto, no solamente a lo que yo he propuesto; sino a lo que todos nosotros en Morena estamos en contra\u201d.<\/p>\n<ul>\n<li>\u00bfSer\u00eda un retroceso para el pa\u00eds?<\/li>\n<\/ul>\n<p>\u201cPor supuesto, por supuesto que ser\u00eda un retroceso para el pa\u00eds. O sea, de ninguna manera estamos de acuerdo. Respeto mucho lo que \u00e9l opine y lo que \u00e9l quiera plantear; pero definitivamente no creo que tenga ning\u00fan futuro su propuesta\u201d.<\/p>\n<p style=\"text-align: center;\"><strong>Valentino: \u00bfde veras una ocurrencia?<\/strong><\/p>\n<p>Mientras el diputado tabasque\u00f1o de Morena, <strong>Charlie Valentino Le\u00f3n,\u00a0 <\/strong>continu\u00f3 en apoyo de su propuesta.<\/p>\n<p>Insisti\u00f3 en reformar el 83 de la Constituci\u00f3n, como respuesta, dice \u00e9l, a un reclamo del pueblo mexicano.<\/p>\n<p>Su propuesta la hizo en la tribuna del Congreso de Tabasco ante la sorpresa de otros de su bancada y el reclamo inmediato de los diputados locales de oposici\u00f3n.<\/p>\n<p>El pol\u00e9mico legislador propone que la reforma diga:<em> \u201cSufragio Efectivo, S\u00ed reelecci\u00f3n\u201d<\/em><\/p>\n<p>\u201cNo podemos poner en riesgo el bienestar que ya lleg\u00f3, por eso mismo, le pido absolutamente a todos los tribunales, a todas las c\u00e1maras, remover el art\u00edculo 83 de la Constituci\u00f3n Pol\u00edtica de M\u00e9xico, ese legendario art\u00edculo para que quede de esta forma: Sufragio efectivo, s\u00ed reelecci\u00f3n, porque queremos a Andr\u00e9s Manuel L\u00f3pez Obrador seis a\u00f1os m\u00e1s en la Presidencia de la Rep\u00fablica\u201d, indic\u00f3.<\/p>\n<p>El diputado <strong>Charlie Valentino Le\u00f3n Flores Vera<\/strong> afirm\u00f3 el 28 de marzo pasado que \u201cdesgraciadamente fuimos colonizados por la peor de las razas que son los espa\u00f1oles\u201d.<\/p>\n<p>Y el 19 de noviembre anterior, llam\u00f3 malandros a los migrantes centroamericanos.<\/p>\n<p>No pocos miembros de la oposici\u00f3n consideran que este tipo de propuestas forman parte de una estrategia para sembrar en la poblaci\u00f3n la idea de la necesidad de ir a la reelecci\u00f3n presidencial.<\/p>\n<p>Indican que ya es muy recurrente que en Baja California se quiera prolongar el mandato del gobernador Jaime Bonilla y que se busque abrir un debate sobre la reelecci\u00f3n de L\u00f3pez Obrador.<\/p>\n<p style=\"text-align: center;\"><strong>Desechado<\/strong><\/p>\n<p>Y mientras en los medios y las redes sociales se debat\u00eda sobre la propuesta del legislador tabasque\u00f1o de Morena, en la Comisi\u00f3n de Comunicaciones y Transportes del Senado se inici\u00f3 ayer un debate mediante el cual los senadores de la oposici\u00f3n plantearon la necesidad de llevar al mecanismo de Parlamento Abierto &#8211;lo que garantizar\u00eda abrirlo a los diferentes sectores de la sociedad&#8211;,\u00a0 el tema de discutir si se contin\u00faa con el aeropuerto de Texcoco o si definitivamente se contin\u00faa con el de Santa Luc\u00eda.<\/p>\n<p>Conducido por su presidente, el morenista mexiquense <strong>Higinio Mart\u00ednez, <\/strong>el debate en la Comisi\u00f3n de Comunicaciones y Transportes termin\u00f3 por desechar la propuesta.<\/p>\n<p>As\u00ed se alej\u00f3 una vez m\u00e1s el tema de confrontar los dos proyectos y las dos visiones sobre lo que debiera ser el gran aeropuerto del centro del pa\u00eds.<\/p>\n<p><em><a href=\"mailto:rvizcainoa@gmail.com\" target=\"_blank\" rel=\"noopener noreferrer\">rvizcainoa@gmail.com<\/a><br \/>\n<u><a href=\"http:\/\/endirecto.mx\" target=\"_blank\" rel=\"noopener noreferrer\">www.endirecto.mx<\/a><br \/>\n<a href=\"https:\/\/twitter.com\/_rvizcaino\" target=\"_blank\" rel=\"noopener noreferrer\">@_RVizcaino<\/a><br \/>\n<a href=\"https:\/\/www.facebook.com\/rvizcainoa\" target=\"_blank\" rel=\"noopener noreferrer\">facebook.com\/rvizcainoa<\/a><\/u><\/em><\/p>\n","protected":false},"excerpt":{"rendered":"<p><span style=\"color: #005497;\"><strong>Roberto Vizca\u00edno<\/strong><\/span><br \/>\n<br \/>\nEl video del diputado tabasque\u00f1o de Morena <strong>Charlie Valentino Le\u00f3n<\/strong> exigiendo vehementemente una reforma constitucional para garantizar la reelecci\u00f3n de Andr\u00e9s Manuel L\u00f3pez Obrador se convirti\u00f3 ayer r\u00e1pidamente en trending-topic en redes sociales.<\/p>\n","protected":false},"author":3,"featured_media":442506,"comment_status":"open","ping_status":"open","sticky":false,"template":"","format":"standard","meta":{"_monsterinsights_skip_tracking":false,"_monsterinsights_sitenote_active":false,"_monsterinsights_sitenote_note":"","_monsterinsights_sitenote_category":0,"footnotes":""},"categories":[136],"tags":[43674,93,94],"class_list":["post-442466","post","type-post","status-publish","format-standard","has-post-thumbnail","hentry","category-roberto-vizcaino-opinion","tag-opinion","tag-roberto-vizcaino","tag-tras-la-puerta-del-poder"],"_links":{"self":[{"href":"https:\/\/www.diarioimagen.net\/index.php?rest_route=\/wp\/v2\/posts\/442466","targetHints":{"allow":["GET"]}}],"collection":[{"href":"https:\/\/www.diarioimagen.net\/index.php?rest_route=\/wp\/v2\/posts"}],"about":[{"href":"https:\/\/www.diarioimagen.net\/index.php?rest_route=\/wp\/v2\/types\/post"}],"author":[{"embeddable":true,"href":"https:\/\/www.diarioimagen.net\/index.php?rest_route=\/wp\/v2\/users\/3"}],"replies":[{"embeddable":true,"href":"https:\/\/www.diarioimagen.net\/index.php?rest_route=%2Fwp%2Fv2%2Fcomments&post=442466"}],"version-history":[{"count":0,"href":"https:\/\/www.diarioimagen.net\/index.php?rest_route=\/wp\/v2\/posts\/442466\/revisions"}],"wp:featuredmedia":[{"embeddable":true,"href":"https:\/\/www.diarioimagen.net\/index.php?rest_route=\/wp\/v2\/media\/442506"}],"wp:attachment":[{"href":"https:\/\/www.diarioimagen.net\/index.php?rest_route=%2Fwp%2Fv2%2Fmedia&parent=442466"}],"wp:term":[{"taxonomy":"category","embeddable":true,"href":"https:\/\/www.diarioimagen.net\/index.php?rest_route=%2Fwp%2Fv2%2Fcategories&post=442466"},{"taxonomy":"post_tag","embeddable":true,"href":"https:\/\/www.diarioimagen.net\/index.php?rest_route=%2Fwp%2Fv2%2Ftags&post=442466"}],"curies":[{"name":"wp","href":"https:\/\/api.w.org\/{rel}","templated":true}]}}