{"id":442474,"date":"2019-09-12T00:09:36","date_gmt":"2019-09-12T05:09:36","guid":{"rendered":"https:\/\/www.diarioimagen.net\/?p=442474"},"modified":"2019-09-12T01:31:25","modified_gmt":"2019-09-12T06:31:25","slug":"congreso-hormiguero-de-politicos-y-empresarios","status":"publish","type":"post","link":"https:\/\/www.diarioimagen.net\/?p=442474","title":{"rendered":"Congreso, hormiguero de pol\u00edticos y empresarios"},"content":{"rendered":"<h2>Poder y dinero<\/h2>\n<h5>V\u00edctor S\u00e1nchez Ba\u00f1os<\/h5>\n<p>&nbsp;<\/p>\n<p style=\"text-align: right;\"><em><strong>Los espejos deber\u00edan pensarlo dos veces antes de devolver la imagen<\/strong><br \/>\n<\/em><em>Jean Cocteau, 1889-1963; <\/em><em>escritor franc\u00e9s<\/em><\/p>\n<p>&nbsp;<\/p>\n<p>#LosPedinches #CongresoHormiguero #ImpuestosEspeciales #Empresarios #IEPS #Refresqueros #Galleteros #Gasolina #Gobernadores #Alcaldes #MoneyMoney #RicardoGallardo #SLP #LosOlvidadosDeAyotzinapa #Iguala #AMLO #Getz #Encinas #LosAvispones #SouthwestAirlines #<\/p>\n<p>&nbsp;<\/p>\n<p>El presupuesto mexicano, a diferencia de los de otras naciones que buscan el desarrollo y que la pol\u00edtica presupuestal y fiscal se encamine al bienestar generalizado, no est\u00e1 sujeto a objetivos y necesidades.<\/p>\n<p>La pol\u00edtica fiscal tiene como \u00fanico credo la recaudaci\u00f3n y el gasto es clientelar, con ejemplos que a\u00fan demuestran corrupci\u00f3n.<\/p>\n<p>En los discursos, los pol\u00edticos de Morena se dan vuelo al afirmar que no van a aceitar la maquinaria de los moches.<\/p>\n<p>Sin embargo, la romer\u00eda que se convierte en avispero cada periodo ordinario de sesiones de fin de a\u00f1o, con el desfile de gobernadores, presidentes municipales y algunos dirigentes de oficinas gubernamentales, mendingando m\u00e1s recursos para las regiones que gobiernan.<\/p>\n<p>Este \u201croad show\u201d es humillante. Todo debe tratarse como un asunto financiero, no un asunto pol\u00edtico para que se acerquen los pol\u00edticos para obtener m\u00e1s dinero. As\u00ed de simple. Sin embargo, como les dejan a los diputados el uso discrecional de los recursos, es cuando se convierte en un mercado; una subasta.<\/p>\n<p>El dinero se env\u00eda a los amigos, a los que se les da m\u00e1s dinero con \u201cgracia\u201d. A los opositores, solo si tienen algo que ofrecer, ya sea pol\u00edtico, en especie o capital pol\u00edtico, les dan otra piscacha.<\/p>\n<p>Y, en el caso de los llamados \u201cramos presupuestales\u201d es donde hay otro nivel de discrecionalidad que se queda en manos del Presidente de la Rep\u00fablica.<\/p>\n<p>La pol\u00edtica distributiva del presupuesto, es injusta. Se maneja bajo apreciaciones totalmente clientelares y pol\u00edticas. No se hace bajo un estudio que se derive de an\u00e1lisis propios de cada dependencia federal, cada regi\u00f3n del pa\u00eds y, especialmente, basado en las necesidades de los mexicanos. Est\u00e1 basado en las necesidades de los pol\u00edticos en el poder.<\/p>\n<p>Por todo ello, es necesario transformar la manera como se hacen los presupuestos de ingresos y egresos, as\u00ed como la manera como se lo dejan en manos del Poder Legislativo.<\/p>\n<p>El dinero del pueblo no es para darle lucimiento propagand\u00edstico de la clase en el poder. El dinero recaudado debe devolverse\u00a0 a quien lo genera mediante servicios p\u00fablicos y condiciones para mejorar las condiciones de bienestar. Todo lo dem\u00e1s, es simplemente vil demagogia.<\/p>\n<p>Otros que desfilan, son los empresarios que se ven afectados por los impuestos especiales. Estos s\u00f3lo buscan que sus ventas no caigan por ese motivo. En fin, el hormiguero legislativo, a todo lo que da.<\/p>\n<p><strong>PODEROSOS CABALLEROS<\/strong>: El diputado del PVEM, Ricardo Gallardo Cardona, adelant\u00f3 que el proyecto de Presupuesto 2020 contempla un aumento de 3 mil millones de pesos para San Luis Potos\u00ed en el proyecto de Presupuesto 2020, con lo que la entidad recibir\u00eda 47 mil millones de pesos. La labora de legisladores potosinos logr\u00f3 que SLP se encuentra entre las entidades m\u00e1s favorecidas por las participaciones federales. Incluso llegar\u00edan etiquetados casi mil millones para el tema de salud, que eso es important\u00edsimo, es parte de lo que hoy en San Luis Potos\u00ed est\u00e1 faltando.<\/p>\n<p>*** British Airways, presidido por \u00c1lex Cruz suspendi\u00f3 sus operaciones en Londres por la protesta de sus pilotos que dur\u00f3 48 horas, exigen mejoras salariales.<\/p>\n<p>*** Se entiende que en la reuni\u00f3n del presidente L\u00f3pez Obrador, con los padres de los j\u00f3venes secuestrados y asesinados de la Normal de Ayotzinapa, estuviera el subsecretario de Derechos Humanos, Alejandro Encinas. Pero no se puede entender la ausencia del Fiscal General, Alejandro Gertz.<\/p>\n<p>Quien lleva toda la investigaci\u00f3n y tiene toda la informaci\u00f3n sobre ese asunto, es Gertz. O, cuando menos, deber\u00eda tenerla. \u00c9l es el nuevo responsable de las pesquisas sobre ese lastimoso tema que ha provocado desvelos y pesadillas a miles de mexicanos.<\/p>\n<p>Otros ausentes en la reuni\u00f3n con AMLO, fueron los jugadores de 15 a\u00f1os de edad, el chofer de un autob\u00fas y una mujer que pasaba por el lugar, muertos.<\/p>\n<p>Tambi\u00e9n, la banda de Los Rojos hirieron a otros 12 j\u00f3venes entre 14 y 17 a\u00f1os de edad, que su destino se marc\u00f3 al cruzarse en el camino de los asesinos que buscaban un paquete de droga de una de las bandas que ejercen su poder en la regi\u00f3n. Al final, de los avispones ni quien se acuerde. No tienen relevancia pol\u00edtica.<\/p>\n<p>*** Southwest Airlines, que dirige Gary C. Kelly, migra su oferta de rutas hacia destinos tur\u00edsticos en el pa\u00eds, como Cozumel, luego de que abandonara operaciones en Ciudad de M\u00e9xico en marzo pasado.<\/p>\n<p><strong>RESPONSABILIDAD SOCIAL CORPORATIVA<\/strong>: Grupo Bimbo a trav\u00e9s de su filial en Chile inaugur\u00f3 un sistema de autoabastecimiento de energ\u00eda solar con el cual lograr\u00e1n una mitigaci\u00f3n anual de 1,310 toneladas de C02 en la atm\u00f3sfera equivalente a plantar m\u00e1s de 88 870 \u00e1rboles Este sistema se convierte en el m\u00e1s grande de Am\u00e9rica del Sur. Cuenta con 6,444 paneles que lograr\u00e1n abastecer para finales de este a\u00f1o 27 de la operaci\u00f3n local con energ\u00eda limpia.<\/p>\n<p>&nbsp;<\/p>\n<blockquote>\n<p style=\"text-align: right;\"><strong>Esc\u00fachame en MVS Radio (102.5 FM) de 21 a 22 hrs.<br \/>\nde lunes a viernes en Poder y Dinero. <\/strong><\/p>\n<\/blockquote>\n<p>&nbsp;<\/p>\n<p><a href=\"https:\/\/mvsnoticias.com\/\" target=\"_blank\" rel=\"noopener noreferrer\"><em>MVSnoticias.com<\/em><\/a><br \/>\n<a href=\"http:\/\/poderydinero.mx\" target=\"_blank\" rel=\"noopener noreferrer\"><em>poderydinero.mx<\/em><\/a><em><b><br \/>\n<\/b><a href=\"mailto:vsb@poderydinero.mx\" target=\"_blank\" rel=\"noopener noreferrer\">vsb@poderydinero.mx<\/a><a href=\"mailto:vsanchezb@gmail.com\" target=\"_blank\" rel=\"noopener noreferrer\"><br \/>\n<\/a><strong>Twitter:<\/strong><a href=\"https:\/\/twitter.com\/vsanchezbanos\" target=\"_blank\" rel=\"noopener noreferrer\">@vsanchezbanos<br \/>\n<\/a><strong>Facebook: <\/strong><a href=\"https:\/\/www.facebook.com\/vsanchezbanos?fref=ts\" target=\"_blank\" rel=\"noopener noreferrer\">vsanchezbanos<\/a><\/em><\/p>\n","protected":false},"excerpt":{"rendered":"<p><span style=\"color: #005497;\"><strong>V\u00edctor S\u00e1nchez Ba\u00f1os<\/strong><\/span><\/p>\n","protected":false},"author":3,"featured_media":0,"comment_status":"open","ping_status":"open","sticky":false,"template":"","format":"standard","meta":{"_monsterinsights_skip_tracking":false,"_monsterinsights_sitenote_active":false,"_monsterinsights_sitenote_note":"","_monsterinsights_sitenote_category":0,"footnotes":""},"categories":[38844],"tags":[43674,38847,38848],"class_list":["post-442474","post","type-post","status-publish","format-standard","hentry","category-victor-sanchez-banos","tag-opinion","tag-poder-y-dinero","tag-victor-sanchez-banos"],"_links":{"self":[{"href":"https:\/\/www.diarioimagen.net\/index.php?rest_route=\/wp\/v2\/posts\/442474","targetHints":{"allow":["GET"]}}],"collection":[{"href":"https:\/\/www.diarioimagen.net\/index.php?rest_route=\/wp\/v2\/posts"}],"about":[{"href":"https:\/\/www.diarioimagen.net\/index.php?rest_route=\/wp\/v2\/types\/post"}],"author":[{"embeddable":true,"href":"https:\/\/www.diarioimagen.net\/index.php?rest_route=\/wp\/v2\/users\/3"}],"replies":[{"embeddable":true,"href":"https:\/\/www.diarioimagen.net\/index.php?rest_route=%2Fwp%2Fv2%2Fcomments&post=442474"}],"version-history":[{"count":0,"href":"https:\/\/www.diarioimagen.net\/index.php?rest_route=\/wp\/v2\/posts\/442474\/revisions"}],"wp:attachment":[{"href":"https:\/\/www.diarioimagen.net\/index.php?rest_route=%2Fwp%2Fv2%2Fmedia&parent=442474"}],"wp:term":[{"taxonomy":"category","embeddable":true,"href":"https:\/\/www.diarioimagen.net\/index.php?rest_route=%2Fwp%2Fv2%2Fcategories&post=442474"},{"taxonomy":"post_tag","embeddable":true,"href":"https:\/\/www.diarioimagen.net\/index.php?rest_route=%2Fwp%2Fv2%2Ftags&post=442474"}],"curies":[{"name":"wp","href":"https:\/\/api.w.org\/{rel}","templated":true}]}}