{"id":442616,"date":"2019-09-13T00:12:02","date_gmt":"2019-09-13T05:12:02","guid":{"rendered":"https:\/\/www.diarioimagen.net\/?p=442616"},"modified":"2019-09-13T08:17:46","modified_gmt":"2019-09-13T13:17:46","slug":"y-gomez-urrutia-se-consolida-como-lider-obrero-internacional","status":"publish","type":"post","link":"https:\/\/www.diarioimagen.net\/?p=442616","title":{"rendered":"Y G\u00f3mez Urrutia se consolida como l\u00edder obrero internacional"},"content":{"rendered":"<h2>Tras la puerta del poder<\/h2>\n<h5>Roberto Vizca\u00edno<\/h5>\n<p>&nbsp;<\/p>\n<div id=\"attachment_442697\" style=\"width: 470px\" class=\"wp-caption aligncenter\"><a href=\"https:\/\/www.diarioimagen.net\/?attachment_id=442697\" rel=\"attachment wp-att-442697\"><img loading=\"lazy\" decoding=\"async\" aria-describedby=\"caption-attachment-442697\" class=\"size-large wp-image-442697\" src=\"https:\/\/www.diarioimagen.net\/wp-content\/uploads\/2019\/09\/espejo-tenebroso-LUIS-XAVIER-460x347.jpg\" alt=\"\" width=\"460\" height=\"347\" srcset=\"https:\/\/www.diarioimagen.net\/wp-content\/uploads\/2019\/09\/espejo-tenebroso-LUIS-XAVIER-460x347.jpg 460w, https:\/\/www.diarioimagen.net\/wp-content\/uploads\/2019\/09\/espejo-tenebroso-LUIS-XAVIER-240x181.jpg 240w, https:\/\/www.diarioimagen.net\/wp-content\/uploads\/2019\/09\/espejo-tenebroso-LUIS-XAVIER-768x579.jpg 768w, https:\/\/www.diarioimagen.net\/wp-content\/uploads\/2019\/09\/espejo-tenebroso-LUIS-XAVIER.jpg 1200w\" sizes=\"auto, (max-width: 460px) 100vw, 460px\" \/><\/a><p id=\"caption-attachment-442697\" class=\"wp-caption-text\">Espejo tenebroso&#8230; | Luis Xavier<\/p><\/div>\n<p>&nbsp;<\/p>\n<p>Dirigente de los mineros mexicanos, y presidente de la Comisi\u00f3n del Trabajo en el Senado, <strong>Napole\u00f3n G\u00f3mez Urrutia<\/strong>, se consolida r\u00e1pidamente como el primer dirigente obrero de M\u00e9xico con insospechadas relaciones e influencias internacionales.<\/p>\n<p>Amigo personal del Primer Ministro de Inglaterra, aliado de los l\u00edderes de la poderosa AFL-CIO y de la <strong>United Steelworkers<\/strong> de Estados Unidos y Canad\u00e1, <strong>Leo W. Gerard<\/strong>, as\u00ed como de <strong>Len McCluskey<\/strong> del sindicato brit\u00e1nico e irland\u00e9s, <strong>Unite, G\u00f3mez Urrutia<\/strong> es titular del Comit\u00e9 Ejecutivo de <strong>IndustriALL<\/strong> desde su fundaci\u00f3n en 2012 y\u00a0 fund\u00f3 a inicios de este a\u00f1o la Confederaci\u00f3n Sindical Internacional Democr\u00e1tica que ya suma a decenas de gremios en el pa\u00eds, en su mayor\u00eda desprendimientos de las grandes centrales tradicionales, como la CTM.<\/p>\n<p>En este contexto el dirigente de los mineros mexicanos particip\u00f3 ayer en Chicago en la reuni\u00f3n del Comit\u00e9 Ejecutivo de la AFL-CIO, la principal central sindical de Estados Unidos, para explicar los avances laborales de M\u00e9xico durante la incipiente administraci\u00f3n de <strong>Andr\u00e9s Manuel L\u00f3pez Obrador.<\/strong><\/p>\n<p>Afirm\u00f3 que en estos meses, el Congreso Mexicano aprob\u00f3 la reforma laboral que consider\u00f3 m\u00e1s importante desde 1931, para establecer tribunales laborales independientes, votaciones sindicales secretas y establecer la paridad de g\u00e9nero en los procesos de renovaci\u00f3n sindical.<\/p>\n<p>Esta reforma, se\u00f1al\u00f3, democratizar\u00e1 las relaciones laborales mexicanas, empoderar\u00e1 a los trabajadores y asestar\u00e1 un golpe al sistema arraigado de contratos de protecci\u00f3n dominados por el empleador, que ha mantenido a los trabajadores mexicanos en la pobreza y amenazado los empleos de los trabajadores en los Estados Unidos.<\/p>\n<p>Destac\u00f3 que esta reforma ha creado grandes expectativas en la clase trabajadora mexicana, que durante mucho tiempo ha sufrido bajos salarios y represi\u00f3n a manos de compa\u00f1\u00edas multinacionales aliadas con pol\u00edticos corruptos y sindicatos de protecci\u00f3n.<\/p>\n<p>Advirti\u00f3 que esta reforma ha sufrido embates, especialmente de \u201csindicatos corruptos, como la CTM, que se resisten a los cambios\u201d.<\/p>\n<p>Estos sindicatos han interpuesto cientos de demandas pidiendo medidas cautelares contra la reforma laboral, algunas de las cuales han tenido \u00e9xito, pero espera que pronto las autoridades laborales apliquen acciones para concretar la reforma.<\/p>\n<p><strong>G\u00f3mez Urrutia,<\/strong> un l\u00edder obrero singular, egresado de la carrera de Econom\u00eda de la UNAM y con postgrados en Oxford y otras universidades dijo en el <strong>encuentro de Chicago,<\/strong> uno de los pendientes ahora es regular la llamada subcontrataci\u00f3n (outsourcing) por parte de las empresas para evadir sus responsabilidades legales, por lo que en breve presentar\u00e1 una iniciativa para solucionar estos problemas.<\/p>\n<p style=\"text-align: center;\"><strong>Monreal presenta su nueva iniciativa<\/strong><\/p>\n<p>Como lo anunci\u00f3 desde la semana pasada, ayer <strong>Ricardo Monreal<\/strong> present\u00f3 su iniciativa para reformar las leyes del Impuesto al Valor Agregado y la Federal de Telecomunicaciones y Radiodifusi\u00f3n, a fin de obligar a las grandes empresas extranjeras de servicios digitales audiovisuales a pagar impuestos en el pa\u00eds.<\/p>\n<p>El coordinador de la bancada de Morena en la c\u00e1mara alta y presidente de la Junta de Coordinaci\u00f3n Pol\u00edtica, consider\u00f3 que con esta reforma no s\u00f3lo se lograr\u00eda la equidad tributaria entre prestadores de servicios digitales nacionales y extranjeros, sino que contempla que sus contenidos tengan, al menos, 30 por ciento de producci\u00f3n nacional.<\/p>\n<p>Ello es una exigencia de quienes piden fortalecer la identidad nacional, as\u00ed como el est\u00edmulo de valores art\u00edsticos y expresiones de la cultura local.<\/p>\n<p><strong>Monreal<\/strong> indic\u00f3 que, plataformas digitales trasnacionales como Netflix, Amazon Prime, Apple, Youtube y Spotify \u201cno pagan impuestos en M\u00e9xico mientras que obtienen ingresos multimillonarios.<\/p>\n<p>Aclar\u00f3 que ello hasta ahora no es ilegal, pues las normas fiscales simplemente no lo incluyeron.<\/p>\n<p>De aprobarse su reforma, dijo, el SAT obtendr\u00edan cerca de 3 mil 600 millones de pesos de impuestos de estas plataformas.<\/p>\n<p>Consider\u00f3 que se trata de una necesidad, no s\u00f3lo econ\u00f3mica, sino social, legislar.<\/p>\n<p style=\"text-align: center;\"><strong>INEGI pide respetar su presupuesto<\/strong><\/p>\n<p>Asediado pol\u00edtica y medi\u00e1ticamente desde las ma\u00f1aneras de <strong>Andr\u00e9s Manuel L\u00f3pez Obrador<\/strong> y debilitado por un recorte draconiano que le impidi\u00f3 realizar tareas esenciales de su programas durante este 2019, el INEGI, que encabeza <strong>Julio A. Santaella, <\/strong>busca ahora que los diputados aprueben un presupuesto suficiente para garantizar el levantamiento del Censo de Poblaci\u00f3n y Vivienda programado para marzo del pr\u00f3ximo a\u00f1o.<\/p>\n<p>Este, se indic\u00f3, ser\u00e1 el ejercicio estad\u00edstico m\u00e1s importante para el pa\u00eds, ya que sus resultados permitir\u00e1n al gobierno de <strong>Andr\u00e9s Manuel L\u00f3pez Obrador<\/strong>, quien ya se sabe que siempre <em>\u201ctiene otros datos\u201d,<\/em> contar con informaci\u00f3n actualizada para el dise\u00f1o de la pol\u00edtica p\u00fablica en sus diversas vertientes.<\/p>\n<p>Esta ser\u00eda una buena noticia, ya que, con los recursos solicitados, el INEGI tocar\u00e1 la puerta de 50.7 millones de inmuebles, de los cuales 45.1 millones ser\u00e1n viviendas, para conocer cu\u00e1ntos y c\u00f3mo somos y d\u00f3nde y c\u00f3mo vivimos los mexicanos.<\/p>\n<p>Hasta ahora, el paquete econ\u00f3mico para 2020 contempla los recursos suficientes para cumplir con estas tareas, se indic\u00f3.<\/p>\n<p style=\"text-align: center;\"><strong>Cerrada hasta nuevo aviso<\/strong><\/p>\n<p>Por votaci\u00f3n econ\u00f3mica, el pleno del Senado autoriz\u00f3 ayer a la C\u00e1mara de Diputados suspender sus sesiones ordinarias por m\u00e1s de tres d\u00edas.<\/p>\n<p>Y es que la panista <strong>Laura Rojas,<\/strong> presidenta en San L\u00e1zaro, le inform\u00f3 a su par en el Senado, a <strong>M\u00f3nica Fern\u00e1ndez<\/strong> que por estar sitiados los diputados federales por maestros dela CNTE no existen las para garantizar el acceso a sus tareas legislativas, y el pleno se ha visto imposibilitado para llevar a cabo su sesi\u00f3n ordinaria programada para ayer, dijo.<\/p>\n<p>Y de paso avis\u00f3 que, por tal motivo, y por las fiestas patrias, cit\u00f3 a sesi\u00f3n ordinaria para el pr\u00f3ximo mi\u00e9rcoles 18 de septiembre a las 11:00 horas.<\/p>\n<p>De acuerdo con el art\u00edculo 68 de la Constituci\u00f3n Pol\u00edtica de los Estados Mexicanos, ninguna C\u00e1mara podr\u00e1 suspender sus sesiones por m\u00e1s de tres d\u00edas, sin consentimiento de la otra.<\/p>\n<p style=\"text-align: center;\"><strong>Ahora quieren bajar el IVA en el sureste<\/strong><\/p>\n<p>A propuesta del senador de Morena <strong>Eduardo Ram\u00edrez Aguilar<\/strong> se presentar\u00e1 una iniciativa a fin de reducir a la mitad el IVA en Quintana Roo, Tabasco y Campeche.<\/p>\n<p>Estas tres entidades tienen frontera con Guatemala y Belice y presentan un importante cruce de personas.<\/p>\n<p>Al explicar su iniciativa, el legislador indic\u00f3 que la\u00a0 frontera sur cuenta con regiones con un amplio potencial de desarrollo, pero que necesitan un impulso para fomentar actividades econ\u00f3micas que creen mejores condiciones de vida para los habitantes.<\/p>\n<p>Su iniciativa pretende establecer una tasa del 8 por ciento del IVA en la enajenaci\u00f3n bienes, la prestaci\u00f3n de servicios independientes; el uso o goce temporal de bienes, la importaci\u00f3n de bienes o servicios y a la enajenaci\u00f3n de inmuebles que realicen las personas que residen en la regi\u00f3n fronteriza sur.<\/p>\n<p>Se define la Regi\u00f3n Fronteriza Sur la que incluye adem\u00e1s de la franja fronteriza de 20 kil\u00f3metros paralelo a la divisi\u00f3n internacional del sur del pa\u00eds, los municipios de Chiapas, Campeche y Tabasco que hacen frontera con Guatemala y Belice.<\/p>\n<p><em><a href=\"mailto:rvizcainoa@gmail.com\" target=\"_blank\" rel=\"noopener noreferrer\">rvizcainoa@gmail.com<\/a><br \/>\n<u><a href=\"http:\/\/endirecto.mx\" target=\"_blank\" rel=\"noopener noreferrer\">www.endirecto.mx<\/a><br \/>\n<a href=\"https:\/\/twitter.com\/_rvizcaino\" target=\"_blank\" rel=\"noopener noreferrer\">@_RVizcaino<\/a><br \/>\n<a href=\"https:\/\/www.facebook.com\/rvizcainoa\" target=\"_blank\" rel=\"noopener noreferrer\">facebook.com\/rvizcainoa<\/a><\/u><\/em><\/p>\n","protected":false},"excerpt":{"rendered":"<p><span style=\"color: #005497;\"><strong>Roberto Vizca\u00edno<\/strong><\/span><br \/>\n<br \/>\nDirigente de los mineros mexicanos, y presidente de la Comisi\u00f3n del Trabajo en el Senado, <strong>Napole\u00f3n G\u00f3mez Urrutia<\/strong>, se consolida r\u00e1pidamente como el primer dirigente obrero de M\u00e9xico con insospechadas relaciones e influencias internacionales.<\/p>\n","protected":false},"author":3,"featured_media":442697,"comment_status":"open","ping_status":"open","sticky":false,"template":"","format":"standard","meta":{"_monsterinsights_skip_tracking":false,"_monsterinsights_sitenote_active":false,"_monsterinsights_sitenote_note":"","_monsterinsights_sitenote_category":0,"footnotes":""},"categories":[136],"tags":[43674,93,94],"class_list":["post-442616","post","type-post","status-publish","format-standard","has-post-thumbnail","hentry","category-roberto-vizcaino-opinion","tag-opinion","tag-roberto-vizcaino","tag-tras-la-puerta-del-poder"],"_links":{"self":[{"href":"https:\/\/www.diarioimagen.net\/index.php?rest_route=\/wp\/v2\/posts\/442616","targetHints":{"allow":["GET"]}}],"collection":[{"href":"https:\/\/www.diarioimagen.net\/index.php?rest_route=\/wp\/v2\/posts"}],"about":[{"href":"https:\/\/www.diarioimagen.net\/index.php?rest_route=\/wp\/v2\/types\/post"}],"author":[{"embeddable":true,"href":"https:\/\/www.diarioimagen.net\/index.php?rest_route=\/wp\/v2\/users\/3"}],"replies":[{"embeddable":true,"href":"https:\/\/www.diarioimagen.net\/index.php?rest_route=%2Fwp%2Fv2%2Fcomments&post=442616"}],"version-history":[{"count":0,"href":"https:\/\/www.diarioimagen.net\/index.php?rest_route=\/wp\/v2\/posts\/442616\/revisions"}],"wp:featuredmedia":[{"embeddable":true,"href":"https:\/\/www.diarioimagen.net\/index.php?rest_route=\/wp\/v2\/media\/442697"}],"wp:attachment":[{"href":"https:\/\/www.diarioimagen.net\/index.php?rest_route=%2Fwp%2Fv2%2Fmedia&parent=442616"}],"wp:term":[{"taxonomy":"category","embeddable":true,"href":"https:\/\/www.diarioimagen.net\/index.php?rest_route=%2Fwp%2Fv2%2Fcategories&post=442616"},{"taxonomy":"post_tag","embeddable":true,"href":"https:\/\/www.diarioimagen.net\/index.php?rest_route=%2Fwp%2Fv2%2Ftags&post=442616"}],"curies":[{"name":"wp","href":"https:\/\/api.w.org\/{rel}","templated":true}]}}