{"id":442623,"date":"2019-09-13T00:00:00","date_gmt":"2019-09-13T05:00:00","guid":{"rendered":"https:\/\/www.diarioimagen.net\/?p=442623"},"modified":"2019-09-13T05:53:30","modified_gmt":"2019-09-13T10:53:30","slug":"contagios-de-dengue-peligroso-tabu","status":"publish","type":"post","link":"https:\/\/www.diarioimagen.net\/?p=442623","title":{"rendered":"Contagios de dengue, peligroso tab\u00fa"},"content":{"rendered":"<h2>Derecho de r\u00e9plica<\/h2>\n<p>&nbsp;<\/p>\n<ul>\n<li><strong><em>Tres muertes por esta enfermedad se llevan contabilizadas en Quintana Roo, en un pa\u00eds, que se supone trascendi\u00f3 las condiciones tercermundistas<\/em><\/strong><\/li>\n<\/ul>\n<p>&nbsp;<\/p>\n<p>En Quintana Roo, principal polo tur\u00edstico del pa\u00eds, se tiene terror a difundir malas noticias, por aquello de afectar la afluencia tur\u00edstica, sin embargo, el tratar de ocultar o minimizar un tema que afecta al estado, no resulta una buena t\u00e1ctica, ah\u00ed tenemos el tema del sargazo, que en el sexenio pasado se trat\u00f3 de ocultar&#8230;como si eso fuera posible&#8230; y negar que se trataba de un desastre natural, lo que result\u00f3 en m\u00ednimo apoyo econ\u00f3mico para la entidad&#8230; que por cierto se evapor\u00f3&#8230; de haber insistido desde hace cuatro a\u00f1os en el problema, es probable que ya existieran medidas eficaces para el manejo del alga.<\/p>\n<p>Es ahora, cuando Quintana Roo ocupa el quinto lugar en la tasa de incidencia de dengue, cuando se debe hacer frente a la situaci\u00f3n sin tratar de desviar la mirada.<\/p>\n<p>Tres muertes por dengue se llevan contabilizadas en Quintana Roo, en un pa\u00eds, que se supone trascendi\u00f3 las condiciones tercermundistas, es algo que debe hacer que el gobierno federal le meta dinero a la fumigaci\u00f3n y programas de prevenci\u00f3n,m\u00e1s cuando los recursos estatales adem\u00e1s de sufrir tijeretazos en muchas \u00e1reas pasan por un mal momento, porque el gobierno de L\u00f3pez Obrador no cumple con sus compromisos financieros, pues adeuda 2 mil millones de pesos en partidas presupuestarias etiquetadas para el estado. \u00a1Se ten\u00eda que decir y se dijo!<\/p>\n<p style=\"text-align: center;\"><strong>Menos para el turismo e infraestructura<\/strong><\/p>\n<p>Tras el recorte a distintas \u00e1reas que plantea la Secretar\u00eda de Hacienda y Cr\u00e9dito P\u00fablico, a trav\u00e9s del Proyecto de Presupuesto de Egresos de la Federaci\u00f3n 2020, el gobernador, Carlos Joaqu\u00edn Gonz\u00e1lez, afirm\u00f3 que s\u00ed afecta en los rubros tur\u00edsticos, rural y de infraestructura carretera.<\/p>\n<p>Rechaz\u00f3 que una opci\u00f3n para compensar ingresos sea la creaci\u00f3n o el incremento de impuestos.<\/p>\n<p>Explic\u00f3 que el recorte de 44.7 por ciento al gasto programable de la Secretar\u00eda de Turismo, s\u00ed ocasionar\u00e1 una ca\u00edda de la promoci\u00f3n de los destinos, pero tambi\u00e9n de la generaci\u00f3n de producto tur\u00edstico.<\/p>\n<p>Asimismo, detall\u00f3 que en el Ramo 28 se obtendr\u00e1n m\u00e1s recursos y, en contraste, en el Ramo 33 caer\u00e1n las aportaciones.<\/p>\n<p>\u201cS\u00ed hay disminuciones importantes en dependencias o sectores que son importantes para Quintana Roo, evidentemente en el \u00e1rea tur\u00edstica, en la rural, en infraestructura carretera\u201d&#8230;, \u201cen el Ramo 28 somos de los pocos que crecemos, en el Ramo 33 somos de los que m\u00e1s caemos\u201d.<\/p>\n<p>El Ramo 28 (\u201cParticipaciones a entidades federativas y municipios\u201d) pueden ser usadas libremente por parte de los estados y municipios. Estos recursos los env\u00eda el gobierno federal a los estados y municipios seg\u00fan i) sus participaciones distribuidas durante ese ejercicio, ii) su crecimiento del PIB, iii) su esfuerzo recaudatorio y iv) su n\u00famero de habitantes. Por lo que es l\u00f3gico un incremento en este apartado, pues Quintana Roo es el estado con mayor crecimiento econ\u00f3mico y el que mayor recaudaci\u00f3n tiene.<\/p>\n<p>Por otro lado, las transferencias que se realizan por medio del Ramo 33 \u201cAportaciones a entidades federativas\u201d, tienen objetivos definidos por el gobierno federal en materia de educaci\u00f3n, salud, infraestructura educativa y social y seguridad p\u00fablica. El Ramo 33 se divide en fondos que se distribuyen a partir de f\u00f3rmulas, indicadores, criterios, calendarios y destino, establecidos en la Ley de Coordinaci\u00f3n Fiscal.<\/p>\n<p>As\u00ed que, olvidemos tener mayor abasto de medicinas y m\u00e1s obra p\u00fablica veremos por cu\u00e1nto tiempo los ciudadanos est\u00e1n felices felices, como afirma el Presidente cuando, al igual que a los delincuentes, se le tenga que decir fuchi y gu\u00e1cala a las nubes de mosquitos que acechan a los quintanarroenses y \u00bfa las enfermedades habr\u00e1 que pedirles que se porten bien? O que alguien me explique.<\/p>\n<p style=\"text-align: center;\"><strong>Un fuchi para Torruco<\/strong><\/p>\n<p>La senadora Mayuli Mart\u00ednez Sim\u00f3n lament\u00f3 que el secretario de Turismo, Miguel Torruco Marqu\u00e9s, le est\u00e9 dando la espalda a la industria tur\u00edstica, al permitir una reducci\u00f3n del 40 por ciento del presupuesto para el ejercicio fiscal 2020, lo que repercutir\u00e1 de manera negativa en millones de familias y miles de empresas que dependen de esta industria.<\/p>\n<p>\u201cCon preocupaci\u00f3n veo grandes contradicciones en el gobierno federal, por un lado el secretario de Turismo, Miguel Torruco Marqu\u00e9s, mantiene su desinter\u00e9s por defender a la industria tur\u00edstica y por otro, el secretario de Hacienda, Arturo Herrera, reconoci\u00f3 que el pa\u00eds debe tener fuentes alternativas de recaudaci\u00f3n, pues depender del petr\u00f3leo no es lo ideal, pareciera que para ambos funcionarios el turismo no es relevante, cuando es la tercera actividad econ\u00f3mica m\u00e1s importante del pa\u00eds\u201d, se\u00f1al\u00f3 la senadora Mayuli Mart\u00ednez Sim\u00f3n, integrante de la Comisi\u00f3n de Turismo en el Senado de la Rep\u00fablica.<\/p>\n<p>La industria tur\u00edstica en M\u00e9xico es la tercera actividad que mayores ingresos genera al pa\u00eds, est\u00e1 por encima de la producci\u00f3n petrolera, actualmente en el ramo tur\u00edstico se generan poco m\u00e1s de 10 millones de empleos directos e indirectos.<\/p>\n<p>\u201cEs lamentable que desde la Secretar\u00eda de Turismo se permita una reducci\u00f3n presupuestal del 40 por ciento para el ejercicio fiscal 2020, cuando es momento de impulsar nuestras fortalezas ante la incertidumbre econ\u00f3mica internacional, el turismo ha demostrado en las \u00faltimas d\u00e9cadas que es un pilar de nuestra econom\u00eda aun en tiempos de crisis, por ello, otros pa\u00edses le est\u00e1n apostando al desarrollo de productos tur\u00edsticos y M\u00e9xico se est\u00e1 quedando estancado\u201d.<\/p>\n<p>Para la legisladora es adecuado considerar al turismo como una actividad prioritaria para la naci\u00f3n, esto permitir\u00e1 mantener la competitividad de los destinos tur\u00edsticos, generar m\u00e1s empleos y continuar con una pol\u00edtica adecuada para la distribuci\u00f3n de la riqueza.<\/p>\n<p>\u201cLo dije una vez y lo repito, le est\u00e1n pegando a la <em>gallina de los huevos de oro<\/em>, hoy apostarle al turismo es una v\u00eda s\u00f3lida para mantener la estabilidad econ\u00f3mica del pa\u00eds y por consiguiente, la tranquilidad de millones de familias\u201d.<\/p>\n<p>Finalmente, la senadora Mayuli Mart\u00ednez Sim\u00f3n confi\u00f3 en que los legisladores federales, quienes discutir\u00e1n y aprobar\u00e1n el presupuesto, analicen a fondo la situaci\u00f3n tur\u00edstica del pa\u00eds y asignen las partidas presupuestales para fortalecer esta industria.<\/p>\n<p>\u201cConf\u00edo en que los diputados federales har\u00e1n las valoraciones adecuadas y de manera especial hago un llamado a los legisladores vinculados a alguna zona tur\u00edstica del pa\u00eds para que reflexiones sobre la importancia apostarle al desarrollo tur\u00edstico de M\u00e9xico<\/p>\n<p style=\"text-align: center;\"><strong>Sin Uber, para largo<\/strong><\/p>\n<p>El director del Instituto de Movilidad, Jorge P\u00e9rez P\u00e9rez, apenas lleva el 80 por ciento del reglamento del instituto que dirige por lo que, aunque Uber ganara los amparos federales que interpuso para evitar funcionar bajo las condiciones de la Ley de Movilidad del estado, no podr\u00eda iniciar labores, sino hasta que las directivas del IMQROO est\u00e9n completas.<\/p>\n","protected":false},"excerpt":{"rendered":"<p><span style=\"color: #005497;\"><strong>Derecho de r\u00e9plica<\/strong><\/span><\/p>\n","protected":false},"author":3,"featured_media":0,"comment_status":"open","ping_status":"open","sticky":false,"template":"","format":"standard","meta":{"_monsterinsights_skip_tracking":false,"_monsterinsights_sitenote_active":false,"_monsterinsights_sitenote_note":"","_monsterinsights_sitenote_category":0,"footnotes":""},"categories":[62907],"tags":[47840,43674],"class_list":["post-442623","post","type-post","status-publish","format-standard","hentry","category-derecho-de-replica","tag-derecho-de-replica","tag-opinion"],"_links":{"self":[{"href":"https:\/\/www.diarioimagen.net\/index.php?rest_route=\/wp\/v2\/posts\/442623","targetHints":{"allow":["GET"]}}],"collection":[{"href":"https:\/\/www.diarioimagen.net\/index.php?rest_route=\/wp\/v2\/posts"}],"about":[{"href":"https:\/\/www.diarioimagen.net\/index.php?rest_route=\/wp\/v2\/types\/post"}],"author":[{"embeddable":true,"href":"https:\/\/www.diarioimagen.net\/index.php?rest_route=\/wp\/v2\/users\/3"}],"replies":[{"embeddable":true,"href":"https:\/\/www.diarioimagen.net\/index.php?rest_route=%2Fwp%2Fv2%2Fcomments&post=442623"}],"version-history":[{"count":0,"href":"https:\/\/www.diarioimagen.net\/index.php?rest_route=\/wp\/v2\/posts\/442623\/revisions"}],"wp:attachment":[{"href":"https:\/\/www.diarioimagen.net\/index.php?rest_route=%2Fwp%2Fv2%2Fmedia&parent=442623"}],"wp:term":[{"taxonomy":"category","embeddable":true,"href":"https:\/\/www.diarioimagen.net\/index.php?rest_route=%2Fwp%2Fv2%2Fcategories&post=442623"},{"taxonomy":"post_tag","embeddable":true,"href":"https:\/\/www.diarioimagen.net\/index.php?rest_route=%2Fwp%2Fv2%2Ftags&post=442623"}],"curies":[{"name":"wp","href":"https:\/\/api.w.org\/{rel}","templated":true}]}}