{"id":442734,"date":"2019-09-16T00:04:47","date_gmt":"2019-09-16T05:04:47","guid":{"rendered":"https:\/\/www.diarioimagen.net\/?p=442734"},"modified":"2019-09-15T23:17:27","modified_gmt":"2019-09-16T04:17:27","slug":"ayotzinapa-y-el-caos","status":"publish","type":"post","link":"https:\/\/www.diarioimagen.net\/?p=442734","title":{"rendered":"Ayotzinapa y el caos"},"content":{"rendered":"<h2>Punto por punto<\/h2>\n<h5>Augusto Corro<\/h5>\n<p>&nbsp;<\/p>\n<p>Contin\u00faa el caos en el caso Ayotzinapa. Ahora, un juez liber\u00f3 a 24 polic\u00edas involucrados en la desaparici\u00f3n de los 43 normalistas.<\/p>\n<p>En la noche del 26 y madrugada del 27 de septiembre se registr\u00f3 el secuestro masivo de estudiantes.<\/p>\n<p>Desde esa fecha las autoridades poco o nada hicieron para conocer lo ocurrido en Iguala.<\/p>\n<p>En ese hecho participaron elementos de la fuerza p\u00fablica de los ayuntamientos de Cocula, Iguala y Huitzuco, narcos y autoridades de varios niveles.<\/p>\n<p>Decenas de personas involucradas fueron detenidas y encarceladas. Se declararon los procesos penales contra los presuntos implicados.<\/p>\n<p>S\u00f3lo que los jueces, con actitudes legaloides, optaron por ordenar la libertad de un sinn\u00famero de personas involucradas.<\/p>\n<p>Claro, la defensa de los acusados siempre argument\u00f3 que la confesi\u00f3n de sus clientes se logr\u00f3 a trav\u00e9s de la tortura.<\/p>\n<p>Como se inform\u00f3 en este espacio, se registr\u00f3 un desaseo total en la investigaci\u00f3n del plagio de los j\u00f3venes.<\/p>\n<p>Las propias autoridades federales se encargaron de armar una \u201cverdad hist\u00f3rica\u201d a modo para ponerle punto final.<\/p>\n<p>El nuevo gobierno, ante la presi\u00f3n de los padres de los normalistas, decidi\u00f3 imprimir mayor inter\u00e9s para conocer la verdad de lo que realmente ocurri\u00f3.<\/p>\n<p>Se instal\u00f3 la Fiscal\u00eda de Ayotzinapa, c\u00f3mo \u00f3rgano del Ministerio P\u00fablico Federal, aut\u00f3nomo e independiente, que participar\u00e1 en la nueva investigaci\u00f3n.<\/p>\n<p>Entre sus funciones estar\u00e1 la de presentar todos los recursos y propuestas para responsabilizar a quienes incumplieron con sus funciones.<\/p>\n<p>En t\u00e9rminos generales ser\u00e1n investigados los funcionarios que fueron omisos en brindar justicia en el caso Ayotzinapa.<\/p>\n<p>A casi cinco a\u00f1os de la desaparici\u00f3n de los normalistas todo sigue igual. Nadie sabe del paradero de los estudiantes.<\/p>\n<p style=\"text-align: center;\"><strong>El reino de la impunidad<\/strong><\/p>\n<p>La toma de casetas es un negocio redondo que\u00a0 brinda utilidades seguras. Y no se castiga. Basta que un grupo de personas se dedique a botear para obtener recursos de manera ilegal.<\/p>\n<p>Seg\u00fan Caminos y Puentes Federales (Capufe) dej\u00f3 de recibir m\u00e1s de 3 mil millones de pesos por ese delito federal, en los \u00faltimos ocho a\u00f1os.<\/p>\n<p>En el primer semestre del 2019, las autoridades registraron 2 mil 458 eventos.<\/p>\n<p>El no cobro de peaje creci\u00f3 ante la impunidad que protege a las personas que se escudan en supuestas luchas sociales.<\/p>\n<p>La toma de casetas es un delito federal que se castiga con 30 a\u00f1os de c\u00e1rcel. Sin embargo, no preocupa a quienes ya hicieron de esa acci\u00f3n penal una especie de negocio lucrativo.<\/p>\n<p>No parece que se acerque el fin de esa manera de manifestarse con su respectivo boteo. A las autoridades no les preocupa el problema de las casetas. De otro modo ya lo hubieran solucionado. \u00bfEl automovilista que puede hacer? Los beneficiados son aquellos que encontraron su mina de oro en el boteo una vez que toman las casetas.<\/p>\n<p style=\"text-align: center;\"><strong>Aviso a la delincuencia<\/strong><\/p>\n<p>La Secretar\u00eda de Seguridad Ciudadana busca a unos 365 maleantes quienes operan en las 73 coordinaciones territoriales y cometen diversos delitos, que van desde el asalto a transe\u00fante hasta la venta de armas.<\/p>\n<p>Claro, tambi\u00e9n se incluye a aquellos que se dedican al narcomenudeo.<\/p>\n<p>Bueno, pues la delincuencia organizada debe estar agradecida con las autoridades que se tomaron la molestia de avisarles que van en contra de ellos.<\/p>\n<p>Esperemos que las acciones de la autoridad devuelvan la seguridad y paz a los capitalinos que se encuentran en medio de una espiral de violencia.<\/p>\n<p style=\"text-align: center;\"><strong>El contrapeso<\/strong><\/p>\n<p>Los partidos pol\u00edticos se encuentran en calidad de desaparecidos.<\/p>\n<p>El gobierno federal, encabezado por el presidente Andr\u00e9s Manuel L\u00f3pez Obrador, no tiene obst\u00e1culos en su desempe\u00f1o.<\/p>\n<p>\u00bfC\u00f3mo los iba a tener si la oposici\u00f3n pol\u00edtica se encuentra desmantelada?<\/p>\n<p>Tocamos el tema, porque hoy 16 de septiembre, el Partido Acci\u00f3n Nacional cumple ochenta a\u00f1os de vida.<\/p>\n<p>La actuaci\u00f3n de esta organizaci\u00f3n pol\u00edtica estuvo varios a\u00f1os como digna representante del contrapeso pol\u00edtico.<\/p>\n<p>Pero la ambici\u00f3n y los p\u00e9simos presidentes de la Rep\u00fablica surgidos de Acci\u00f3n Nacional tienen al partido en la lona, como se dice coloquialmente.<\/p>\n<p>El divisionismo, la visi\u00f3n pol\u00edtica y la ambici\u00f3n mantienen al PAN pasmado.<\/p>\n<p>A partir del 2000, el partido blanquiazul tuvo la oportunidad de efectuar el cambio en M\u00e9xico. El mandatario Vicente Fox recibi\u00f3 el apoyo de M\u00e9xico para realizarlo.<\/p>\n<p>\u00bfY qu\u00e9 sucedi\u00f3? El guanajuatense perdi\u00f3 la br\u00fajula.<\/p>\n<p>Le hered\u00f3 el poder, tras un fraude electoral may\u00fasculo, a Felipe Calder\u00f3n Hinojosa. Este panista lo primero que hizo fue llevar a M\u00e9xico a una guerra contra la delincuencia organizada.<\/p>\n<p>En esa lucha, miles de mexicanos perdieron la vida.<\/p>\n<p>En el presente, lejos de Acci\u00f3n Nacional optaron por enfrentar, con m\u00e1s pena que gloria, al gobierno de L\u00f3pez Obrador.<\/p>\n<p>Fox manifiesta su inconformidad con el twitter y Calder\u00f3n anda en la formaci\u00f3n de un nuevo partido.<\/p>\n<p>Los panistas no tienen l\u00edderes ni figuras que le den brillo al partido. Los actuales dirigentes se encuentran opacados por la mediocridad.<\/p>\n<p><em><u><a href=\"mailto:aco2742@hotmail.com\" target=\"_blank\" rel=\"noopener noreferrer\">aco2742@hotmail.com<\/a><\/u><\/em><\/p>\n","protected":false},"excerpt":{"rendered":"<p><span style=\"color: #005497;\"><strong>Augusto Corro<\/strong><\/span><\/p>\n","protected":false},"author":3,"featured_media":0,"comment_status":"open","ping_status":"open","sticky":false,"template":"","format":"standard","meta":{"_monsterinsights_skip_tracking":false,"_monsterinsights_sitenote_active":false,"_monsterinsights_sitenote_note":"","_monsterinsights_sitenote_category":0,"footnotes":""},"categories":[157],"tags":[43686,43674,11515],"class_list":["post-442734","post","type-post","status-publish","format-standard","hentry","category-augusto-corro","tag-augusto-corro","tag-opinion","tag-punto-por-punto"],"_links":{"self":[{"href":"https:\/\/www.diarioimagen.net\/index.php?rest_route=\/wp\/v2\/posts\/442734","targetHints":{"allow":["GET"]}}],"collection":[{"href":"https:\/\/www.diarioimagen.net\/index.php?rest_route=\/wp\/v2\/posts"}],"about":[{"href":"https:\/\/www.diarioimagen.net\/index.php?rest_route=\/wp\/v2\/types\/post"}],"author":[{"embeddable":true,"href":"https:\/\/www.diarioimagen.net\/index.php?rest_route=\/wp\/v2\/users\/3"}],"replies":[{"embeddable":true,"href":"https:\/\/www.diarioimagen.net\/index.php?rest_route=%2Fwp%2Fv2%2Fcomments&post=442734"}],"version-history":[{"count":0,"href":"https:\/\/www.diarioimagen.net\/index.php?rest_route=\/wp\/v2\/posts\/442734\/revisions"}],"wp:attachment":[{"href":"https:\/\/www.diarioimagen.net\/index.php?rest_route=%2Fwp%2Fv2%2Fmedia&parent=442734"}],"wp:term":[{"taxonomy":"category","embeddable":true,"href":"https:\/\/www.diarioimagen.net\/index.php?rest_route=%2Fwp%2Fv2%2Fcategories&post=442734"},{"taxonomy":"post_tag","embeddable":true,"href":"https:\/\/www.diarioimagen.net\/index.php?rest_route=%2Fwp%2Fv2%2Ftags&post=442734"}],"curies":[{"name":"wp","href":"https:\/\/api.w.org\/{rel}","templated":true}]}}