{"id":442744,"date":"2019-09-16T00:03:33","date_gmt":"2019-09-16T05:03:33","guid":{"rendered":"https:\/\/www.diarioimagen.net\/?p=442744"},"modified":"2019-09-16T02:09:17","modified_gmt":"2019-09-16T07:09:17","slug":"el-gran-misterio-de-la-independencia-de-mexico","status":"publish","type":"post","link":"https:\/\/www.diarioimagen.net\/?p=442744","title":{"rendered":"El gran misterio de la Independencia de M\u00e9xico"},"content":{"rendered":"<h2>De pe a pa<\/h2>\n<h5>Alberto Vieyra G.<\/h5>\n<p>&nbsp;<\/p>\n<p>\u00bfLe gustar\u00eda conocer el misterio m\u00e1s grande la Independencia Nacional? Bueno, p\u00f3ngase c\u00f3modo y pare oreja.<\/p>\n<p>Eran las 12:00 del d\u00eda del 30 de septiembre 1810 cuando el ej\u00e9rcito realista y las huestes del ej\u00e9rcito insurgente, al mando del cura Hidalgo, chocaron en el Monte de las Cruces, a s\u00f3lo 32 km de la Ciudad de M\u00e9xico. S\u00ed, la consumaci\u00f3n de la Independencia estaba a dos o tres horas y a 32 km de su consumaci\u00f3n, pero despu\u00e9s de que los insurgentes derrotaron al ej\u00e9rcito colonial, misteriosamente Miguel Gregorio Antonio Ignacio Hidalgo y Costilla Gallaga Mandarte y Villase\u00f1or\u200b\u200b, nombre completo del Padre de la Patria, decidi\u00f3 regresar en desbandada hac\u00eda el Baj\u00edo y la consumaci\u00f3n independentista tendr\u00eda que esperar hasta 1821, once a\u00f1os despu\u00e9s.<\/p>\n<p>\u00bfCu\u00e1l fue la raz\u00f3n por la que el cura Hidalgo tom\u00f3 tan absurda decisi\u00f3n? \u00bfTuvo miedo de convertir a la capital de la Nueva Espa\u00f1a en una carnicer\u00eda, a pesar de que el grueso del ej\u00e9rcito realista se encontraba en San Luis Potos\u00ed y s\u00f3lo una guarnici\u00f3n de unos 8 mil soldados defend\u00edan a la naci\u00f3n? \u00bfFueron sus encarnizadas pugnas que sosten\u00eda con Ignacio Allende y Aldama, quienes a partir de entonces lo manten\u00edan en calidad de prisionero? \u00bfFueron esas traiciones las que obligaron a Hidalgo a huir en desbandada hac\u00eda Aculco, Guanajuato y Guadalajara?<\/p>\n<p>Recordar\u00e9 que los espan\u00f3filos, desde la llegada de Hern\u00e1n Cort\u00e9s a este continente, veneraban a San Judas Tadeo y a la Virgen de los Remedios, mientras que el indigenismo mexicano ten\u00eda como deidad a la Virgen de Guadalupe y tanto arrastre ten\u00eda la Guadalupana, que en Atotonilco El Grande, el cura Hidalgo tom\u00f3 un \u00f3leo de la Virgen del Tepeyac y lo improvis\u00f3 como estandarte de la Guerra de Independencia. La Guadalupana hizo que, en menos de 3 semanas, el ej\u00e9rcito insurgente creciera en m\u00e1s de 80 mil almas que, sedientas de libertad se lanzaran a romper las cadenas de la esclavitud espa\u00f1ola de tres siglos, aunque fuese con armas, como machetes, lanzas, entre otras.<\/p>\n<p>Por aquellos d\u00edas, a la capital mexicana llegaban rumores de que Estados Unidos invadir\u00eda a M\u00e9xico con 40 mil soldados, para arrebatarnos Texas y que el cura Hidalgo avanzaba como un torbellino hacia la Ciudad de M\u00e9xico. El virrey de la Nueva Espa\u00f1a, Francisco Javier Benegas, se apanic\u00f3 y orden\u00f3 que llevaran a la Catedral Metropolitana a la Virgen de los Remedios. Ante ella, el virrey se hinc\u00f3 y poniendo su bast\u00f3n de mando a los pies de la virgen, le pidi\u00f3 con toda su alma que ninguna de las dos calamidades que se cern\u00edan sobre M\u00e9xico ocurriesen. Los gringos zopiloteaban desde entonces al territorio azteca para apoderarse no s\u00f3lo de Texas, sino de otros vastos territorios, que sumaban en total 2 millones 347 mil 242 km de nuestro territorio original, el 62% del llamado cuerno de la abundancia.<\/p>\n<p>La descuartizaci\u00f3n de M\u00e9xico ocurrir\u00eda hasta 1848, pero desde 1835, Texas pasar\u00eda a formar la estrella n\u00famero 29 en la bandera de las barras y las estrellas. Eran los a\u00f1os de la gran divisi\u00f3n y confrontaci\u00f3n entre los mexicanos, liberales contra conservadores, todos contra todos. Un pa\u00eds dividido como el que hoy divide y enfrenta un populista gobernante llamado Andr\u00e9s Manuel L\u00f3pez Obrador.<\/p>\n<p>No faltan historiadores e investigadores que se preguntan reiteradamente y tambi\u00e9n me pregunto yo: \u00bfEn la batalla del Monte de las Cruces le gan\u00f3 la guerra la Virgen de los Remedios a la Virgen de Guadalupe? \u00bfQu\u00e9 ocurri\u00f3 realmente? \u00bfSabremos alg\u00fan d\u00eda la verdad del gran misterio de la Independencia de M\u00e9xico?<\/p>\n<p><em><a href=\"mailto:info@agenciamn.com\" target=\"_blank\" rel=\"noopener noreferrer\">info@agenciamn.com<\/a><\/em><\/p>\n","protected":false},"excerpt":{"rendered":"<p><span style=\"color: #005497;\"><strong>Alberto Vieyra G.<\/strong><\/span><\/p>\n","protected":false},"author":3,"featured_media":0,"comment_status":"open","ping_status":"open","sticky":false,"template":"","format":"standard","meta":{"_monsterinsights_skip_tracking":false,"_monsterinsights_sitenote_active":false,"_monsterinsights_sitenote_note":"","_monsterinsights_sitenote_category":0,"footnotes":""},"categories":[4596],"tags":[43697,4597,43674],"class_list":["post-442744","post","type-post","status-publish","format-standard","hentry","category-alberto-vieyra-g","tag-alberto-vieyra-g","tag-de-pe-a-pa","tag-opinion"],"_links":{"self":[{"href":"https:\/\/www.diarioimagen.net\/index.php?rest_route=\/wp\/v2\/posts\/442744","targetHints":{"allow":["GET"]}}],"collection":[{"href":"https:\/\/www.diarioimagen.net\/index.php?rest_route=\/wp\/v2\/posts"}],"about":[{"href":"https:\/\/www.diarioimagen.net\/index.php?rest_route=\/wp\/v2\/types\/post"}],"author":[{"embeddable":true,"href":"https:\/\/www.diarioimagen.net\/index.php?rest_route=\/wp\/v2\/users\/3"}],"replies":[{"embeddable":true,"href":"https:\/\/www.diarioimagen.net\/index.php?rest_route=%2Fwp%2Fv2%2Fcomments&post=442744"}],"version-history":[{"count":0,"href":"https:\/\/www.diarioimagen.net\/index.php?rest_route=\/wp\/v2\/posts\/442744\/revisions"}],"wp:attachment":[{"href":"https:\/\/www.diarioimagen.net\/index.php?rest_route=%2Fwp%2Fv2%2Fmedia&parent=442744"}],"wp:term":[{"taxonomy":"category","embeddable":true,"href":"https:\/\/www.diarioimagen.net\/index.php?rest_route=%2Fwp%2Fv2%2Fcategories&post=442744"},{"taxonomy":"post_tag","embeddable":true,"href":"https:\/\/www.diarioimagen.net\/index.php?rest_route=%2Fwp%2Fv2%2Ftags&post=442744"}],"curies":[{"name":"wp","href":"https:\/\/api.w.org\/{rel}","templated":true}]}}