{"id":442830,"date":"2019-09-17T00:03:51","date_gmt":"2019-09-17T05:03:51","guid":{"rendered":"https:\/\/www.diarioimagen.net\/?p=442830"},"modified":"2019-09-17T01:01:07","modified_gmt":"2019-09-17T06:01:07","slug":"austeridad-republicana","status":"publish","type":"post","link":"https:\/\/www.diarioimagen.net\/?p=442830","title":{"rendered":"Austeridad republicana"},"content":{"rendered":"<h2>Espacio Electoral<\/h2>\n<h5>Eleazar Flores<\/h5>\n<p><strong>\u00a0<\/strong><\/p>\n<p><strong>Consistencia<\/strong>-. El tema no va por los salarios modestos a la alta burocracia federal que a\u00fan est\u00e1 por checar su veracidad, sino por lo visto en la ceremonia del grito del domingo por la noche y el desfile c\u00edvico.militar de ayer lunes, en el que en honor a la verdad falt\u00f3 el colorido de contingentes escolares.<\/p>\n<p>En cuanto a las proclamas del presidente Andr\u00e9s Manuel L\u00f3pez Obrador lo destacable es que no haya citado la cuarta transformaci\u00f3n. Con decirle que hasta el clima sin lluvia colabor\u00f3.<\/p>\n<p><strong>Austeridad<\/strong>-. En honor a la verdad, el mandatario ha sido incongruente en muchos \u00e1ngulos de su desempe\u00f1o p\u00fablico, principalmente en sus conferencias ma\u00f1aneras, con su recurrente y gastada frase de tener \u201cotros datos\u201d cuando alg\u00fan reportero le cuestiona tales o cuales cifras o hechos, siendo el m\u00e1s reciente el de la reforma educativa sin\u00a0 aprobarse cuando Andr\u00e9s Manuel L\u00f3pez Obrador dijo lo contrario.<\/p>\n<p>Sin embargo el tema de hoy es todo lo relacionado al 209 aniversario del inicio del movimiento de Independencia y los distintos rituales que los presidentes en turno han impreso, como se lo coment\u00e9 en la entrega ayer. Incluso el encabezado del contenido iniciaba con \u201cVIVA LA 4T\u201d, que por fortuna me equivoqu\u00e9 al no citarla en momento alguno el presidente L\u00f3pez Obrador.<\/p>\n<p>Podr\u00e1 cuestionarse el citar por separado a los pueblos ind\u00edgenas tomando en cuenta que tambi\u00e9n son parte de la poblaci\u00f3n mexicana por lo que no se justifica discriminarlos, pero es un prurito que se deja a los quisquillosos cr\u00edticos del tabasque\u00f1o. Por lo dem\u00e1s, sus veinte arengas pudieran estar plenamente justificadas pues de que hay \u201c\u00b4h\u00e9roes an\u00f3nimos\u201d ni quien lo dude.<\/p>\n<p>En cuanto a la vestimenta de la esposa Beatriz Guti\u00e9rrez M\u00fcller habr\u00e1 que dejar la tarea a las y los reporteros de las revistas de sociales pues son los expertos pero por comentarios de \u201cJuan pueblo\u201d o el \u201cpueblo sabio\u201d para estar en el lenguaje de la clase pol\u00edtica de ahora, la se\u00f1ora luci\u00f3 apropiada, tanto el domingo por la noche y sobre todo el lunes en la ceremonia del desfile.<\/p>\n<p>Lo mejor del domingo por la noche adem\u00e1s del tiempo, fue el comportamiento popular, aun cuando hay que advertir que mucha gente fue para ver de cerca a la pl\u00e9yade de artistas folcl\u00f3ricos para todos los gustos. Un prietito en el arroz fue el percance sufrido por un militar, con la esperanza de que haya superado su accidente de vuelo.<\/p>\n<p>Ahora que nunca faltar\u00e1n los cr\u00edticos como el ex presidente Vicente Fox, pero seguro sigue influenciado por su Marthita Sahag\u00fan, que en ceremonias similares se colgaba \u201chasta el molcajete\u201d, sin olvidar su cara vestimenta con cargo del erario.<\/p>\n<p><a href=\"mailto:elefa44@gmail.com\" target=\"_blank\" rel=\"noopener noreferrer\"><em>elefa44@gmail.com<\/em><\/a><\/p>\n","protected":false},"excerpt":{"rendered":"<p><span style=\"color: #005497;\"><strong>Eleazar Flores<\/strong><\/span><\/p>\n","protected":false},"author":3,"featured_media":0,"comment_status":"open","ping_status":"open","sticky":false,"template":"","format":"standard","meta":{"_monsterinsights_skip_tracking":false,"_monsterinsights_sitenote_active":false,"_monsterinsights_sitenote_note":"","_monsterinsights_sitenote_category":0,"footnotes":""},"categories":[81743],"tags":[81744,81776,43674],"class_list":["post-442830","post","type-post","status-publish","format-standard","hentry","category-eleazar-flores","tag-eleazar-flores","tag-espacio-electoral","tag-opinion"],"_links":{"self":[{"href":"https:\/\/www.diarioimagen.net\/index.php?rest_route=\/wp\/v2\/posts\/442830","targetHints":{"allow":["GET"]}}],"collection":[{"href":"https:\/\/www.diarioimagen.net\/index.php?rest_route=\/wp\/v2\/posts"}],"about":[{"href":"https:\/\/www.diarioimagen.net\/index.php?rest_route=\/wp\/v2\/types\/post"}],"author":[{"embeddable":true,"href":"https:\/\/www.diarioimagen.net\/index.php?rest_route=\/wp\/v2\/users\/3"}],"replies":[{"embeddable":true,"href":"https:\/\/www.diarioimagen.net\/index.php?rest_route=%2Fwp%2Fv2%2Fcomments&post=442830"}],"version-history":[{"count":0,"href":"https:\/\/www.diarioimagen.net\/index.php?rest_route=\/wp\/v2\/posts\/442830\/revisions"}],"wp:attachment":[{"href":"https:\/\/www.diarioimagen.net\/index.php?rest_route=%2Fwp%2Fv2%2Fmedia&parent=442830"}],"wp:term":[{"taxonomy":"category","embeddable":true,"href":"https:\/\/www.diarioimagen.net\/index.php?rest_route=%2Fwp%2Fv2%2Fcategories&post=442830"},{"taxonomy":"post_tag","embeddable":true,"href":"https:\/\/www.diarioimagen.net\/index.php?rest_route=%2Fwp%2Fv2%2Ftags&post=442830"}],"curies":[{"name":"wp","href":"https:\/\/api.w.org\/{rel}","templated":true}]}}