{"id":442964,"date":"2019-09-18T00:05:18","date_gmt":"2019-09-18T05:05:18","guid":{"rendered":"https:\/\/www.diarioimagen.net\/?p=442964"},"modified":"2019-09-18T06:22:43","modified_gmt":"2019-09-18T11:22:43","slug":"ninos-punto-de-partida-para-el-cambio-social-en-toluca-se-busca-erradicar-trabajo-infantil","status":"publish","type":"post","link":"https:\/\/www.diarioimagen.net\/?p=442964","title":{"rendered":"Ni\u00f1os, punto de partida para el cambio social en Toluca; se busca erradicar trabajo infantil"},"content":{"rendered":"<ul>\n<li><strong><em>Reiteran compromiso de brindarles un mejor escenario de vida<\/em><\/strong><\/li>\n<\/ul>\n<p>&nbsp;<\/p>\n<div id=\"attachment_443020\" style=\"width: 470px\" class=\"wp-caption aligncenter\"><a href=\"https:\/\/www.diarioimagen.net\/?attachment_id=443020\" rel=\"attachment wp-att-443020\"><img loading=\"lazy\" decoding=\"async\" aria-describedby=\"caption-attachment-443020\" class=\"size-large wp-image-443020\" src=\"https:\/\/www.diarioimagen.net\/wp-content\/uploads\/2019\/09\/toluca-1-460x259.jpg\" alt=\"\" width=\"460\" height=\"259\" srcset=\"https:\/\/www.diarioimagen.net\/wp-content\/uploads\/2019\/09\/toluca-1-460x259.jpg 460w, https:\/\/www.diarioimagen.net\/wp-content\/uploads\/2019\/09\/toluca-1-240x135.jpg 240w, https:\/\/www.diarioimagen.net\/wp-content\/uploads\/2019\/09\/toluca-1-235x132.jpg 235w, https:\/\/www.diarioimagen.net\/wp-content\/uploads\/2019\/09\/toluca-1-202x114.jpg 202w, https:\/\/www.diarioimagen.net\/wp-content\/uploads\/2019\/09\/toluca-1-350x196.jpg 350w, https:\/\/www.diarioimagen.net\/wp-content\/uploads\/2019\/09\/toluca-1-220x123.jpg 220w, https:\/\/www.diarioimagen.net\/wp-content\/uploads\/2019\/09\/toluca-1-237x132.jpg 237w, https:\/\/www.diarioimagen.net\/wp-content\/uploads\/2019\/09\/toluca-1.jpg 480w\" sizes=\"auto, (max-width: 460px) 100vw, 460px\" \/><\/a><p id=\"caption-attachment-443020\" class=\"wp-caption-text\">Realizan el Foro Municipal sobre Trabajo Infantil \u201cEstrategias para su prevenci\u00f3n y erradicaci\u00f3n\u201d.<\/p><\/div>\n<p>&nbsp;<\/p>\n<p><strong>Toluca, Estado de M\u00e9xico<\/strong>.- Garantizar vida digna de los habitantes de la capital, especialmente de los grupos en situaci\u00f3n de vulnerabilidad, como los ni\u00f1os, es prioridad del Ayuntamiento de Toluca y la Defensor\u00eda Municipal de Derechos Humanos, raz\u00f3n por la que se realiz\u00f3 el Foro Municipal sobre Trabajo Infantil \u201cEstrategias para su prevenci\u00f3n y erradicaci\u00f3n\u201d.<\/p>\n<p>Con esta actividad, se refrenda el compromiso del alcalde Juan Rodolfo S\u00e1nchez G\u00f3mez de seguir generando tanto acciones preventivas de justicia como pol\u00edticas p\u00fablicas, que en conjunto brinden un mejor escenario de vida para los peque\u00f1os.<\/p>\n<p>\u201cNuestras ni\u00f1as y ni\u00f1os deben ser el punto de partida para alcanzar el cambio social que deseamos; ellos son nuestro futuro y, por tanto, es en quienes debemos centrar nuestros esfuerzos\u201d expres\u00f3 la defensora municipal, Mar\u00eda Jos\u00e9 Bernal Ballesteros.<\/p>\n<p>Este evento, organizado en coordinaci\u00f3n con la Segunda Regidur\u00eda de Toluca, busca sensibilizar al p\u00fablico acerca de una problem\u00e1tica que, lamentablemente, forma parte de la realidad que viven los ni\u00f1os, ni\u00f1as y adolescentes en muchas partes del mundo, como en M\u00e9xico, donde 3.2 millones de menores de 5 a 17 a\u00f1os de edad trabajan en actividades econ\u00f3micas no permitidas o en quehaceres dom\u00e9sticos en condiciones no adecuadas. Ante esta situaci\u00f3n surge la necesidad de llevar a cabo este foro para que, de la mano de expertos ponentes, se brinde informaci\u00f3n y estrategias que conlleven una adecuada toma de decisiones en la agenda pol\u00edtica de los diferentes niveles de gobierno, as\u00ed como una colaboraci\u00f3n conjunta entre distintos actores de la sociedad.<\/p>\n<p>El acto inaugural estuvo a cargo del director general del Sistema Municipal DIF Toluca, Pedro Landeros Rodr\u00edguez, en tanto que los ponentes fueron: la secretaria ejecutiva del Sistema de Protecci\u00f3n Integral de Ni\u00f1as, Ni\u00f1os y Adolescentes, Olga Esquivel Hern\u00e1ndez, con el tema C\u00f3mo abordar la problem\u00e1tica de trabajo infantil desde una perspectiva integral; la titular de la Unidad de Grupos Vulnerables de la CODHEM, Juana In\u00e9s Jim\u00e9nez Perdomo, con La agenda 2030 y la erradicaci\u00f3n del trabajo infantil como vulneraci\u00f3n a los derechos del ni\u00f1o, y el investigador de la Universidad Iberoamericana, Mario Cruz Mart\u00ednez, con el tema El trabajo infantil en M\u00e9xico. De la discriminaci\u00f3n a la desigualdad.<\/p>\n","protected":false},"excerpt":{"rendered":"<p>Garantizar vida digna de los habitantes de la capital, especialmente de los grupos en situaci\u00f3n de vulnerabilidad, como los ni\u00f1os, es prioridad del Ayuntamiento de Toluca y la Defensor\u00eda Municipal de Derechos Humanos, raz\u00f3n por la que se realiz\u00f3 el Foro Municipal sobre Trabajo Infantil \u201cEstrategias para su prevenci\u00f3n y erradicaci\u00f3n\u201d.<\/p>\n","protected":false},"author":3,"featured_media":443020,"comment_status":"open","ping_status":"open","sticky":false,"template":"","format":"standard","meta":{"_monsterinsights_skip_tracking":false,"_monsterinsights_sitenote_active":false,"_monsterinsights_sitenote_note":"","_monsterinsights_sitenote_category":0,"footnotes":""},"categories":[5],"tags":[43675,452,23715],"class_list":["post-442964","post","type-post","status-publish","format-standard","has-post-thumbnail","hentry","category-estado-de-mexico","tag-estado-de-mexico","tag-toluca","tag-trabajo-infantil"],"_links":{"self":[{"href":"https:\/\/www.diarioimagen.net\/index.php?rest_route=\/wp\/v2\/posts\/442964","targetHints":{"allow":["GET"]}}],"collection":[{"href":"https:\/\/www.diarioimagen.net\/index.php?rest_route=\/wp\/v2\/posts"}],"about":[{"href":"https:\/\/www.diarioimagen.net\/index.php?rest_route=\/wp\/v2\/types\/post"}],"author":[{"embeddable":true,"href":"https:\/\/www.diarioimagen.net\/index.php?rest_route=\/wp\/v2\/users\/3"}],"replies":[{"embeddable":true,"href":"https:\/\/www.diarioimagen.net\/index.php?rest_route=%2Fwp%2Fv2%2Fcomments&post=442964"}],"version-history":[{"count":0,"href":"https:\/\/www.diarioimagen.net\/index.php?rest_route=\/wp\/v2\/posts\/442964\/revisions"}],"wp:featuredmedia":[{"embeddable":true,"href":"https:\/\/www.diarioimagen.net\/index.php?rest_route=\/wp\/v2\/media\/443020"}],"wp:attachment":[{"href":"https:\/\/www.diarioimagen.net\/index.php?rest_route=%2Fwp%2Fv2%2Fmedia&parent=442964"}],"wp:term":[{"taxonomy":"category","embeddable":true,"href":"https:\/\/www.diarioimagen.net\/index.php?rest_route=%2Fwp%2Fv2%2Fcategories&post=442964"},{"taxonomy":"post_tag","embeddable":true,"href":"https:\/\/www.diarioimagen.net\/index.php?rest_route=%2Fwp%2Fv2%2Ftags&post=442964"}],"curies":[{"name":"wp","href":"https:\/\/api.w.org\/{rel}","templated":true}]}}