{"id":443064,"date":"2019-09-19T00:01:25","date_gmt":"2019-09-19T05:01:25","guid":{"rendered":"https:\/\/www.diarioimagen.net\/?p=443064"},"modified":"2019-09-19T00:21:31","modified_gmt":"2019-09-19T05:21:31","slug":"balacera-en-vecindad-de-la-doctores-deja-6-muertos-y-2-lesionados","status":"publish","type":"post","link":"https:\/\/www.diarioimagen.net\/?p=443064","title":{"rendered":"Balacera en vecindad de la Doctores deja 6 muertos y 2 lesionados"},"content":{"rendered":"<ul>\n<li><em><strong>Investigan ajuste de cuentas por narcomenudeo<\/strong><\/em><\/li>\n<\/ul>\n<p><strong>\u00a0<\/strong><\/p>\n<div id=\"attachment_443065\" style=\"width: 490px\" class=\"wp-caption aligncenter\"><img loading=\"lazy\" decoding=\"async\" aria-describedby=\"caption-attachment-443065\" class=\"size-full wp-image-443065\" src=\"https:\/\/www.diarioimagen.net\/wp-content\/uploads\/2019\/09\/BALACERA19a-por.jpg\" alt=\"\" width=\"480\" height=\"280\" srcset=\"https:\/\/www.diarioimagen.net\/wp-content\/uploads\/2019\/09\/BALACERA19a-por.jpg 480w, https:\/\/www.diarioimagen.net\/wp-content\/uploads\/2019\/09\/BALACERA19a-por-240x140.jpg 240w, https:\/\/www.diarioimagen.net\/wp-content\/uploads\/2019\/09\/BALACERA19a-por-460x268.jpg 460w\" sizes=\"auto, (max-width: 480px) 100vw, 480px\" \/><p id=\"caption-attachment-443065\" class=\"wp-caption-text\">Una balacera en la colonia Doctores, alcald\u00eda Cuauht\u00e9moc, dej\u00f3 como saldo al menos seis personas muertas y otras dos lesionadas.<\/p><\/div>\n<p>&nbsp;<\/p>\n<p>Como resultado de la balacera, ocurrida la madrugada de este mi\u00e9rcoles en la colonia Doctores, alcald\u00eda Cuauht\u00e9moc, al menos seis personas fallecieron y otras dos resultaron lesionadas, entre las que se encuentra una menor de edad de siete a\u00f1os, inform\u00f3 el titular de la Secretar\u00eda de Seguridad Ciudadana de la capital, Jes\u00fas Orta Mart\u00ednez.<\/p>\n<p>Adem\u00e1s, detall\u00f3, fueron detenidos tres implicados, entre ellos dos personas quienes supuestamente a bordo de motocicletas llegaron a la vecindad, ubicada en la calle Doctor Norma 91, donde dispararon a ocho personas.<\/p>\n<p>En declaraciones a la prensa, el funcionario mencion\u00f3 que, de acuerdo con los sobrevivientes, los atacantes pertenecen a la asociaci\u00f3n delictiva Uni\u00f3n Tepito, informaci\u00f3n que \u201chabr\u00e1 que corroborar\u201d.<\/p>\n<p>Agreg\u00f3 que se analiza la l\u00ednea de investigaci\u00f3n de que el ataque fue provocado por viejas rencillas.<\/p>\n<p>El jefe de la polic\u00eda capitalina dijo que los agresores arribaron en una motocicleta a la entrada de una vecindad sobre la calle Dr. Norma 109, entre Vertiz y Barrag\u00e1n, en donde dispararon en reiteradas ocasiones en contra de ocho personas.<\/p>\n<p>\u201cHay una menor lesionada, todos son familiares, son las dos personas que tenemos sobrevivientes. (ellos) dicen que son de La Uni\u00f3n, habr\u00e1 que corroborar. Fue agresi\u00f3n directa justamente a la entrada de la vecindad\u201d, dijo el funcionario.<\/p>\n<p>Primeras versiones se\u00f1alaron que la menor hab\u00eda fallecido a causa de los impactos, sin embargo, esto se descart\u00f3, pues la menor de siete a\u00f1os a\u00fan se encuentra con vida, aunque se desconoce su estado.<\/p>\n<p>Elementos de la SSC detuvieron a los dos imputados, un menor de 14 a\u00f1os y una mujer, esta \u00faltima por resistencia particulares, quien intent\u00f3 evitar la captura.<\/p>\n","protected":false},"excerpt":{"rendered":"<p>Como resultado de la balacera, ocurrida la madrugada de este mi\u00e9rcoles en la colonia Doctores, alcald\u00eda Cuauht\u00e9moc, seis personas fallecieron y otras dos fueron lesionadas, entre las que se encuentra una menor de edad de siete a\u00f1os, inform\u00f3 el titular de la Secretar\u00eda de Seguridad Ciudadana de la capital, Jes\u00fas Orta Mart\u00ednez.<\/p>\n","protected":false},"author":1,"featured_media":443065,"comment_status":"open","ping_status":"open","sticky":false,"template":"","format":"standard","meta":{"_monsterinsights_skip_tracking":false,"_monsterinsights_sitenote_active":false,"_monsterinsights_sitenote_note":"","_monsterinsights_sitenote_category":0,"footnotes":""},"categories":[6],"tags":[87806,3068,204,23847],"class_list":["post-443064","post","type-post","status-publish","format-standard","has-post-thumbnail","hentry","category-cd-de-mexico","tag-alcaldia-cuauhtemoc","tag-balacera","tag-ciudad-de-mexico","tag-colonia-doctores"],"_links":{"self":[{"href":"https:\/\/www.diarioimagen.net\/index.php?rest_route=\/wp\/v2\/posts\/443064","targetHints":{"allow":["GET"]}}],"collection":[{"href":"https:\/\/www.diarioimagen.net\/index.php?rest_route=\/wp\/v2\/posts"}],"about":[{"href":"https:\/\/www.diarioimagen.net\/index.php?rest_route=\/wp\/v2\/types\/post"}],"author":[{"embeddable":true,"href":"https:\/\/www.diarioimagen.net\/index.php?rest_route=\/wp\/v2\/users\/1"}],"replies":[{"embeddable":true,"href":"https:\/\/www.diarioimagen.net\/index.php?rest_route=%2Fwp%2Fv2%2Fcomments&post=443064"}],"version-history":[{"count":0,"href":"https:\/\/www.diarioimagen.net\/index.php?rest_route=\/wp\/v2\/posts\/443064\/revisions"}],"wp:featuredmedia":[{"embeddable":true,"href":"https:\/\/www.diarioimagen.net\/index.php?rest_route=\/wp\/v2\/media\/443065"}],"wp:attachment":[{"href":"https:\/\/www.diarioimagen.net\/index.php?rest_route=%2Fwp%2Fv2%2Fmedia&parent=443064"}],"wp:term":[{"taxonomy":"category","embeddable":true,"href":"https:\/\/www.diarioimagen.net\/index.php?rest_route=%2Fwp%2Fv2%2Fcategories&post=443064"},{"taxonomy":"post_tag","embeddable":true,"href":"https:\/\/www.diarioimagen.net\/index.php?rest_route=%2Fwp%2Fv2%2Ftags&post=443064"}],"curies":[{"name":"wp","href":"https:\/\/api.w.org\/{rel}","templated":true}]}}