{"id":443145,"date":"2019-09-19T00:01:03","date_gmt":"2019-09-19T05:01:03","guid":{"rendered":"https:\/\/www.diarioimagen.net\/?p=443145"},"modified":"2019-09-19T00:41:56","modified_gmt":"2019-09-19T05:41:56","slug":"terrorismo-juvenil","status":"publish","type":"post","link":"https:\/\/www.diarioimagen.net\/?p=443145","title":{"rendered":"Terrorismo juvenil"},"content":{"rendered":"<h2>Municiones<\/h2>\n<h5>Mauro Benites G.<\/h5>\n<p>&nbsp;<\/p>\n<p>La noticia no trascendi\u00f3, pero es delicada y muy peligrosa, un diario de circulaci\u00f3n nacional detecto la planeaci\u00f3n de un atentado en contra de la poblaci\u00f3n de Ciudad Universitaria, que se llevar\u00eda a cabo el 20 de noviembre de este a\u00f1o. Es lamentable y triste que nuestros j\u00f3venes quieran imitar la violencia de terror de la juventud de Estados Unidos. El terrorismo individual, destinado a la aniquilaci\u00f3n de una determinada persona \u2014rey, ministro, funcionario, representante de cierto grupo o determinada tendencia es violenta, in\u00fatil e injusta, porque nunca es un individuo la clave de una situaci\u00f3n y muerto fulano, mengano ocupa su lugar para representar, imponer y sostener los intereses al que el eliminado serv\u00eda. Pero en medio de su crueldad, el terrorismo contra determinado individuo, casi siempre magnicidio, tiene al menos el relativo prestigio rom\u00e1ntico del autosacrificio: el asesino muere con su v\u00edctima, invariablemente, al menos el asesino directo, material. Por supuesto, no se consigue nada con derramar sangre\u2014excepto liberar ciertos instintos primitivos o drenar algunos problemas mentales\u2014 porque el sistema, el grupo, persisten, con la aureola del martirio, y porque ese sistema, avisado, aprieta las fuerzas de represi\u00f3n, de lo que resulta que todo el pueblo pierde libertad porque un fan\u00e1tico o un loco crey\u00f3 d\u00e1rsela mediante el asesinato.\u00a0 El \u201cterrorismo social\u201d \u2014\u00bfse puede decir esto? \u2014 tiene la misma violencia y crueldad que el personal, con dos agravantes; que suele cobrar v\u00edctimas inocentes y que representa la forma m\u00e1s vil del delito pol\u00edtico, que pierde su significaci\u00f3n de tal para convertirse, sencillamente, en crimen, el m\u00e1s sucio, ruin y cruel de los cr\u00edmenes. Si, como sospecho, los directores intelectuales \u00bfdije intelectuales? de esta acci\u00f3n criminal enga\u00f1aron y fanatizaron j\u00f3venes no digo estudiantes porque estudiante es el que estudia, no el delincuente que se inscribe en una escuela buscando impunidad\u2014 entonces hay que agregar al crimen material el asesinato moral. Porque el que ense\u00f1a a un joven a matar, le mata el alma, asesinato peor que cualquiera otro.<\/p>\n<p>El tipo de terrorismo indiscriminado, general, nace solamente de dos condiciones, nada m\u00e1s que de dos: o de la desesperaci\u00f3n impotente que provoca una tiran\u00eda o de la impotente desesperaci\u00f3n nacida de un fracaso humillante, de una equivocaci\u00f3n absoluta, de una total frustraci\u00f3n, de un sentimiento hecho de rid\u00edculo y torpeza, y no digo de mala conciencia porque quien coloca bombas o realiza atentados est\u00e1 claro que no la tiene, ni siquiera mala.<\/p>\n<p>Y ahora, para cerrar estas reflexiones elementales \u00bfcu\u00e1ntos otros ej\u00e9rcitos de Latinoam\u00e9rica est\u00e1n dispuestos a no combatir, a no defenderse? Es cosa de pensar siquiera una vez, siquiera un minuto.<\/p>\n<p><a href=\"mailto:%20%20mauben625@yahoo.com.mx\" target=\"_blank\" rel=\"noopener noreferrer\"><em>mauben625@yahoo.com.mx<\/em><\/a><\/p>\n","protected":false},"excerpt":{"rendered":"<p><span><span style=\"color: #005497;\"><strong>Mauro Benites G.<\/strong><\/span><\/span><\/p>\n","protected":false},"author":3,"featured_media":0,"comment_status":"open","ping_status":"open","sticky":false,"template":"","format":"standard","meta":{"_monsterinsights_skip_tracking":false,"_monsterinsights_sitenote_active":false,"_monsterinsights_sitenote_note":"","_monsterinsights_sitenote_category":0,"footnotes":""},"categories":[8466],"tags":[43702,27246,43674],"class_list":["post-443145","post","type-post","status-publish","format-standard","hentry","category-mauro-benites-g","tag-mauro-benites-g","tag-municiones","tag-opinion"],"_links":{"self":[{"href":"https:\/\/www.diarioimagen.net\/index.php?rest_route=\/wp\/v2\/posts\/443145","targetHints":{"allow":["GET"]}}],"collection":[{"href":"https:\/\/www.diarioimagen.net\/index.php?rest_route=\/wp\/v2\/posts"}],"about":[{"href":"https:\/\/www.diarioimagen.net\/index.php?rest_route=\/wp\/v2\/types\/post"}],"author":[{"embeddable":true,"href":"https:\/\/www.diarioimagen.net\/index.php?rest_route=\/wp\/v2\/users\/3"}],"replies":[{"embeddable":true,"href":"https:\/\/www.diarioimagen.net\/index.php?rest_route=%2Fwp%2Fv2%2Fcomments&post=443145"}],"version-history":[{"count":0,"href":"https:\/\/www.diarioimagen.net\/index.php?rest_route=\/wp\/v2\/posts\/443145\/revisions"}],"wp:attachment":[{"href":"https:\/\/www.diarioimagen.net\/index.php?rest_route=%2Fwp%2Fv2%2Fmedia&parent=443145"}],"wp:term":[{"taxonomy":"category","embeddable":true,"href":"https:\/\/www.diarioimagen.net\/index.php?rest_route=%2Fwp%2Fv2%2Fcategories&post=443145"},{"taxonomy":"post_tag","embeddable":true,"href":"https:\/\/www.diarioimagen.net\/index.php?rest_route=%2Fwp%2Fv2%2Ftags&post=443145"}],"curies":[{"name":"wp","href":"https:\/\/api.w.org\/{rel}","templated":true}]}}