{"id":443149,"date":"2019-09-19T00:01:24","date_gmt":"2019-09-19T05:01:24","guid":{"rendered":"https:\/\/www.diarioimagen.net\/?p=443149"},"modified":"2019-09-19T00:46:17","modified_gmt":"2019-09-19T05:46:17","slug":"reeleccion-legislativa","status":"publish","type":"post","link":"https:\/\/www.diarioimagen.net\/?p=443149","title":{"rendered":"Reelecci\u00f3n legislativa"},"content":{"rendered":"<h2>De pe a pa<\/h2>\n<h5>Alberto Vieyra G.<\/h5>\n<p>&nbsp;<\/p>\n<p>En las \u00faltimas 2 semanas ocurrieron dos acontecimientos pol\u00edticos dignos de an\u00e1lisis.<\/p>\n<p>Primero, cuando Porfirio Mu\u00f1oz Ledo pretend\u00eda convertirse en el don Porfirio dictador, como presidente de la C\u00e1mara de Diputados y pronunciar\u00eda una frase muy vergonzosa con eso de que <strong>\u201cSufragio efectivo, s\u00ed reelecci\u00f3n\u201d<\/strong> Con esa frase, don Porfirio dio al traste con una carrera pol\u00edtica digna, caracterizada por ser un pol\u00edtico congruente con lo que dec\u00eda y hac\u00eda.<\/p>\n<p>En segundo lugar, un Lorenzo diputado sin quehacer en el Estado de Tabasco de nombre Charly Valentino c\u00ednicamente dejo perplejos a propios y extra\u00f1os al exigir desde la tribuna que L\u00f3pez Obrador debe reelegirse en la presidencia de la rep\u00fablica en el 2024.<\/p>\n<p>Usted y yo nos preguntamos: \u00bfEstamos ante un par de lambiscones? \u00bfAmbos acontecimientos fueron fortuitos o \u201cespont\u00e1neos\u201d como declaro el legislador, coterr\u00e1neo de AMLO? \u00bfQui\u00e9n les ordeno a ambos personajes <em>medirle el agua a los camotes<\/em> para ver la reacci\u00f3n de los opositores del presidente? Mire usted; En pol\u00edtica nada es casual, todo se hace fr\u00edamente calculado. \u00bfPero por qu\u00e9 presionar a L\u00f3pez Obrador para que se reelija en las elecciones presidenciales del 2024, cuando \u00e9ste ya hasta lo firm\u00f3 ante notario p\u00fablico, de que no va por la reelecci\u00f3n porque es partidario del principio maderista de \u201csufragio efectivo, no reelecci\u00f3n\u201d? \u00bfPor qu\u00e9 AMLO celebr\u00f3 tal intenci\u00f3n de no reelecci\u00f3n ante notario, ser\u00e1 porque su palabra, no vale o porque solo vale si es ante notario p\u00fablico? \u00bfEstamos ante un no, pero s\u00ed?<\/p>\n<p>Tampoco AMLO <em>quita el dedo del rengl\u00f3n<\/em> de su ya famoso capricho de la revocaci\u00f3n de mandato a mitad del sexenio, \u00bfpara qu\u00e9 la revocaci\u00f3n? \u00bfestamos ante otro hecho populista y de simulaci\u00f3n pol\u00edtica por parte de AMLO? \u00bfy qu\u00e9 ocurrir\u00eda si en la revocaci\u00f3n de mandato, L\u00f3pez Obrador no logra mas del 50% de los votos del electorado nacional? \u00bfaceptar\u00eda dejar el cargo, cuando todo M\u00e9xico sabe que fue electo por 6 a\u00f1os y adem\u00e1s juro cumplir y hacer cumplir la Constituci\u00f3n y las leyes que de ella emanen? \u00bfy qu\u00e9 pasar\u00eda si antes y despu\u00e9s de la revocaci\u00f3n de mandato se dedica a mano armada, perd\u00f3n quiero decir a mano alzada en sus m\u00edtines de campa\u00f1a electoral sobre si se va o se queda? \u00bfqu\u00e9 pasar\u00eda si le piden que se reelija otro sexenio, le dir\u00eda que no a ese \u201cpueblo bueno y sabio\u201d?<\/p>\n<p>Recordare, que, en 1928, la reelecci\u00f3n presidencial le cost\u00f3 la vida al sonorense \u00c1lvaro Obreg\u00f3n Salido, quien, junto con Plutarco El\u00edas Calles, Benjam\u00edn Gil, Adolfo de la Huerta y otros que conformaron el grupo Sonora se convertir\u00edan en la oligarqu\u00eda gobernante mas sanguinaria del siglo pasado con mas de 800 cr\u00edmenes, entre ellos el de Venustiano Carranza, Francisco Villa y Francisco Serrano, el mism\u00edsimo compadre del propio \u00c1lvaro Obreg\u00f3n.<\/p>\n<p>Desde entonces casi todos los presidentes de la rep\u00fablica le han movido <em>el agua a los camotes<\/em> para la reelecci\u00f3n presidencial pero de ah\u00ed no han pasado. \u00bfLas poderosas oligarqu\u00edas pol\u00edticas y del dinero en M\u00e9xico permitir\u00edan la reelecci\u00f3n de L\u00f3pez Obrador? \u00bfNo le parece a usted que estamos ante algo muy temerario?<\/p>\n<p>La reelecci\u00f3n de senadores, diputados y alcaldes ya existe en M\u00e9xico, pero los ambiciosos del poder, buscan no s\u00f3lo una reelecci\u00f3n presidencial, sino hasta una dictadura, al mas puro estilo de Venezuela o Rusia.<\/p>\n<p><em><a href=\"mailto:info@agenciamn.com\" target=\"_blank\" rel=\"noopener noreferrer\">info@agenciamn.com<\/a><\/em><\/p>\n","protected":false},"excerpt":{"rendered":"<p><span style=\"color: #005497;\"><strong>Alberto Vieyra G.<\/strong><\/span><\/p>\n","protected":false},"author":3,"featured_media":0,"comment_status":"open","ping_status":"open","sticky":false,"template":"","format":"standard","meta":{"_monsterinsights_skip_tracking":false,"_monsterinsights_sitenote_active":false,"_monsterinsights_sitenote_note":"","_monsterinsights_sitenote_category":0,"footnotes":""},"categories":[4596],"tags":[43697,4597,43674],"class_list":["post-443149","post","type-post","status-publish","format-standard","hentry","category-alberto-vieyra-g","tag-alberto-vieyra-g","tag-de-pe-a-pa","tag-opinion"],"_links":{"self":[{"href":"https:\/\/www.diarioimagen.net\/index.php?rest_route=\/wp\/v2\/posts\/443149","targetHints":{"allow":["GET"]}}],"collection":[{"href":"https:\/\/www.diarioimagen.net\/index.php?rest_route=\/wp\/v2\/posts"}],"about":[{"href":"https:\/\/www.diarioimagen.net\/index.php?rest_route=\/wp\/v2\/types\/post"}],"author":[{"embeddable":true,"href":"https:\/\/www.diarioimagen.net\/index.php?rest_route=\/wp\/v2\/users\/3"}],"replies":[{"embeddable":true,"href":"https:\/\/www.diarioimagen.net\/index.php?rest_route=%2Fwp%2Fv2%2Fcomments&post=443149"}],"version-history":[{"count":0,"href":"https:\/\/www.diarioimagen.net\/index.php?rest_route=\/wp\/v2\/posts\/443149\/revisions"}],"wp:attachment":[{"href":"https:\/\/www.diarioimagen.net\/index.php?rest_route=%2Fwp%2Fv2%2Fmedia&parent=443149"}],"wp:term":[{"taxonomy":"category","embeddable":true,"href":"https:\/\/www.diarioimagen.net\/index.php?rest_route=%2Fwp%2Fv2%2Fcategories&post=443149"},{"taxonomy":"post_tag","embeddable":true,"href":"https:\/\/www.diarioimagen.net\/index.php?rest_route=%2Fwp%2Fv2%2Ftags&post=443149"}],"curies":[{"name":"wp","href":"https:\/\/api.w.org\/{rel}","templated":true}]}}