{"id":443153,"date":"2019-09-19T00:05:55","date_gmt":"2019-09-19T05:05:55","guid":{"rendered":"https:\/\/www.diarioimagen.net\/?p=443153"},"modified":"2019-09-19T00:49:48","modified_gmt":"2019-09-19T05:49:48","slug":"doble-recuerdo-de-temblores","status":"publish","type":"post","link":"https:\/\/www.diarioimagen.net\/?p=443153","title":{"rendered":"Doble recuerdo de temblores"},"content":{"rendered":"<h2>Centro..!<\/h2>\n<h5>Arturo R\u00edos Ruiz<\/h5>\n<p><em>\u00a0<\/em><\/p>\n<ul>\n<li><strong><em>Hoy hace 34 a\u00f1os, de uno, y dos de otro<\/em><\/strong><\/li>\n<\/ul>\n<p>&nbsp;<\/p>\n<p>1985.- 7:19 am, en la redacci\u00f3n del Sol del Mediod\u00eda de la cadena OEM, sentimos el vaiv\u00e9n de la etapa oscilatoria del temblor, carreras por todos lados; yo busqu\u00e9 un pilar con alma de varilla y me aferr\u00e9, una chica llorando me tom\u00f3 del brazo, al llegar el movimiento a trepidatorio, el sacud\u00f3n fue fenomenal\u2026<\/p>\n<p>En la calle, flotaba el polvo, gritos, carreras y miedo, hasta damas desmayadas en las aceras; lleg\u00f3 Arnulfo Maga\u00f1a, motociclista de la Polic\u00eda Preventiva y le dije: \u201cll\u00e9vame\u201d a recorrer la ciudad, me sub\u00ed en la parrilla. Era el primer reportero de medio escrito en esa batalla de la noticia, en la radio, estaba Jacobo Zabludovsky.<\/p>\n<p>Edificios derretidos como pasteles, explosiones por el gas que se escapaba y se encontr\u00f3 con cortos circuitos; Arnulfo tom\u00f3 la calle Guillermo Prieto y vimos el Hotel Principado y edificios en ese entorno, todos desparramados. Tron\u00f3 lo que era el Hotel Regis y nos desvi\u00f3, fue una experiencia que nos despoj\u00f3 de la adrenalina.<\/p>\n<p>El campo de futbol de la delegaci\u00f3n Cuauht\u00e9moc, tapizado de cad\u00e1veres que no cab\u00edan; igual el campo de beisbol del Parque Delta, hoy una plaza comercial.<\/p>\n<p>Miles de casos en el ambiente inolvidable de horror, temor y desgracia. Oficial, 5 mil muertos, Cruz Roja report\u00f3 10 mil, 8.1 la magnitud, escala Richter.<\/p>\n<p>2017.- Estaba con el entonces senador y sobrino Armando R\u00edos Piter en su oficina, eran las 13:14, cuando comenz\u00f3 el movimiento brusco y buscamos la ruta de Protecci\u00f3n Civil, el piso parec\u00eda de hule y que se desplomar\u00eda, el legislador alcanz\u00f3 a una anciana y se detuvo a auxiliarla; nos reunimos en el \u00e1rea despejada frente a Paseo de la Reforma.<\/p>\n<p>Todo era confusi\u00f3n, los celulares suspendidos y sin saber de nuestras familias; la multitud en las calles y poco a poco llegaban las noticias del desastre.Me pregunt\u00f3 el sobrino que c\u00f3mo vi el terremoto, y sin vacilar le contest\u00e9 que fue peor el de 1985; yo sent\u00ed los dos y el sacud\u00f3n fue diferente.<\/p>\n<p>El total de fallecidos: 228 personas en la Ciudad de M\u00e9xico; 74 en Morelos; 45 en Puebla; 15 en el Estado de M\u00e9xico, 6 en Guerrero y uno en Oaxaca.<\/p>\n<p>1985.- \u201cCayeron casi 500 edificios, la mayor\u00eda entre 7 y 12 pisos de altura y en 2017, 5,765 viviendas resultaron con alg\u00fan tipo de afectaci\u00f3n, casi 40 % tuvieron da\u00f1o total. Murieron 331, personas.<\/p>\n<p>\u00bfPor qu\u00e9 la diferencia? Murieron m\u00e1s en 1985 y menos construcciones se cayeron. Es claro, en las \u00faltimas d\u00e9cadas ha habido m\u00e1s corrupci\u00f3n en materia de construcci\u00f3n.<\/p>\n<p><em><a href=\"mailto:rrrart2000@hotmail.com\" target=\"_blank\" rel=\"noopener noreferrer\">rrrart2000@hotmail.com<\/a><\/em><\/p>\n","protected":false},"excerpt":{"rendered":"<p><span style=\"color: #005497;\"><strong>Arturo R\u00edos Ruiz<\/strong><\/span><\/p>\n","protected":false},"author":3,"featured_media":0,"comment_status":"open","ping_status":"open","sticky":false,"template":"","format":"standard","meta":{"_monsterinsights_skip_tracking":false,"_monsterinsights_sitenote_active":false,"_monsterinsights_sitenote_note":"","_monsterinsights_sitenote_category":0,"footnotes":""},"categories":[82265],"tags":[82266,10806,43674],"class_list":["post-443153","post","type-post","status-publish","format-standard","hentry","category-arturo-rios-ruiz","tag-arturo-rios-ruiz","tag-centro","tag-opinion"],"_links":{"self":[{"href":"https:\/\/www.diarioimagen.net\/index.php?rest_route=\/wp\/v2\/posts\/443153","targetHints":{"allow":["GET"]}}],"collection":[{"href":"https:\/\/www.diarioimagen.net\/index.php?rest_route=\/wp\/v2\/posts"}],"about":[{"href":"https:\/\/www.diarioimagen.net\/index.php?rest_route=\/wp\/v2\/types\/post"}],"author":[{"embeddable":true,"href":"https:\/\/www.diarioimagen.net\/index.php?rest_route=\/wp\/v2\/users\/3"}],"replies":[{"embeddable":true,"href":"https:\/\/www.diarioimagen.net\/index.php?rest_route=%2Fwp%2Fv2%2Fcomments&post=443153"}],"version-history":[{"count":0,"href":"https:\/\/www.diarioimagen.net\/index.php?rest_route=\/wp\/v2\/posts\/443153\/revisions"}],"wp:attachment":[{"href":"https:\/\/www.diarioimagen.net\/index.php?rest_route=%2Fwp%2Fv2%2Fmedia&parent=443153"}],"wp:term":[{"taxonomy":"category","embeddable":true,"href":"https:\/\/www.diarioimagen.net\/index.php?rest_route=%2Fwp%2Fv2%2Fcategories&post=443153"},{"taxonomy":"post_tag","embeddable":true,"href":"https:\/\/www.diarioimagen.net\/index.php?rest_route=%2Fwp%2Fv2%2Ftags&post=443153"}],"curies":[{"name":"wp","href":"https:\/\/api.w.org\/{rel}","templated":true}]}}