{"id":443229,"date":"2019-09-20T00:04:53","date_gmt":"2019-09-20T05:04:53","guid":{"rendered":"https:\/\/www.diarioimagen.net\/?p=443229"},"modified":"2019-09-20T09:05:29","modified_gmt":"2019-09-20T14:05:29","slug":"entrega-alcalde-uniformes-y-equipo-a-policias-de-cuautitlan","status":"publish","type":"post","link":"https:\/\/www.diarioimagen.net\/?p=443229","title":{"rendered":"Entrega alcalde uniformes y equipo a polic\u00edas de Cuautitl\u00e1n"},"content":{"rendered":"<ul>\n<li><strong><em>Elementos contar\u00e1n con seguro de vida<\/em><\/strong><\/li>\n<\/ul>\n<p>&nbsp;<\/p>\n<div id=\"attachment_443303\" style=\"width: 470px\" class=\"wp-caption aligncenter\"><a href=\"https:\/\/www.diarioimagen.net\/?attachment_id=443303\" rel=\"attachment wp-att-443303\"><img loading=\"lazy\" decoding=\"async\" aria-describedby=\"caption-attachment-443303\" class=\"size-large wp-image-443303\" src=\"https:\/\/www.diarioimagen.net\/wp-content\/uploads\/2019\/09\/Cuautitlan-20-460x259.jpg\" alt=\"\" width=\"460\" height=\"259\" srcset=\"https:\/\/www.diarioimagen.net\/wp-content\/uploads\/2019\/09\/Cuautitlan-20-460x259.jpg 460w, https:\/\/www.diarioimagen.net\/wp-content\/uploads\/2019\/09\/Cuautitlan-20-240x135.jpg 240w, https:\/\/www.diarioimagen.net\/wp-content\/uploads\/2019\/09\/Cuautitlan-20-235x132.jpg 235w, https:\/\/www.diarioimagen.net\/wp-content\/uploads\/2019\/09\/Cuautitlan-20-202x114.jpg 202w, https:\/\/www.diarioimagen.net\/wp-content\/uploads\/2019\/09\/Cuautitlan-20-350x196.jpg 350w, https:\/\/www.diarioimagen.net\/wp-content\/uploads\/2019\/09\/Cuautitlan-20-220x123.jpg 220w, https:\/\/www.diarioimagen.net\/wp-content\/uploads\/2019\/09\/Cuautitlan-20-237x132.jpg 237w, https:\/\/www.diarioimagen.net\/wp-content\/uploads\/2019\/09\/Cuautitlan-20.jpg 480w\" sizes=\"auto, (max-width: 460px) 100vw, 460px\" \/><\/a><p id=\"caption-attachment-443303\" class=\"wp-caption-text\">El presidente municipal Ariel Ju\u00e1rez Rodr\u00edguez recalc\u00f3 que se otorg\u00f3 un incremento salarial del\u00a0 5 por ciento directo a polic\u00edas.<\/p><\/div>\n<p>&nbsp;<\/p>\n<p><strong>Cuautitl\u00e1n, Estado de M\u00e9xico<\/strong>.- El presidente municipal Ariel Ju\u00e1rez Rodr\u00edguez hizo entrega de uniformes, equipo bal\u00edstico y seguros de vida a los elementos de la Direcci\u00f3n de Seguridad P\u00fablica municipal, con el objetivo de mejorar las condiciones laborales y beneficios para sus familias como parte del programa de beneficios a los servidores p\u00fablicos.<\/p>\n<p>Con esta entrega 334 polic\u00edas recibir\u00e1n por primera vez el seguro de vida, el cual no hab\u00eda sido otorgado por las anteriores administraciones municipales y que hoy en casos de alg\u00fan incidente puedan ser un apoyo para las familias, reconoci\u00f3 el alcalde.<\/p>\n<p>Se han cubierto a cabalidad con el pago a las pensiones para los deudos que han dejado a los familiares de los polic\u00edas y hoy le estamos invirtiendo en la capacitaci\u00f3n, atendiendo los problemas de salud de todos los elementos con esquemas integrales de prevenci\u00f3n de enfermedades, asever\u00f3 el presidente municipal.<\/p>\n<p>Entregaron 70 chalecos bal\u00edsticos de \u201cKevllar\u201d y 700 uniformes, que son parte de los recursos del programa de Fortalecimiento a la Seguridad Fortaseg, que se destinar\u00e1 para la compra de veh\u00edculos para la corporaci\u00f3n, por lo que detall\u00f3 que la aplicaci\u00f3n de recursos se har\u00e1 con transparencia<\/p>\n<p>Recalc\u00f3 que al realizar un esfuerzo financiero se otorg\u00f3 un incremento salarial del\u00a0 5 por ciento directo, el cual ser\u00e1 retroactivo a enero, en este sentido enfatiz\u00f3 que gracias al compromiso de los polic\u00edas, ha sido posible disminuir el \u00edndice delictivo sac\u00e1ndolo del octavo lugar a nivel estatal.<\/p>\n<p>Hace unos d\u00edas se hizo entrega de una patrulla Ford Lobo F150 equipada, misma que tambi\u00e9n fue adquirida con recursos de Fortaseg.<\/p>\n","protected":false},"excerpt":{"rendered":"<p>El presidente municipal Ariel Ju\u00e1rez Rodr\u00edguez hizo entrega de uniformes, equipo bal\u00edstico y seguros de vida a los elementos de la Direcci\u00f3n de Seguridad P\u00fablica municipal, con el objetivo de mejorar las condiciones laborales y beneficios para sus familias como parte del programa de beneficios a los servidores p\u00fablicos.<\/p>\n","protected":false},"author":3,"featured_media":443303,"comment_status":"open","ping_status":"open","sticky":false,"template":"","format":"standard","meta":{"_monsterinsights_skip_tracking":false,"_monsterinsights_sitenote_active":false,"_monsterinsights_sitenote_note":"","_monsterinsights_sitenote_category":0,"footnotes":""},"categories":[5],"tags":[681,87833,43675,87832],"class_list":["post-443229","post","type-post","status-publish","format-standard","has-post-thumbnail","hentry","category-estado-de-mexico","tag-cuautitlan","tag-direccion-de-seguridad-publica","tag-estado-de-mexico","tag-uniforme"],"_links":{"self":[{"href":"https:\/\/www.diarioimagen.net\/index.php?rest_route=\/wp\/v2\/posts\/443229","targetHints":{"allow":["GET"]}}],"collection":[{"href":"https:\/\/www.diarioimagen.net\/index.php?rest_route=\/wp\/v2\/posts"}],"about":[{"href":"https:\/\/www.diarioimagen.net\/index.php?rest_route=\/wp\/v2\/types\/post"}],"author":[{"embeddable":true,"href":"https:\/\/www.diarioimagen.net\/index.php?rest_route=\/wp\/v2\/users\/3"}],"replies":[{"embeddable":true,"href":"https:\/\/www.diarioimagen.net\/index.php?rest_route=%2Fwp%2Fv2%2Fcomments&post=443229"}],"version-history":[{"count":0,"href":"https:\/\/www.diarioimagen.net\/index.php?rest_route=\/wp\/v2\/posts\/443229\/revisions"}],"wp:featuredmedia":[{"embeddable":true,"href":"https:\/\/www.diarioimagen.net\/index.php?rest_route=\/wp\/v2\/media\/443303"}],"wp:attachment":[{"href":"https:\/\/www.diarioimagen.net\/index.php?rest_route=%2Fwp%2Fv2%2Fmedia&parent=443229"}],"wp:term":[{"taxonomy":"category","embeddable":true,"href":"https:\/\/www.diarioimagen.net\/index.php?rest_route=%2Fwp%2Fv2%2Fcategories&post=443229"},{"taxonomy":"post_tag","embeddable":true,"href":"https:\/\/www.diarioimagen.net\/index.php?rest_route=%2Fwp%2Fv2%2Ftags&post=443229"}],"curies":[{"name":"wp","href":"https:\/\/api.w.org\/{rel}","templated":true}]}}