{"id":443233,"date":"2019-09-20T00:02:33","date_gmt":"2019-09-20T05:02:33","guid":{"rendered":"https:\/\/www.diarioimagen.net\/?p=443233"},"modified":"2019-09-20T09:51:44","modified_gmt":"2019-09-20T14:51:44","slug":"atizapan-entregan-administracion-del-parque-de-los-ciervos-a-comunidad-agraria","status":"publish","type":"post","link":"https:\/\/www.diarioimagen.net\/?p=443233","title":{"rendered":"Atizap\u00e1n: entregan administraci\u00f3n del Parque de los Ciervos a comunidad agraria"},"content":{"rendered":"<p><a href=\"https:\/\/www.diarioimagen.net\/?attachment_id=443309\" rel=\"attachment wp-att-443309\"><img loading=\"lazy\" decoding=\"async\" class=\"aligncenter size-large wp-image-443309\" src=\"https:\/\/www.diarioimagen.net\/wp-content\/uploads\/2019\/09\/Atizapan-20-460x259.jpg\" alt=\"\" width=\"460\" height=\"259\" srcset=\"https:\/\/www.diarioimagen.net\/wp-content\/uploads\/2019\/09\/Atizapan-20-460x259.jpg 460w, https:\/\/www.diarioimagen.net\/wp-content\/uploads\/2019\/09\/Atizapan-20-240x135.jpg 240w, https:\/\/www.diarioimagen.net\/wp-content\/uploads\/2019\/09\/Atizapan-20-235x132.jpg 235w, https:\/\/www.diarioimagen.net\/wp-content\/uploads\/2019\/09\/Atizapan-20-202x114.jpg 202w, https:\/\/www.diarioimagen.net\/wp-content\/uploads\/2019\/09\/Atizapan-20-350x196.jpg 350w, https:\/\/www.diarioimagen.net\/wp-content\/uploads\/2019\/09\/Atizapan-20-220x123.jpg 220w, https:\/\/www.diarioimagen.net\/wp-content\/uploads\/2019\/09\/Atizapan-20-237x132.jpg 237w, https:\/\/www.diarioimagen.net\/wp-content\/uploads\/2019\/09\/Atizapan-20.jpg 480w\" sizes=\"auto, (max-width: 460px) 100vw, 460px\" \/><\/a><\/p>\n<p>&nbsp;<\/p>\n<p><strong>Atizap\u00e1n, Estado de M\u00e9xico.- <\/strong>De propiedad estatal, la administraci\u00f3n del Parque de los Ciervos fue entregada a la Comunidad Agraria de Atizap\u00e1n de acuerdo al convenio que efectu\u00f3 con la Comisi\u00f3n Estatal de Parques Naturales y de la Fauna (Cepanaf) y el dictamen resuelto a su favor por parte del Juzgado D\u00e9cimo Quinto de Distrito en el Estado de M\u00e9xico.<\/p>\n<p>Agust\u00edn Torres Delgado, director Jur\u00eddico y Consultivo municipal aclar\u00f3 que no se trata de un desalojo ni de una p\u00e9rdida para el municipio porque el sitio, conformado por 300 hect\u00e1reas, pertenece al gobierno mexiquense, de acuerdo a la expropiaci\u00f3n que hizo en 1978.<\/p>\n","protected":false},"excerpt":{"rendered":"<p>De propiedad estatal, la administraci\u00f3n del Parque de los Ciervos fue entregada a la Comunidad Agraria de Atizap\u00e1n de acuerdo al convenio que efectu\u00f3 con la Comisi\u00f3n Estatal de Parques Naturales y de la Fauna (Cepanaf) y el dictamen resuelto a su favor por parte del Juzgado D\u00e9cimo Quinto de Distrito en el Estado de M\u00e9xico.<\/p>\n","protected":false},"author":3,"featured_media":443309,"comment_status":"open","ping_status":"open","sticky":false,"template":"","format":"standard","meta":{"_monsterinsights_skip_tracking":false,"_monsterinsights_sitenote_active":false,"_monsterinsights_sitenote_note":"","_monsterinsights_sitenote_category":0,"footnotes":""},"categories":[5],"tags":[969,43675,87834],"class_list":["post-443233","post","type-post","status-publish","format-standard","has-post-thumbnail","hentry","category-estado-de-mexico","tag-atizapan","tag-estado-de-mexico","tag-parque-de-los-ciervos"],"_links":{"self":[{"href":"https:\/\/www.diarioimagen.net\/index.php?rest_route=\/wp\/v2\/posts\/443233","targetHints":{"allow":["GET"]}}],"collection":[{"href":"https:\/\/www.diarioimagen.net\/index.php?rest_route=\/wp\/v2\/posts"}],"about":[{"href":"https:\/\/www.diarioimagen.net\/index.php?rest_route=\/wp\/v2\/types\/post"}],"author":[{"embeddable":true,"href":"https:\/\/www.diarioimagen.net\/index.php?rest_route=\/wp\/v2\/users\/3"}],"replies":[{"embeddable":true,"href":"https:\/\/www.diarioimagen.net\/index.php?rest_route=%2Fwp%2Fv2%2Fcomments&post=443233"}],"version-history":[{"count":0,"href":"https:\/\/www.diarioimagen.net\/index.php?rest_route=\/wp\/v2\/posts\/443233\/revisions"}],"wp:featuredmedia":[{"embeddable":true,"href":"https:\/\/www.diarioimagen.net\/index.php?rest_route=\/wp\/v2\/media\/443309"}],"wp:attachment":[{"href":"https:\/\/www.diarioimagen.net\/index.php?rest_route=%2Fwp%2Fv2%2Fmedia&parent=443233"}],"wp:term":[{"taxonomy":"category","embeddable":true,"href":"https:\/\/www.diarioimagen.net\/index.php?rest_route=%2Fwp%2Fv2%2Fcategories&post=443233"},{"taxonomy":"post_tag","embeddable":true,"href":"https:\/\/www.diarioimagen.net\/index.php?rest_route=%2Fwp%2Fv2%2Ftags&post=443233"}],"curies":[{"name":"wp","href":"https:\/\/api.w.org\/{rel}","templated":true}]}}