{"id":443237,"date":"2019-09-20T00:05:33","date_gmt":"2019-09-20T05:05:33","guid":{"rendered":"https:\/\/www.diarioimagen.net\/?p=443237"},"modified":"2019-09-20T09:14:12","modified_gmt":"2019-09-20T14:14:12","slug":"evitar-intromision-de-agentes-externos-reto-de-universidades-publicas-coinciden-expertos","status":"publish","type":"post","link":"https:\/\/www.diarioimagen.net\/?p=443237","title":{"rendered":"Evitar intromisi\u00f3n de agentes externos, reto de universidades p\u00fablicas, coinciden expertos"},"content":{"rendered":"<ul>\n<li><strong><em>Congreso en la UAEM<\/em><\/strong><\/li>\n<li><strong><em>Para continuar cumpliendo con la misi\u00f3n que les encomend\u00f3 la sociedad<\/em><\/strong><\/li>\n<\/ul>\n<p>&nbsp;<\/p>\n<div id=\"attachment_443315\" style=\"width: 470px\" class=\"wp-caption aligncenter\"><a href=\"https:\/\/www.diarioimagen.net\/?attachment_id=443315\" rel=\"attachment wp-att-443315\"><img loading=\"lazy\" decoding=\"async\" aria-describedby=\"caption-attachment-443315\" class=\"size-large wp-image-443315\" src=\"https:\/\/www.diarioimagen.net\/wp-content\/uploads\/2019\/09\/UAEM-20-460x306.jpg\" alt=\"\" width=\"460\" height=\"306\" srcset=\"https:\/\/www.diarioimagen.net\/wp-content\/uploads\/2019\/09\/UAEM-20-460x306.jpg 460w, https:\/\/www.diarioimagen.net\/wp-content\/uploads\/2019\/09\/UAEM-20-240x160.jpg 240w, https:\/\/www.diarioimagen.net\/wp-content\/uploads\/2019\/09\/UAEM-20.jpg 700w\" sizes=\"auto, (max-width: 460px) 100vw, 460px\" \/><\/a><p id=\"caption-attachment-443315\" class=\"wp-caption-text\">El rector Alfredo Barrera\u00a0 asisti\u00f3 al Congreso Internacional sobre Autonom\u00eda, Democracia y Gobierno Universitario de la Universidad Aut\u00f3noma del Estado de M\u00e9xico.<\/p><\/div>\n<p>&nbsp;<\/p>\n<p><strong>Toluca, Estado de M\u00e9xico<\/strong>.\u2013 Gestionar un mayor financiamiento y evitar la intromisi\u00f3n de agentes externos y dogmas que vulneren la libertad de pensamiento, son los dos grandes retos que enfrentan las universidades p\u00fablicas mexicanas para continuar cumpliendo con la misi\u00f3n de educar que les encomend\u00f3 la sociedad, coincidieron los expertos participantes en la mesa de discusi\u00f3n y an\u00e1lisis sobre autonom\u00eda universitaria, realizada en el marco del Congreso Internacional sobre Autonom\u00eda, Democracia y Gobierno Universitario de la Universidad Aut\u00f3noma del Estado de M\u00e9xico.<\/p>\n<p>En la Facultad de Derecho de la UAEM, donde se dio cita el rector Alfredo Barrera Baca, la directora general de Asuntos Jur\u00eddicos de la Asociaci\u00f3n Nacional de Universidades e Instituciones de Educaci\u00f3n Superior (ANUIES), Yolanda Legorreta Carranza, destac\u00f3 que la autonom\u00eda es fundamental en la facultad de autogobernarse de las universidades p\u00fablicas, es puntal de su democracia y para dirimir sus asuntos y conflictos internos, a trav\u00e9s de los \u00f3rganos de gobierno que cada una de ellas construye.<\/p>\n<p>El magistrado presidente del Segundo Tribunal Colegiado en Materia Penal del Segundo Circuito en Toluca, Jos\u00e9 Nieves Luna Castro, sostuvo que la autonom\u00eda es gu\u00eda fundamental de las acciones de los universitarios para el logro de sus metas, as\u00ed como un mecanismo de transformaci\u00f3n nacional, por lo que el financiamiento de las universidades resulta indispensable, ya que de ello depende su quehacer cotidiano.<\/p>\n<p>Ante el director de la Facultad de Derecho de la UAEM, Jos\u00e9 Dolores Alan\u00eds Tavira, y la moderadora de la mesa, Ginarely Valencia Alc\u00e1ntara, el representante del GMT Abogados, Emmanuel Rosales Guerrero, se\u00f1al\u00f3 que, para el bien de la sociedad, el Estado debe garantizar la existencia de las universidades, pues adem\u00e1s de producir conocimiento valioso para el desarrollo de una sociedad, M\u00e9xico ha suscrito diversos documentos internacionales que coinciden con el art\u00edculo tercero constitucional.<\/p>\n<p>Por su parte, el investigador de la Universidad Nacional Aut\u00f3noma de M\u00e9xico, Jaime Hugo Talanc\u00f3n Escobedo, expres\u00f3 que m\u00e1s all\u00e1 de una simple estructura f\u00edsica, la universidad resguarda a hombres y mujeres dedicados a la ense\u00f1anza y producci\u00f3n del conocimiento, que a lo largo de la historia han transitado desde una perspectiva positivista a una m\u00e1s amplia y cr\u00edtica sobre la realidad social.<\/p>\n<p>Finalmente, la directora de Estudios y Proyectos Especiales de la UAEM, Mar\u00eda Jos\u00e9 Bern\u00e1ldez Aguilar, refiri\u00f3 que en un sentido amplio, la autonom\u00eda universitaria refiere a la libertad de estas instituciones para crear y difundir el conocimiento. \u201cEl reto que enfrentan diariamente es la formaci\u00f3n de seres comprometidos con la sociedad\u201d.<\/p>\n","protected":false},"excerpt":{"rendered":"<p>Gestionar un mayor financiamiento y evitar la intromisi\u00f3n de agentes externos y dogmas que vulneren la libertad de pensamiento, son los dos grandes retos que enfrentan las universidades p\u00fablicas mexicanas para continuar cumpliendo con la misi\u00f3n de educar que les encomend\u00f3 la sociedad, coincidieron los expertos participantes en la mesa de discusi\u00f3n y an\u00e1lisis sobre autonom\u00eda universitaria, realizada en el marco del Congreso Internacional sobre Autonom\u00eda, Democracia y Gobierno Universitario de la Universidad Aut\u00f3noma del Estado de M\u00e9xico.<\/p>\n","protected":false},"author":3,"featured_media":443315,"comment_status":"open","ping_status":"open","sticky":false,"template":"","format":"standard","meta":{"_monsterinsights_skip_tracking":false,"_monsterinsights_sitenote_active":false,"_monsterinsights_sitenote_note":"","_monsterinsights_sitenote_category":0,"footnotes":""},"categories":[5],"tags":[87836,58572,43675,87835],"class_list":["post-443237","post","type-post","status-publish","format-standard","has-post-thumbnail","hentry","category-estado-de-mexico","tag-agentes-externos","tag-alfredo-barrera-baca","tag-estado-de-mexico","tag-tolua"],"_links":{"self":[{"href":"https:\/\/www.diarioimagen.net\/index.php?rest_route=\/wp\/v2\/posts\/443237","targetHints":{"allow":["GET"]}}],"collection":[{"href":"https:\/\/www.diarioimagen.net\/index.php?rest_route=\/wp\/v2\/posts"}],"about":[{"href":"https:\/\/www.diarioimagen.net\/index.php?rest_route=\/wp\/v2\/types\/post"}],"author":[{"embeddable":true,"href":"https:\/\/www.diarioimagen.net\/index.php?rest_route=\/wp\/v2\/users\/3"}],"replies":[{"embeddable":true,"href":"https:\/\/www.diarioimagen.net\/index.php?rest_route=%2Fwp%2Fv2%2Fcomments&post=443237"}],"version-history":[{"count":0,"href":"https:\/\/www.diarioimagen.net\/index.php?rest_route=\/wp\/v2\/posts\/443237\/revisions"}],"wp:featuredmedia":[{"embeddable":true,"href":"https:\/\/www.diarioimagen.net\/index.php?rest_route=\/wp\/v2\/media\/443315"}],"wp:attachment":[{"href":"https:\/\/www.diarioimagen.net\/index.php?rest_route=%2Fwp%2Fv2%2Fmedia&parent=443237"}],"wp:term":[{"taxonomy":"category","embeddable":true,"href":"https:\/\/www.diarioimagen.net\/index.php?rest_route=%2Fwp%2Fv2%2Fcategories&post=443237"},{"taxonomy":"post_tag","embeddable":true,"href":"https:\/\/www.diarioimagen.net\/index.php?rest_route=%2Fwp%2Fv2%2Ftags&post=443237"}],"curies":[{"name":"wp","href":"https:\/\/api.w.org\/{rel}","templated":true}]}}