{"id":443373,"date":"2019-09-23T00:01:29","date_gmt":"2019-09-23T05:01:29","guid":{"rendered":"https:\/\/www.diarioimagen.net\/?p=443373"},"modified":"2019-09-23T04:23:30","modified_gmt":"2019-09-23T09:23:30","slug":"autonomia-condicion-indispensable-para-generacion-de-conocimiento-cientifico-rector-alfredo-barrera","status":"publish","type":"post","link":"https:\/\/www.diarioimagen.net\/?p=443373","title":{"rendered":"Autonom\u00eda, condici\u00f3n indispensable para generaci\u00f3n de conocimiento cient\u00edfico: rector Alfredo Barrera\u00a0\u00a0\u00a0"},"content":{"rendered":"<ul>\n<li><strong><em>Clausura del Congreso Internacional sobre Autonom\u00eda, Democracia y Gobierno Universitario<\/em><\/strong><\/li>\n<\/ul>\n<p>&nbsp;<\/p>\n<div id=\"attachment_443492\" style=\"width: 470px\" class=\"wp-caption aligncenter\"><a href=\"https:\/\/www.diarioimagen.net\/?attachment_id=443492\" rel=\"attachment wp-att-443492\"><img loading=\"lazy\" decoding=\"async\" aria-describedby=\"caption-attachment-443492\" class=\"size-large wp-image-443492\" src=\"https:\/\/www.diarioimagen.net\/wp-content\/uploads\/2019\/09\/UAEM23-460x259.jpg\" alt=\"\" width=\"460\" height=\"259\" srcset=\"https:\/\/www.diarioimagen.net\/wp-content\/uploads\/2019\/09\/UAEM23-460x259.jpg 460w, https:\/\/www.diarioimagen.net\/wp-content\/uploads\/2019\/09\/UAEM23-240x135.jpg 240w, https:\/\/www.diarioimagen.net\/wp-content\/uploads\/2019\/09\/UAEM23-235x132.jpg 235w, https:\/\/www.diarioimagen.net\/wp-content\/uploads\/2019\/09\/UAEM23-202x114.jpg 202w, https:\/\/www.diarioimagen.net\/wp-content\/uploads\/2019\/09\/UAEM23-350x196.jpg 350w, https:\/\/www.diarioimagen.net\/wp-content\/uploads\/2019\/09\/UAEM23-220x123.jpg 220w, https:\/\/www.diarioimagen.net\/wp-content\/uploads\/2019\/09\/UAEM23-237x132.jpg 237w, https:\/\/www.diarioimagen.net\/wp-content\/uploads\/2019\/09\/UAEM23.jpg 480w\" sizes=\"auto, (max-width: 460px) 100vw, 460px\" \/><\/a><p id=\"caption-attachment-443492\" class=\"wp-caption-text\">Durante los cuatro d\u00edas que dur\u00f3 el Congreso Internacional sobre Autonom\u00eda, Democracia y Gobierno Universitario se llevaron a cabo seis conferencias internacionales, impartidas por especialistas de instituciones de educaci\u00f3n superior de Estados Unidos, Canad\u00e1, Argentina, Ecuador, Espa\u00f1a y Alemania.<\/p><\/div>\n<p>&nbsp;<\/p>\n<p><strong>Atizap\u00e1n, Estado de M\u00e9xico<\/strong>.\u2013 La autonom\u00eda es condici\u00f3n indispensable para la generaci\u00f3n de conocimiento cient\u00edfico en las universidades, afirm\u00f3 el rector de la Universidad Aut\u00f3noma del Estado de M\u00e9xico, Alfredo Barrera Baca, al clausurar el Congreso Internacional sobre Autonom\u00eda, Democracia y Gobierno Universitario.<\/p>\n<p>En el Centro Universitario UAEM Valle de M\u00e9xico, ubicado en el municipio de Atizap\u00e1n, subray\u00f3 que las universidades son instituciones complejas que se consolidan como contrapesos de otro tipo de intereses.<\/p>\n<p>\u201cNo es f\u00e1cil conducir una universidad, llegar a acuerdos y lograr el equilibrio con otros poderes, as\u00ed que este ejercicio acad\u00e9mico dej\u00f3 el desaf\u00edo de repensar la autonom\u00eda y el gobierno de nuestra universidad de cara al futuro y a los retos que enfrenta el pa\u00eds\u201d.<\/p>\n<p>Acompa\u00f1ado de la secretaria de Cooperaci\u00f3n Internacional de la UAEM, Mar\u00eda del Pilar Ampudia Garc\u00eda, y el director del Centro Universitario, V\u00edctor Manuel Landassuri Moreno, asever\u00f3 que M\u00e9xico enfrenta el desaf\u00edo de una alta densidad poblacional con rezagos educativos, as\u00ed como en materia de salud, empleo y vivienda, problemas antes los cuales, con sustento en su autonom\u00eda, las universidades aut\u00f3nomas mexicanas deben responder y ofrecer soluciones.<\/p>\n<p>Cabe destacar que durante los cuatro d\u00edas que dur\u00f3 el Congreso Internacional sobre Autonom\u00eda, Democracia y Gobierno Universitario se llevaron a cabo seis conferencias internacionales, impartidas por especialistas de instituciones de educaci\u00f3n superior de Estados Unidos, Canad\u00e1, Argentina, Ecuador, Espa\u00f1a y Alemania. Tambi\u00e9n se impartieron tres conferencias magistrales, a cargo del propio rector Alfredo Barrera; el rector de la Universidad Ju\u00e1rez Aut\u00f3noma de Tabasco, Jos\u00e9 Manuel Pi\u00f1a Guti\u00e9rrez, y el acad\u00e9mico de la Universidad Nacional Aut\u00f3noma de M\u00e9xico, Hugo Casanova Cardiel.<\/p>\n<p>Del mismo modo, se llev\u00f3 a cabo una mesa de debate en la que participaron especialistas en el \u00e1mbito jur\u00eddico, una presentaci\u00f3n de libro, un certamen de oratoria en el que participaron 27 universitarios; asimismo, profesores y alumnos de la Aut\u00f3noma mexiquense presentaron un total de 90 ponencias.<\/p>\n<p>Las actividades de este ejercicio acad\u00e9mico, en las que participaron m\u00e1s de dos mil 200 personas y que se trasmiti\u00f3 en vivo a trav\u00e9s de redes sociales, se llevaron a cabo en el Aula Magna \u201cLic. Adolfo L\u00f3pez Mateos\u201d y la Sala \u201cDr. Gustavo Baz Prada\u201d del Edificio de Rector\u00eda de la UAEM, as\u00ed como las facultades de Derecho y Ciencias Pol\u00edticas y Sociales y el Centro Universitario UAEM Valle de M\u00e9xico.<\/p>\n","protected":false},"excerpt":{"rendered":"<p>La autonom\u00eda es condici\u00f3n indispensable para la generaci\u00f3n de conocimiento cient\u00edfico en las universidades, afirm\u00f3 el rector de la Universidad Aut\u00f3noma del Estado de M\u00e9xico, Alfredo Barrera Baca, al clausurar el Congreso Internacional sobre Autonom\u00eda, Democracia y Gobierno Universitario.<\/p>\n","protected":false},"author":3,"featured_media":443492,"comment_status":"open","ping_status":"open","sticky":false,"template":"","format":"standard","meta":{"_monsterinsights_skip_tracking":false,"_monsterinsights_sitenote_active":false,"_monsterinsights_sitenote_note":"","_monsterinsights_sitenote_category":0,"footnotes":""},"categories":[5],"tags":[58572,969,86098,43675],"class_list":["post-443373","post","type-post","status-publish","format-standard","has-post-thumbnail","hentry","category-estado-de-mexico","tag-alfredo-barrera-baca","tag-atizapan","tag-conocimiento","tag-estado-de-mexico"],"_links":{"self":[{"href":"https:\/\/www.diarioimagen.net\/index.php?rest_route=\/wp\/v2\/posts\/443373","targetHints":{"allow":["GET"]}}],"collection":[{"href":"https:\/\/www.diarioimagen.net\/index.php?rest_route=\/wp\/v2\/posts"}],"about":[{"href":"https:\/\/www.diarioimagen.net\/index.php?rest_route=\/wp\/v2\/types\/post"}],"author":[{"embeddable":true,"href":"https:\/\/www.diarioimagen.net\/index.php?rest_route=\/wp\/v2\/users\/3"}],"replies":[{"embeddable":true,"href":"https:\/\/www.diarioimagen.net\/index.php?rest_route=%2Fwp%2Fv2%2Fcomments&post=443373"}],"version-history":[{"count":0,"href":"https:\/\/www.diarioimagen.net\/index.php?rest_route=\/wp\/v2\/posts\/443373\/revisions"}],"wp:featuredmedia":[{"embeddable":true,"href":"https:\/\/www.diarioimagen.net\/index.php?rest_route=\/wp\/v2\/media\/443492"}],"wp:attachment":[{"href":"https:\/\/www.diarioimagen.net\/index.php?rest_route=%2Fwp%2Fv2%2Fmedia&parent=443373"}],"wp:term":[{"taxonomy":"category","embeddable":true,"href":"https:\/\/www.diarioimagen.net\/index.php?rest_route=%2Fwp%2Fv2%2Fcategories&post=443373"},{"taxonomy":"post_tag","embeddable":true,"href":"https:\/\/www.diarioimagen.net\/index.php?rest_route=%2Fwp%2Fv2%2Ftags&post=443373"}],"curies":[{"name":"wp","href":"https:\/\/api.w.org\/{rel}","templated":true}]}}