{"id":443402,"date":"2019-09-23T00:03:03","date_gmt":"2019-09-23T05:03:03","guid":{"rendered":"https:\/\/www.diarioimagen.net\/?p=443402"},"modified":"2019-09-23T04:29:40","modified_gmt":"2019-09-23T09:29:40","slug":"realiza-ayuntamiento-simulacros-en-tultitlan","status":"publish","type":"post","link":"https:\/\/www.diarioimagen.net\/?p=443402","title":{"rendered":"Realiza ayuntamiento simulacros en Tultitl\u00e1n"},"content":{"rendered":"<ul>\n<li><strong><em>En conmemoraci\u00f3n de los sismos de 1985 y 2017<\/em><\/strong><\/li>\n<\/ul>\n<p>&nbsp;<\/p>\n<div id=\"attachment_443501\" style=\"width: 470px\" class=\"wp-caption aligncenter\"><a href=\"https:\/\/www.diarioimagen.net\/?attachment_id=443501\" rel=\"attachment wp-att-443501\"><img loading=\"lazy\" decoding=\"async\" aria-describedby=\"caption-attachment-443501\" class=\"size-large wp-image-443501\" src=\"https:\/\/www.diarioimagen.net\/wp-content\/uploads\/2019\/09\/TULTITL\u00c1N-23-460x259.jpg\" alt=\"\" width=\"460\" height=\"259\" srcset=\"https:\/\/www.diarioimagen.net\/wp-content\/uploads\/2019\/09\/TULTITL\u00c1N-23-460x259.jpg 460w, https:\/\/www.diarioimagen.net\/wp-content\/uploads\/2019\/09\/TULTITL\u00c1N-23-240x135.jpg 240w, https:\/\/www.diarioimagen.net\/wp-content\/uploads\/2019\/09\/TULTITL\u00c1N-23-235x132.jpg 235w, https:\/\/www.diarioimagen.net\/wp-content\/uploads\/2019\/09\/TULTITL\u00c1N-23-202x114.jpg 202w, https:\/\/www.diarioimagen.net\/wp-content\/uploads\/2019\/09\/TULTITL\u00c1N-23-350x196.jpg 350w, https:\/\/www.diarioimagen.net\/wp-content\/uploads\/2019\/09\/TULTITL\u00c1N-23-220x123.jpg 220w, https:\/\/www.diarioimagen.net\/wp-content\/uploads\/2019\/09\/TULTITL\u00c1N-23-237x132.jpg 237w, https:\/\/www.diarioimagen.net\/wp-content\/uploads\/2019\/09\/TULTITL\u00c1N-23.jpg 480w\" sizes=\"auto, (max-width: 460px) 100vw, 460px\" \/><\/a><p id=\"caption-attachment-443501\" class=\"wp-caption-text\">Durante el simulacro se destac\u00f3 la presencia del Heroico Cuerpo de Bomberos municipales, as\u00ed como personal de Protecci\u00f3n Civil y voluntarios.<\/p><\/div>\n<p>&nbsp;<\/p>\n<p><strong>Tultitl\u00e1n, Estado de M\u00e9xico<\/strong>.- En el marco del d\u00eda nacional de Protecci\u00f3n Civil, el ayuntamiento de Tultitl\u00e1n realiz\u00f3 simulacros conmemorativos a los sismos de 1985 y 2017, donde personal adscrito a la actual administraci\u00f3n, ciudadan\u00eda en general as\u00ed como miembros de la Guardia Nacional, Polic\u00eda Federal, Seguridad P\u00fablica Estatal, Fiscal\u00eda del Estado de M\u00e9xico, Cruz Roja Mexicana, as\u00ed como de m\u00e1s de cincuenta empresas, participaron de manera coordinada para establecer acciones conjuntas en caso de alg\u00fan sismo.<\/p>\n<p>La alcaldesa Elena Garc\u00eda Mart\u00ednez dijo que se capacitar\u00e1 a personal de cada \u00e1rea para que se hagan simulacros no s\u00f3lo cada a\u00f1o sino de manera constante esto con el objetivo de mejorar el tiempo de reacci\u00f3n para evacuar lo m\u00e1s r\u00e1pido posible.<\/p>\n<p>El director de Seguridad Ciudadana, Vialidad y Protecci\u00f3n Civil, Julio C\u00e9sar Cata\u00f1o, inform\u00f3 que \u201ceste simulacro se llev\u00f3 a cabo de manera simult\u00e1nea en los edificios de la administraci\u00f3n municipal y empresas privadas se\u00f1alando que es importante reconocer que se realiz\u00f3 en completo orden y con gran participaci\u00f3n de los empleados y personas que se encontraban en los edificios p\u00fablicos\u201d.<\/p>\n<p>Cabe resaltar que durante el simulacro se destac\u00f3 la presencia del Heroico Cuerpo de Bomberos municipales, as\u00ed como personal de Protecci\u00f3n Civil adem\u00e1s los voluntarios de Multi brigada quienes orientaron al personal de cada \u00e1rea a evacuar.<\/p>\n<p>Es importante mencionar que adem\u00e1s de las acciones emprendidas en las instalaciones administrativas del gobierno municipal, m\u00e1s de 50 empresas de la regi\u00f3n participaron en un macro simulacro realizado en las instalaciones de la empresa Unilever.<\/p>\n<p>Cabe recordar que tras el sismo de 1985 el entonces presidente de M\u00e9xico Miguel de la Madrid decret\u00f3 como el 19 de septiembre el D\u00eda Nacional de Protecci\u00f3n Civil y desde entonces se conmemora cada a\u00f1o.<\/p>\n","protected":false},"excerpt":{"rendered":"<p>En el marco del d\u00eda nacional de Protecci\u00f3n Civil, el ayuntamiento de Tultitl\u00e1n realiz\u00f3 simulacros conmemorativos a los sismos de 1985 y 2017, donde personal adscrito a la actual administraci\u00f3n, ciudadan\u00eda en general as\u00ed como miembros de la Guardia Nacional, Polic\u00eda Federal, Seguridad P\u00fablica Estatal, Fiscal\u00eda del Estado de M\u00e9xico, Cruz Roja Mexicana, as\u00ed como de m\u00e1s de cincuenta empresas, participaron de manera coordinada para establecer acciones conjuntas en caso de alg\u00fan sismo.<\/p>\n","protected":false},"author":3,"featured_media":443501,"comment_status":"open","ping_status":"open","sticky":false,"template":"","format":"standard","meta":{"_monsterinsights_skip_tracking":false,"_monsterinsights_sitenote_active":false,"_monsterinsights_sitenote_note":"","_monsterinsights_sitenote_category":0,"footnotes":""},"categories":[5],"tags":[2977,43675,4010,578],"class_list":["post-443402","post","type-post","status-publish","format-standard","has-post-thumbnail","hentry","category-estado-de-mexico","tag-ayuntamiento","tag-estado-de-mexico","tag-simulacro","tag-tultitlan"],"_links":{"self":[{"href":"https:\/\/www.diarioimagen.net\/index.php?rest_route=\/wp\/v2\/posts\/443402","targetHints":{"allow":["GET"]}}],"collection":[{"href":"https:\/\/www.diarioimagen.net\/index.php?rest_route=\/wp\/v2\/posts"}],"about":[{"href":"https:\/\/www.diarioimagen.net\/index.php?rest_route=\/wp\/v2\/types\/post"}],"author":[{"embeddable":true,"href":"https:\/\/www.diarioimagen.net\/index.php?rest_route=\/wp\/v2\/users\/3"}],"replies":[{"embeddable":true,"href":"https:\/\/www.diarioimagen.net\/index.php?rest_route=%2Fwp%2Fv2%2Fcomments&post=443402"}],"version-history":[{"count":0,"href":"https:\/\/www.diarioimagen.net\/index.php?rest_route=\/wp\/v2\/posts\/443402\/revisions"}],"wp:featuredmedia":[{"embeddable":true,"href":"https:\/\/www.diarioimagen.net\/index.php?rest_route=\/wp\/v2\/media\/443501"}],"wp:attachment":[{"href":"https:\/\/www.diarioimagen.net\/index.php?rest_route=%2Fwp%2Fv2%2Fmedia&parent=443402"}],"wp:term":[{"taxonomy":"category","embeddable":true,"href":"https:\/\/www.diarioimagen.net\/index.php?rest_route=%2Fwp%2Fv2%2Fcategories&post=443402"},{"taxonomy":"post_tag","embeddable":true,"href":"https:\/\/www.diarioimagen.net\/index.php?rest_route=%2Fwp%2Fv2%2Ftags&post=443402"}],"curies":[{"name":"wp","href":"https:\/\/api.w.org\/{rel}","templated":true}]}}