{"id":443404,"date":"2019-09-23T00:02:27","date_gmt":"2019-09-23T05:02:27","guid":{"rendered":"https:\/\/www.diarioimagen.net\/?p=443404"},"modified":"2019-09-23T04:31:19","modified_gmt":"2019-09-23T09:31:19","slug":"combate-contra-la-perdida-de-vision-asociada-a-diabetes-en-naucalpan","status":"publish","type":"post","link":"https:\/\/www.diarioimagen.net\/?p=443404","title":{"rendered":"Combate contra la p\u00e9rdida de visi\u00f3n asociada a diabetes, en Naucalpan"},"content":{"rendered":"<ul>\n<li><strong><em>Instituto Municipal de Atenci\u00f3n a la Salud<\/em><\/strong><\/li>\n<\/ul>\n<p>&nbsp;<\/p>\n<div id=\"attachment_443504\" style=\"width: 470px\" class=\"wp-caption aligncenter\"><a href=\"https:\/\/www.diarioimagen.net\/?attachment_id=443504\" rel=\"attachment wp-att-443504\"><img loading=\"lazy\" decoding=\"async\" aria-describedby=\"caption-attachment-443504\" class=\"size-large wp-image-443504\" src=\"https:\/\/www.diarioimagen.net\/wp-content\/uploads\/2019\/09\/NAUCALPAN-23--460x259.jpg\" alt=\"\" width=\"460\" height=\"259\" srcset=\"https:\/\/www.diarioimagen.net\/wp-content\/uploads\/2019\/09\/NAUCALPAN-23--460x259.jpg 460w, https:\/\/www.diarioimagen.net\/wp-content\/uploads\/2019\/09\/NAUCALPAN-23--240x135.jpg 240w, https:\/\/www.diarioimagen.net\/wp-content\/uploads\/2019\/09\/NAUCALPAN-23--235x132.jpg 235w, https:\/\/www.diarioimagen.net\/wp-content\/uploads\/2019\/09\/NAUCALPAN-23--202x114.jpg 202w, https:\/\/www.diarioimagen.net\/wp-content\/uploads\/2019\/09\/NAUCALPAN-23--350x196.jpg 350w, https:\/\/www.diarioimagen.net\/wp-content\/uploads\/2019\/09\/NAUCALPAN-23--220x123.jpg 220w, https:\/\/www.diarioimagen.net\/wp-content\/uploads\/2019\/09\/NAUCALPAN-23--237x132.jpg 237w, https:\/\/www.diarioimagen.net\/wp-content\/uploads\/2019\/09\/NAUCALPAN-23-.jpg 480w\" sizes=\"auto, (max-width: 460px) 100vw, 460px\" \/><\/a><p id=\"caption-attachment-443504\" class=\"wp-caption-text\">El Director General de Nova Visi\u00f3n L\u00e1ser Center, Francisco S\u00e1nchez Le\u00f3n, manifest\u00f3 que esta colaboraci\u00f3n atiende la necesidad urgente de diagnosticar y dar seguimiento de la retinopat\u00eda.<\/p><\/div>\n<p>&nbsp;<\/p>\n<p><strong>Naucalpan, Estado de M\u00e9xico<\/strong>.- El titular del Instituto Municipal de Atenci\u00f3n a la Salud (IMAS), Eduardo V\u00e1zquez Celis, afirm\u00f3 que se trabaja con la cl\u00ednica de atenci\u00f3n oftalmol\u00f3gica Nova Visi\u00f3n L\u00e1ser Center para que durante la actual Administraci\u00f3n municipal se realice la revisi\u00f3n de al menos 100 mil naucalpenses con diabetes, para prevenir y detectar retinopat\u00eda, lo que puede derivar en la p\u00e9rdida total de la visi\u00f3n. Se\u00f1al\u00f3 que se colocar\u00e1 un m\u00f3dulo m\u00f3vil de oftalmolog\u00eda en la cl\u00ednica de especialidades del IMAS donde se realizar\u00e1n tomograf\u00edas de coherencia \u00f3ptica (OCT, por sus siglas en ingl\u00e9s) y se promover\u00e1 la salud visual de los personas diagnosticadas con diabetes.<\/p>\n<p>\u00abEstamos firmando un convenio con Nova Visi\u00f3n para establecer toda la log\u00edstica y el proceso del paciente. Ser\u00e1 m\u00e1s econ\u00f3mico que en otros hospitales p\u00fablicos especializados en oftalmolog\u00eda.<\/p>\n<p>\u00abNosotros estamos trabajando en la prevenci\u00f3n, no se tiene que llegar a la retinopat\u00eda diab\u00e9tica si el paciente se trata y se previene a la ciudadan\u00eda sobre esta enfermedad\u00bb, dijo V\u00e1zquez Celis.<\/p>\n<p>Durante su ponencia en el cierre del ciclo de conferencias ADN Salud, el Director General de Nova Visi\u00f3n L\u00e1ser Center, Francisco S\u00e1nchez Le\u00f3n, manifest\u00f3 que esta colaboraci\u00f3n atiende la necesidad urgente de diagnosticar y dar seguimiento de la retinopat\u00eda, ya que tan solo en Naucalpan hay m\u00e1s de 95 mil personas con este padecimiento y m\u00e1s de 31 mil de ellos sufren p\u00e9rdida de visi\u00f3n.<\/p>\n<p>\u00abVamos a tener cinco sitios de captura para desarrollar un proyecto de retinopat\u00eda diab\u00e9tica con el que pretendemos detectar, concientizar y reducir las complicaciones relacionadas a esta enfermedad.<\/p>\n<p>\u00abDe 872 mil habitantes, hay 95 mil diab\u00e9ticos y, de ellos, m\u00e1s del 33 por ciento tienen retinopat\u00edas diab\u00e9ticas, y aproximadamente dos de ellos perder\u00e1n la visi\u00f3n de forma irreversible.<\/p>\n<p>\u00abEn Naucalpan deben de existir cerca de 600 y 800 ciegos por retinopat\u00eda diab\u00e9tica y si no hacemos un esfuerzo cada a\u00f1o se generan cerca de 700 casos nuevos\u00bb, enfatiz\u00f3 el especialista en oftalmolog\u00eda.<\/p>\n<p>Durante el cierre de ADN Salud tambi\u00e9n participaron el m\u00e9dico y emprendedor Guillermo Ulises Ruiz Esparza, as\u00ed como Sebasti\u00e1n Prida, miembro y l\u00edder embajador de Doctorpreneurs.<\/p>\n","protected":false},"excerpt":{"rendered":"<p>El titular del Instituto Municipal de Atenci\u00f3n a la Salud (IMAS), Eduardo V\u00e1zquez Celis, afirm\u00f3 que se trabaja con la cl\u00ednica de atenci\u00f3n oftalmol\u00f3gica Nova Visi\u00f3n L\u00e1ser Center para que durante la actual Administraci\u00f3n municipal se realice la revisi\u00f3n de al menos 100 mil naucalpenses con diabetes, para prevenir y detectar retinopat\u00eda, lo que puede derivar en la p\u00e9rdida total de la visi\u00f3n. Se\u00f1al\u00f3 que se colocar\u00e1 un m\u00f3dulo m\u00f3vil de oftalmolog\u00eda en la cl\u00ednica de especialidades del IMAS donde se realizar\u00e1n tomograf\u00edas de coherencia \u00f3ptica (OCT, por sus siglas en ingl\u00e9s) y se promover\u00e1 la salud visual de los personas diagnosticadas con diabetes.<\/p>\n","protected":false},"author":3,"featured_media":443504,"comment_status":"open","ping_status":"open","sticky":false,"template":"","format":"standard","meta":{"_monsterinsights_skip_tracking":false,"_monsterinsights_sitenote_active":false,"_monsterinsights_sitenote_note":"","_monsterinsights_sitenote_category":0,"footnotes":""},"categories":[5],"tags":[9277,43675,970,12361],"class_list":["post-443404","post","type-post","status-publish","format-standard","has-post-thumbnail","hentry","category-estado-de-mexico","tag-diabetes","tag-estado-de-mexico","tag-naucalpan","tag-perdida"],"_links":{"self":[{"href":"https:\/\/www.diarioimagen.net\/index.php?rest_route=\/wp\/v2\/posts\/443404","targetHints":{"allow":["GET"]}}],"collection":[{"href":"https:\/\/www.diarioimagen.net\/index.php?rest_route=\/wp\/v2\/posts"}],"about":[{"href":"https:\/\/www.diarioimagen.net\/index.php?rest_route=\/wp\/v2\/types\/post"}],"author":[{"embeddable":true,"href":"https:\/\/www.diarioimagen.net\/index.php?rest_route=\/wp\/v2\/users\/3"}],"replies":[{"embeddable":true,"href":"https:\/\/www.diarioimagen.net\/index.php?rest_route=%2Fwp%2Fv2%2Fcomments&post=443404"}],"version-history":[{"count":0,"href":"https:\/\/www.diarioimagen.net\/index.php?rest_route=\/wp\/v2\/posts\/443404\/revisions"}],"wp:featuredmedia":[{"embeddable":true,"href":"https:\/\/www.diarioimagen.net\/index.php?rest_route=\/wp\/v2\/media\/443504"}],"wp:attachment":[{"href":"https:\/\/www.diarioimagen.net\/index.php?rest_route=%2Fwp%2Fv2%2Fmedia&parent=443404"}],"wp:term":[{"taxonomy":"category","embeddable":true,"href":"https:\/\/www.diarioimagen.net\/index.php?rest_route=%2Fwp%2Fv2%2Fcategories&post=443404"},{"taxonomy":"post_tag","embeddable":true,"href":"https:\/\/www.diarioimagen.net\/index.php?rest_route=%2Fwp%2Fv2%2Ftags&post=443404"}],"curies":[{"name":"wp","href":"https:\/\/api.w.org\/{rel}","templated":true}]}}