{"id":443583,"date":"2019-09-24T00:05:04","date_gmt":"2019-09-24T05:05:04","guid":{"rendered":"https:\/\/www.diarioimagen.net\/?p=443583"},"modified":"2019-09-24T07:32:56","modified_gmt":"2019-09-24T12:32:56","slug":"salvaguarda-de-universitarios-tarea-esencial-de-la-uaem-alfredo-barrera","status":"publish","type":"post","link":"https:\/\/www.diarioimagen.net\/?p=443583","title":{"rendered":"Salvaguarda de universitarios, tarea esencial de la UAEM: Alfredo Barrera"},"content":{"rendered":"<ul>\n<li><em><strong>Inauguran la Semana Institucional de Seguridad<\/strong><\/em><\/li>\n<li><em><strong>Estudiantes refrendan compromiso con buen uso de las instalaciones<\/strong><\/em><\/li>\n<\/ul>\n<p>&nbsp;<\/p>\n<div id=\"attachment_443665\" style=\"width: 470px\" class=\"wp-caption aligncenter\"><a href=\"https:\/\/www.diarioimagen.net\/?attachment_id=443665\" rel=\"attachment wp-att-443665\"><img loading=\"lazy\" decoding=\"async\" aria-describedby=\"caption-attachment-443665\" class=\"size-large wp-image-443665\" src=\"https:\/\/www.diarioimagen.net\/wp-content\/uploads\/2019\/09\/UAEM24-460x259.jpg\" alt=\"\" width=\"460\" height=\"259\" srcset=\"https:\/\/www.diarioimagen.net\/wp-content\/uploads\/2019\/09\/UAEM24-460x259.jpg 460w, https:\/\/www.diarioimagen.net\/wp-content\/uploads\/2019\/09\/UAEM24-240x135.jpg 240w, https:\/\/www.diarioimagen.net\/wp-content\/uploads\/2019\/09\/UAEM24-235x132.jpg 235w, https:\/\/www.diarioimagen.net\/wp-content\/uploads\/2019\/09\/UAEM24-202x114.jpg 202w, https:\/\/www.diarioimagen.net\/wp-content\/uploads\/2019\/09\/UAEM24-350x196.jpg 350w, https:\/\/www.diarioimagen.net\/wp-content\/uploads\/2019\/09\/UAEM24-220x123.jpg 220w, https:\/\/www.diarioimagen.net\/wp-content\/uploads\/2019\/09\/UAEM24-237x132.jpg 237w, https:\/\/www.diarioimagen.net\/wp-content\/uploads\/2019\/09\/UAEM24.jpg 480w\" sizes=\"auto, (max-width: 460px) 100vw, 460px\" \/><\/a><p id=\"caption-attachment-443665\" class=\"wp-caption-text\">En el marco de las actividades de este evento, explicaron que los delitos que aquejan a la comunidad estudiantil son el asalto en el transporte p\u00fablico, robo a transeuntes y violencia de g\u00e9nero.<\/p><\/div>\n<p>&nbsp;<\/p>\n<p><strong>Toluca, Estado de M\u00e9xico<\/strong>.\u2013 Garantizar la seguridad y protecci\u00f3n de todas las personas que estudian, trabajan o visitan sus espacios es una de las m\u00e1s sensibles responsabilidades de la Universidad Aut\u00f3noma del Estado de M\u00e9xico, afirm\u00f3 el rector Alfredo Barrera Baca, al inaugurar la Semana Institucional de Seguridad.<\/p>\n<p>En la Facultad de Derecho, el rector precis\u00f3 que por ello, las instalaciones universitarias son resguardadas por personal institucional y elementos de seguridad privada; adem\u00e1s, se cuenta con protocolos de acci\u00f3n para prevenir, atender y sancionar diversas conductas.<\/p>\n<p>En esta esencial tarea, subray\u00f3, contamos con la participaci\u00f3n \u00e9tica de la inmensa mayor\u00eda de los universitarios, que cada d\u00eda refrendan su compromiso con el buen uso de las instalaciones, equipo y materiales, en fin, con el cuidado de nuestro patrimonio com\u00fan.<\/p>\n<p>\u201cDebo reconocer que la enorme calidad humana y el respeto de los estudiantes, acad\u00e9micos y trabajadores administrativos de nuestra universidad demuestran que sus interrelaciones cotidianas y con el patrimonio universitario son realmente ejemplares\u201d, asever\u00f3 Alfredo Barrera Baca.<\/p>\n<p>En este evento, la secretaria de Rector\u00eda de la UAEM, Jannet Valero Vilchis, explic\u00f3 que los delitos que aquejan a la comunidad de la UAEM son el asalto en el transporte p\u00fablico, el robo a transe\u00fantes y la violencia de g\u00e9nero, situaciones que tambi\u00e9n aquejan a otras instituciones de educaci\u00f3n superior de la entidad y el pa\u00eds.<\/p>\n<p>Detall\u00f3 que para contrarrestar la inseguridad en los espacios universitarios, la instituci\u00f3n cuenta con cuatro protocolos espec\u00edficos: prevenci\u00f3n y seguridad; actuaci\u00f3n para prevenir, atender y sancionar el acoso laboral o mobbing; actuaci\u00f3n para prevenir, atender y sancionar el acoso escolar, bullying y ciberbullying, as\u00ed como prevenir, atender y sancionar casos de acoso y hostigamiento sexual.<\/p>\n<p>En el marco del inicio de las actividades de la Semana Institucional de Seguridad, la especialista Ang\u00e9lica Garnica Sosa, autora del Manual de Seguridad para Instituciones de Educaci\u00f3n Superior. Estrategias de Prevenci\u00f3n y Atenci\u00f3n, dict\u00f3 la conferencia magistral \u201cSeguridad en Instituciones de Nivel Superior\u201d.<\/p>\n<p>Con la participaci\u00f3n de expertos de la Secretaria de Seguridad, la Fiscal\u00eda General de Justicia mexiquense, la Comisi\u00f3n Estatal para la Atenci\u00f3n a V\u00edctimas, el Secretariado Ejecutivo del Sistema de Seguridad P\u00fablica, el Centro de Prevenci\u00f3n del Delito de la entidad y la Guardia Nacional, el programa de este ejercicio acad\u00e9mico contempla la realizaci\u00f3n de conferencias, obras de teatro y una muestra de cine.<\/p>\n","protected":false},"excerpt":{"rendered":"<p>Garantizar la seguridad y protecci\u00f3n de todas las personas que estudian, trabajan o visitan sus espacios es una de las m\u00e1s sensibles responsabilidades de la Universidad Aut\u00f3noma del Estado de M\u00e9xico, afirm\u00f3 el rector Alfredo Barrera Baca, al inaugurar la Semana Institucional de Seguridad.<\/p>\n","protected":false},"author":3,"featured_media":443665,"comment_status":"open","ping_status":"open","sticky":false,"template":"","format":"standard","meta":{"_monsterinsights_skip_tracking":false,"_monsterinsights_sitenote_active":false,"_monsterinsights_sitenote_note":"","_monsterinsights_sitenote_category":0,"footnotes":""},"categories":[5],"tags":[58572,43675,452,1491,1490],"class_list":["post-443583","post","type-post","status-publish","format-standard","has-post-thumbnail","hentry","category-estado-de-mexico","tag-alfredo-barrera-baca","tag-estado-de-mexico","tag-toluca","tag-uaem","tag-universidad-autonoma-del-estado-de-mexico"],"_links":{"self":[{"href":"https:\/\/www.diarioimagen.net\/index.php?rest_route=\/wp\/v2\/posts\/443583","targetHints":{"allow":["GET"]}}],"collection":[{"href":"https:\/\/www.diarioimagen.net\/index.php?rest_route=\/wp\/v2\/posts"}],"about":[{"href":"https:\/\/www.diarioimagen.net\/index.php?rest_route=\/wp\/v2\/types\/post"}],"author":[{"embeddable":true,"href":"https:\/\/www.diarioimagen.net\/index.php?rest_route=\/wp\/v2\/users\/3"}],"replies":[{"embeddable":true,"href":"https:\/\/www.diarioimagen.net\/index.php?rest_route=%2Fwp%2Fv2%2Fcomments&post=443583"}],"version-history":[{"count":0,"href":"https:\/\/www.diarioimagen.net\/index.php?rest_route=\/wp\/v2\/posts\/443583\/revisions"}],"wp:featuredmedia":[{"embeddable":true,"href":"https:\/\/www.diarioimagen.net\/index.php?rest_route=\/wp\/v2\/media\/443665"}],"wp:attachment":[{"href":"https:\/\/www.diarioimagen.net\/index.php?rest_route=%2Fwp%2Fv2%2Fmedia&parent=443583"}],"wp:term":[{"taxonomy":"category","embeddable":true,"href":"https:\/\/www.diarioimagen.net\/index.php?rest_route=%2Fwp%2Fv2%2Fcategories&post=443583"},{"taxonomy":"post_tag","embeddable":true,"href":"https:\/\/www.diarioimagen.net\/index.php?rest_route=%2Fwp%2Fv2%2Ftags&post=443583"}],"curies":[{"name":"wp","href":"https:\/\/api.w.org\/{rel}","templated":true}]}}