{"id":443595,"date":"2019-09-24T00:01:02","date_gmt":"2019-09-24T05:01:02","guid":{"rendered":"https:\/\/www.diarioimagen.net\/?p=443595"},"modified":"2019-09-24T07:35:30","modified_gmt":"2019-09-24T12:35:30","slug":"arranca-el-dif-cuautitlan-campana-testamentos-2019-son-a-bajo-costo","status":"publish","type":"post","link":"https:\/\/www.diarioimagen.net\/?p=443595","title":{"rendered":"Arranca el DIF Cuautitl\u00e1n Campa\u00f1a Testamentos 2019; son a bajo costo"},"content":{"rendered":"<p><a href=\"https:\/\/www.diarioimagen.net\/?attachment_id=443671\" rel=\"attachment wp-att-443671\"><img loading=\"lazy\" decoding=\"async\" class=\"aligncenter size-large wp-image-443671\" src=\"https:\/\/www.diarioimagen.net\/wp-content\/uploads\/2019\/09\/CUAUTITL\u00c1N-24-460x355.jpg\" alt=\"\" width=\"460\" height=\"355\" srcset=\"https:\/\/www.diarioimagen.net\/wp-content\/uploads\/2019\/09\/CUAUTITL\u00c1N-24-460x355.jpg 460w, https:\/\/www.diarioimagen.net\/wp-content\/uploads\/2019\/09\/CUAUTITL\u00c1N-24-240x185.jpg 240w, https:\/\/www.diarioimagen.net\/wp-content\/uploads\/2019\/09\/CUAUTITL\u00c1N-24-768x593.jpg 768w, https:\/\/www.diarioimagen.net\/wp-content\/uploads\/2019\/09\/CUAUTITL\u00c1N-24.jpg 960w\" sizes=\"auto, (max-width: 460px) 100vw, 460px\" \/><\/a><\/p>\n<p>&nbsp;<\/p>\n<p><strong>Cuautitl\u00e1n, Estado de M\u00e9xico<\/strong>.- En apoyo a las personas interesadas en realizar su testamento a bajo costo el Sistema Municipal DIF de Cuautitl\u00e1n, a trav\u00e9s de la Procuradur\u00eda Municipal de Protecci\u00f3n, de Ni\u00f1as, Ni\u00f1os y Adolescentes, lleva a cabo la campa\u00f1a \u201cTestamentos 2019\u201d, con el cual se ver\u00e1n beneficiadas decenas de familias cuautitlenses.<\/p>\n<p>Este mecanismo legal es el testimonio de la voluntad a quien designe la persona, despu\u00e9s de su fallecimiento sobre el destino de sus bienes y en muchos casos evita conflictos entre las familias y otras personas ajenas, inform\u00f3 la dependencia.<\/p>\n<p>Con este programa subsidiado por el DIF, se hace una invitaci\u00f3n a todos los vecinos para que conozcan los apoyos que les permitan dar certeza jur\u00eddica a la familia, a trav\u00e9s de un documento donde se exprese la \u00faltima voluntad.<\/p>\n","protected":false},"excerpt":{"rendered":"<p>En apoyo a las personas interesadas en realizar su testamento a bajo costo el Sistema Municipal DIF de Cuautitl\u00e1n, a trav\u00e9s de la Procuradur\u00eda Municipal de Protecci\u00f3n, de Ni\u00f1as, Ni\u00f1os y Adolescentes, lleva a cabo la campa\u00f1a \u201cTestamentos 2019\u201d, con el cual se ver\u00e1n beneficiadas decenas de familias cuautitlenses.<\/p>\n","protected":false},"author":3,"featured_media":443671,"comment_status":"open","ping_status":"open","sticky":false,"template":"","format":"standard","meta":{"_monsterinsights_skip_tracking":false,"_monsterinsights_sitenote_active":false,"_monsterinsights_sitenote_note":"","_monsterinsights_sitenote_category":0,"footnotes":""},"categories":[5],"tags":[75742,681,43675],"class_list":["post-443595","post","type-post","status-publish","format-standard","has-post-thumbnail","hentry","category-estado-de-mexico","tag-bajo-costo","tag-cuautitlan","tag-estado-de-mexico"],"_links":{"self":[{"href":"https:\/\/www.diarioimagen.net\/index.php?rest_route=\/wp\/v2\/posts\/443595","targetHints":{"allow":["GET"]}}],"collection":[{"href":"https:\/\/www.diarioimagen.net\/index.php?rest_route=\/wp\/v2\/posts"}],"about":[{"href":"https:\/\/www.diarioimagen.net\/index.php?rest_route=\/wp\/v2\/types\/post"}],"author":[{"embeddable":true,"href":"https:\/\/www.diarioimagen.net\/index.php?rest_route=\/wp\/v2\/users\/3"}],"replies":[{"embeddable":true,"href":"https:\/\/www.diarioimagen.net\/index.php?rest_route=%2Fwp%2Fv2%2Fcomments&post=443595"}],"version-history":[{"count":0,"href":"https:\/\/www.diarioimagen.net\/index.php?rest_route=\/wp\/v2\/posts\/443595\/revisions"}],"wp:featuredmedia":[{"embeddable":true,"href":"https:\/\/www.diarioimagen.net\/index.php?rest_route=\/wp\/v2\/media\/443671"}],"wp:attachment":[{"href":"https:\/\/www.diarioimagen.net\/index.php?rest_route=%2Fwp%2Fv2%2Fmedia&parent=443595"}],"wp:term":[{"taxonomy":"category","embeddable":true,"href":"https:\/\/www.diarioimagen.net\/index.php?rest_route=%2Fwp%2Fv2%2Fcategories&post=443595"},{"taxonomy":"post_tag","embeddable":true,"href":"https:\/\/www.diarioimagen.net\/index.php?rest_route=%2Fwp%2Fv2%2Ftags&post=443595"}],"curies":[{"name":"wp","href":"https:\/\/api.w.org\/{rel}","templated":true}]}}