{"id":443614,"date":"2019-09-24T00:02:32","date_gmt":"2019-09-24T05:02:32","guid":{"rendered":"https:\/\/www.diarioimagen.net\/?p=443614"},"modified":"2019-09-24T01:51:03","modified_gmt":"2019-09-24T06:51:03","slug":"oye-lopez-para-tu-carro-fox-a-amlo","status":"publish","type":"post","link":"https:\/\/www.diarioimagen.net\/?p=443614","title":{"rendered":"\u201cOye, L\u00f3pez, para tu carro\u201d, Fox a AMLO"},"content":{"rendered":"<h2>La Retaguardia<\/h2>\n<h5>Adriana Moreno Cordero<\/h5>\n<p><em>\u00a0<\/em><\/p>\n<ul>\n<li><strong><em>El ex presidente promete \u201csacar a L\u00f3pez Obrador de Palacio Nacional\u201d<\/em><\/strong><\/li>\n<\/ul>\n<p>&nbsp;<\/p>\n<p>Si el Partido Acci\u00f3n Nacional quiere realmente convertirse en un contrapeso en esta llamada Cuarta Transformaci\u00f3n, no est\u00e1 optando por el camino correcto.<\/p>\n<p>En esto coinciden diversos analistas, sobre todo cuando se pudo observar la manera en que en la celebraci\u00f3n de su 80 aniversario, recibieron de nueva cuenta en sus filas, ni m\u00e1s ni menos que al ex presidente <strong>Vicente Fox Quezada<\/strong>.<\/p>\n<p>Si bien es cierto que el ex mandatario que consigui\u00f3, como \u00e9l mismo lo dec\u00eda en sus m\u00edtines de campa\u00f1a, hace ya casi veinte a\u00f1os, \u201csacar al PRI de Los Pinos\u201d se convirti\u00f3 en todo un fen\u00f3meno por haber sido el protagonista de la transici\u00f3n en M\u00e9xico, eso no quiere decir que as\u00ed nada m\u00e1s, como por arte de magia.<\/p>\n<p>Los militantes del partido albiceleste han olvidado que el guanajuatense mucho trabaj\u00f3 para que, en su momento, ganara la Presidencia de la Rep\u00fablica <strong>Enrique Pe\u00f1a Nieto<\/strong> y antes reneg\u00f3 del partido que lo llev\u00f3 de ser vendedor de una empresa refresquera a presidente de un pa\u00eds, e igualmente influy\u00f3 para que por ejemplo, la ex candidata presidencial de Acci\u00f3n Nacional, <strong>Josefina V\u00e1zquez Mota<\/strong>, -a quien le llamaba \u201cLa Jefa\u201d y la reverenciaba-, terminara por desmoronarse en sus afanes presidenciales.<\/p>\n<p>Asimismo, en las m\u00e1s recientes elecciones, Fox se pronunci\u00f3 abiertamente por el candidato del PRI, <strong>Jos\u00e9 Antonio Meade Kuribre\u00f1a<\/strong>.<\/p>\n<p>Ahora el guanajuatense de las botas retorna por los fueros del partido de su origen para llamar a conformar un frente para \u201cdarle en la madre a Morena\u201d y a todos los panistas se les olvid\u00f3 la forma en c\u00f3mo reneg\u00f3 de ese instituto pol\u00edtico el ex presidente, al tiempo que al dirigente del partido albiceleste, <strong>Marko Cort\u00e9s<\/strong>, le dio amnesia circunstancial y arenga que el PAN est\u00e1 abierto a todo aquel que quiera regresar y que si Vicente Fox puede representar un activo, qu\u00e9 importa lo que haya hecho; todo se va al pasado.<\/p>\n<p>Legisladores y ex legisladores albicelestes como <strong>Mariana G\u00f3mez del Campo<\/strong>; el actual vicepresidente de la Mesa Directiva de la C\u00e1mara de Diputados, <strong>Marco Adame<\/strong> y la senadora <strong>Kenia L\u00f3pez Rabad\u00e1n<\/strong>, no dudaron ni un instante en darle la bienvenida al ex presidente de la gesti\u00f3n fr\u00edvola y todo en nombre de la unidad.<\/p>\n<p>Y todo apapachado, Fox se sinti\u00f3 con \u00e1nimos de retar al presidente Andr\u00e9s Manuel L\u00f3pez Obrador al reconvenirlo: \u201cOye L\u00f3pez, para tu carro\u201d.<\/p>\n<p>Pocas son las cosas que ha dicho en las que ha tenido raz\u00f3n el ex presidente, ahora panista redimido, pero en la que s\u00ed no le falta, es cuando se\u00f1al\u00f3 en la Asamblea panista que actualmente el pa\u00eds se encuentra \u201cen manos de un mes\u00edas que no tiene objetividad\u2026 L\u00f3pez nos est\u00e1 arrasando porque no hay oposici\u00f3n\u201d.<\/p>\n<p>Hasta ah\u00ed vamos bien, pero se ve sumamente dif\u00edcil que sea precisamente Vicente Fox el que se vaya a convertir en el l\u00edder anti AMLO que como\u00a0\u00a0 prometi\u00f3, sacar\u00e1 al tabasque\u00f1o de Palacio Nacional. Se requiere mucho m\u00e1s sin duda; se necesita una oposici\u00f3n seria y consistente que al paso del tiempo se vaya fortaleciendo.<\/p>\n<p>Efectivamente y como el guanajuatense lo anotara, no se trata de \u201centrar en el callej\u00f3n de los trancazos a ver qui\u00e9n gana\u201d, pero tampoco es cuesti\u00f3n de que nada m\u00e1s porque \u00e9l lo anunci\u00f3 con \u201cbombos y platillos\u201d, la situaci\u00f3n va a cambiar. El guanajuatense carece de la autoridad para convocar a la conformaci\u00f3n de este movimiento de oposici\u00f3n; o sea, \u00e9l no es la figura.<\/p>\n<p>C\u00f3mo estar\u00e1 la cosa que hasta el PRD, partido que est\u00e1 a punto de desmoronarse, de plano le hizo el \u201cfuchi\u201d, (nada m\u00e1s le falt\u00f3 el \u201cgu\u00e1cala\u201d), a la convocatoria de Fox.<\/p>\n<p style=\"text-align: center;\"><strong>Municiones<\/strong><\/p>\n<p>*** Una buena noticia, los edificios de la Ciudad Judicial, \u201cPorfirio D\u00edaz Soldado de la Patria\u201d, ya son patrimonio de los oaxaque\u00f1os ya que este a\u00f1o, el gobierno de <strong>Alejandro Murat<\/strong> liquid\u00f3 anticipadamente la deuda de Ciudad Judicial, generando un ahorro de m\u00e1s de mil 300 millones de pesos a Oaxaca.<\/p>\n<p>*** Durante la Vig\u00e9sima Cuarta Asamblea Nacional Ordinaria y en el marco del 80 Aniversario del PAN,\u00a0300 integrantes del Consejo Nacional 2019-2022, delegados nacionales, legisladores federales y locales, dirigentes estatales y municipales, consejeros vitalicios, gobernadores, alcaldes y militantes, se\u00f1al\u00f3 que Acci\u00f3n Nacional buscar\u00e1 consensos con las diversas fuerzas sociales y pol\u00edticas para frenar el proyecto caudillista y\u00a0\u00a0\u00a0autoritario que amenaza el futuro del pa\u00eds.<\/p>\n<p>El detalle fue el desaire de algunos gobernadores de extracci\u00f3n panistas que tambi\u00e9n hicieron el \u201cfuchi, guacala\u201d a Marko Cortes. Otro detalle, al gobernador de Tamaulipas, <strong>Francisco Garc\u00eda Cabeza de Vaca<\/strong>, en el \u201caplaus\u00f3metro\u201d. le fue bastante bien.<\/p>\n<p>*** Ya desde ayer, los \u201cmaestros\u201d de la Coordinadora Nacional de Trabajadores de la Educaci\u00f3n, se enfilaron hacia el Senado de la Rep\u00fablica con el objetivo de sitiarlo, una vez que esta instancia legislativa, recibi\u00f3 de la C\u00e1mara de Diputados las leyes reglamentarias de la reforma constitucional en materia educativa, que en Comisiones se discutir\u00e1 hoy por la tarde y los \u201cmentores\u201d esperan\u00a0 que no se les cambie \u201cni una coma\u201d a sus leyes.<\/p>\n<p>Por su parte, la presidenta de la Mesa Directiva de la C\u00e1mara Alta, <strong>M\u00f3nica Fern\u00e1ndez Balboa<\/strong>, declar\u00f3:\u00a0 \u201chabremos de revisar con absoluta responsabilidad, apertura y di\u00e1logo la Ley General de Educaci\u00f3n, la Ley Reglamentaria sobre Mejora Continua de la Educaci\u00f3n y la Ley General del Sistema para la Carrera de las Maestras y los Maestros\u201d.<\/p>\n<p>Pero sin duda, los senadores la tendr\u00e1n mucho m\u00e1s tranquila que los diputados, pues estas Leyes Secundarias s\u00f3lo requieren de mayor\u00eda simple, as\u00ed que, la \u201caplanadora\u201d morenista, junto con sus aliados PES, PT y ahora hasta el PVEM, con su flamante coordinador Manuel Velasco, la alcanzan, \u201ccon la mano en la cintura\u201d.<\/p>\n<p>Sin embargo, la senadora Fern\u00e1ndez Balboa no se deber\u00eda \u201cdormir en sus laureles\u201d, ya que deber\u00eda tomar algunas medidas para evitar el relajo que seguramente armar\u00e1n los alrededor de cinco mil \u201cmaestros\u201d.<\/p>\n<p>*** La diputada local <strong>Azucena Cisneros<\/strong>, de la bancada de Morena, al rendir su primer informe de labores ante sus votantes en el Estado de M\u00e9xico hizo un llamado a ser propositivos, se\u00f1alar los excesos, privilegios y corrupci\u00f3n oficial en aquella entidad. la legisladora mexiquense reconoci\u00f3 que no ha sido f\u00e1cil avanzar en la transformaci\u00f3n de la entidad, pues las viejas estructuras de poder se resisten y suelen poner piedras en el camino del cambio de r\u00e9gimen. \u201cNuestro Congreso debe ser la caja de resonancia del di\u00e1logo y las buenas pr\u00e1cticas legislativas. Tenemos la obligaci\u00f3n de ser propositivos y se\u00f1alar los excesos, los privilegios y la corrupci\u00f3n oficial, sin concesiones\u201d.<\/p>\n<p><a href=\"mailto:morcora@gmail.com\" target=\"_blank\" rel=\"noopener noreferrer\"><em>morcora@gmail.com<\/em><\/a><\/p>\n","protected":false},"excerpt":{"rendered":"<p><span style=\"color: #005497;\"><strong>Adriana Moreno Cordero<\/strong><\/span><\/p>\n","protected":false},"author":3,"featured_media":0,"comment_status":"open","ping_status":"open","sticky":false,"template":"","format":"standard","meta":{"_monsterinsights_skip_tracking":false,"_monsterinsights_sitenote_active":false,"_monsterinsights_sitenote_note":"","_monsterinsights_sitenote_category":0,"footnotes":""},"categories":[69370],"tags":[69369,69368,43674],"class_list":["post-443614","post","type-post","status-publish","format-standard","hentry","category-adriana-moreno-cordero","tag-adriana-moreno-cordero","tag-la-retaguardia","tag-opinion"],"_links":{"self":[{"href":"https:\/\/www.diarioimagen.net\/index.php?rest_route=\/wp\/v2\/posts\/443614","targetHints":{"allow":["GET"]}}],"collection":[{"href":"https:\/\/www.diarioimagen.net\/index.php?rest_route=\/wp\/v2\/posts"}],"about":[{"href":"https:\/\/www.diarioimagen.net\/index.php?rest_route=\/wp\/v2\/types\/post"}],"author":[{"embeddable":true,"href":"https:\/\/www.diarioimagen.net\/index.php?rest_route=\/wp\/v2\/users\/3"}],"replies":[{"embeddable":true,"href":"https:\/\/www.diarioimagen.net\/index.php?rest_route=%2Fwp%2Fv2%2Fcomments&post=443614"}],"version-history":[{"count":0,"href":"https:\/\/www.diarioimagen.net\/index.php?rest_route=\/wp\/v2\/posts\/443614\/revisions"}],"wp:attachment":[{"href":"https:\/\/www.diarioimagen.net\/index.php?rest_route=%2Fwp%2Fv2%2Fmedia&parent=443614"}],"wp:term":[{"taxonomy":"category","embeddable":true,"href":"https:\/\/www.diarioimagen.net\/index.php?rest_route=%2Fwp%2Fv2%2Fcategories&post=443614"},{"taxonomy":"post_tag","embeddable":true,"href":"https:\/\/www.diarioimagen.net\/index.php?rest_route=%2Fwp%2Fv2%2Ftags&post=443614"}],"curies":[{"name":"wp","href":"https:\/\/api.w.org\/{rel}","templated":true}]}}