{"id":443622,"date":"2019-09-24T00:04:29","date_gmt":"2019-09-24T05:04:29","guid":{"rendered":"https:\/\/www.diarioimagen.net\/?p=443622"},"modified":"2019-09-24T02:01:00","modified_gmt":"2019-09-24T07:01:00","slug":"el-pan-sin-rumbo","status":"publish","type":"post","link":"https:\/\/www.diarioimagen.net\/?p=443622","title":{"rendered":"El PAN sin rumbo"},"content":{"rendered":"<h2>Punto por punto<\/h2>\n<h5>Augusto Corro<\/h5>\n<p>&nbsp;<\/p>\n<p>El Partido Acci\u00f3n Nacional (PAN) cerr\u00f3 de la peor manera la fiesta de sus ochenta a\u00f1os de vida. Sin figuras relevantes en su dirigencia resucit\u00f3 al ex mandatario Vicente Fox como abanderado en la lucha pol\u00edtica contra la Cuarta Transformaci\u00f3n (4T), que encabeza el presidente Andr\u00e9s Manuel L\u00f3pez Obrador.<\/p>\n<p>Los panistas no pudieron encontrar a peor l\u00edder que el guanajuatense para que los encabece en el contrapeso de la oposici\u00f3n.<\/p>\n<p>En una reuni\u00f3n de j\u00f3venes, el ex presidente Fox reapareci\u00f3 como espont\u00e1neo e inform\u00f3 que se entrevist\u00f3 con los dirigentes de los otros partidos de la oposici\u00f3n para integrar un frente com\u00fan.<\/p>\n<p>El hecho de que el esposo de Martita se convierta en el eje de la lucha panista nos dice que en el partido no hay alguien, no encuentran a la persona id\u00f3nea,\u00a0 con la suficiente fuerza para ponerlo de pie, resucitarlo.<\/p>\n<p>En las elecciones presidenciales recientes, Ricardo Anaya, el candidato blanquiazul, tuvo una participaci\u00f3n desastrosa. Echar a andar el partido no ser\u00e1 f\u00e1cil. Y menos con personajes como Fox, que nunca fue blanquiazul, sino un vivales de la pol\u00edtica.<\/p>\n<p>Sobran los ejemplos de las traiciones del guanajuatense a su dizque organizaci\u00f3n pol\u00edtica. Cuando gan\u00f3 la presidencia de la Rep\u00fablica gobern\u00f3 con el priismo abusivo. Humill\u00f3 a la aspirante presidencial panista, Josefina V\u00e1zquez Mota. Apoy\u00f3 a los priistas Enrique Pe\u00f1a Nieto y a Jos\u00e9 Antonio Meade.<\/p>\n<p>Fox se dijo panista por el puro inter\u00e9s de conseguir el apoyo de alg\u00fan partido para satisfacer sus ambiciones personales. Fue m\u00e1s el da\u00f1o que le hizo al PAN con su p\u00e9sima administraci\u00f3n.<\/p>\n<p>Como si no fuera suficiente con las ridiculeces de Fox, el ex presidente, tambi\u00e9n panista, Felipe Calder\u00f3n Hinojosa, (a) \u201cEl Comandante Borolas\u201d, declar\u00f3 la guerra a la delincuencia organizada, con los resultados que todo mundo conoce.<\/p>\n<p>Se trat\u00f3 de dos sexenios desperdiciados, en los que M\u00e9xico qued\u00f3 envuelto en una espiral de violencia que nadie puede abatirla. Miles de personas perdieron la vida. Un sinn\u00famero de ni\u00f1os quedaron en la orfandad, etc\u00e9tera.<\/p>\n<p>Claro que Fox y Calder\u00f3n ayudaron para que el PAN terminara en las ruinas. Aunque fueron todos sus dirigentes quienes propiciaron el divisionismo, la ca\u00edda derivada de ambiciones personales.<\/p>\n<p>El partido blanquiazul, fundado en 1939, perdi\u00f3 su esencia, poco a poco. En 1988 se desdibuj\u00f3 ideol\u00f3gicamente cuando se ali\u00f3 con el PRI para gobernar. En 2000 gan\u00f3 la Presidencia de la Rep\u00fablica para Fox, pero quien mandaba era Martita.<\/p>\n<p>Se acumularon los errores en Acci\u00f3n Nacional. Calder\u00f3n intent\u00f3 apoderarse del partido. Casi lo logra. Aunque se resinti\u00f3 porque no pudo hacer diputada plurinominal a su esposa Margarita Zavala.<\/p>\n<p>Los blanquiazules tampoco la eligieron como candidata presidencial. Se inclinaron por el \u201cjoven maravilla\u201d, Ricardo Anaya que result\u00f3 un fiasco. La ambici\u00f3n de este panista propici\u00f3 una divisi\u00f3n interna que se tradujo en renuncias de distinguidos militantes.<\/p>\n<p>Ahora, el fracasado candidato empez\u00f3 a buscar la manera de regresar al redil. Seguramente desde formar parte del grupo de contrapeso adversario al presidente L\u00f3pez Obrador.<\/p>\n<p>Anaya, Fox y Calder\u00f3n tienen en la mente participar, directa o indirectamente, en las elecciones intermedias del 2021 para arrebatarle la mayor\u00eda legislativa en la C\u00e1mara de Diputados al partido Movimiento de Regeneraci\u00f3n Nacional (Morena).<\/p>\n<p>De los tres pol\u00edticos mencionados, Anaya, Fox y Calder\u00f3n, solo el michoacano busca las bases partidistas para participar en la contienda, aunque se encuentra muy lejos de formar su organizaci\u00f3n pol\u00edtica \u201cM\u00e9xico Libre\u201d. La gente no va a sus asambleas, ni quiere meterse en una aventura.<\/p>\n<p>El l\u00edder Marko Cort\u00e9s, quien celebr\u00f3 las palabras altisonantes de Fox, no tiene la menor idea de c\u00f3mo sacar al partido del atolladero en que lo metieron el guanajuatense, Calder\u00f3n y Anaya.<\/p>\n<p>Para que el PAN resurja de las cenizas y se reivindique hist\u00f3ricamente debe volver a sus or\u00edgenes doctrinales, humanistas, solidarios con el humilde, seg\u00fan consejo de comentaristas pol\u00edticos. \u00bfLo entender\u00e1n Fox, Calder\u00f3n y Anaya? \u00bfUsted qu\u00e9 opina amable lector?<\/p>\n<p><em><u><a href=\"mailto:aco2742@hotmail.com\" target=\"_blank\" rel=\"noopener noreferrer\">aco2742@hotmail.com<\/a><\/u><\/em><\/p>\n","protected":false},"excerpt":{"rendered":"<p><span style=\"color: #005497;\"><strong>Augusto Corro<\/strong><\/span><\/p>\n","protected":false},"author":3,"featured_media":0,"comment_status":"open","ping_status":"open","sticky":false,"template":"","format":"standard","meta":{"_monsterinsights_skip_tracking":false,"_monsterinsights_sitenote_active":false,"_monsterinsights_sitenote_note":"","_monsterinsights_sitenote_category":0,"footnotes":""},"categories":[157],"tags":[43686,43674,11515],"class_list":["post-443622","post","type-post","status-publish","format-standard","hentry","category-augusto-corro","tag-augusto-corro","tag-opinion","tag-punto-por-punto"],"_links":{"self":[{"href":"https:\/\/www.diarioimagen.net\/index.php?rest_route=\/wp\/v2\/posts\/443622","targetHints":{"allow":["GET"]}}],"collection":[{"href":"https:\/\/www.diarioimagen.net\/index.php?rest_route=\/wp\/v2\/posts"}],"about":[{"href":"https:\/\/www.diarioimagen.net\/index.php?rest_route=\/wp\/v2\/types\/post"}],"author":[{"embeddable":true,"href":"https:\/\/www.diarioimagen.net\/index.php?rest_route=\/wp\/v2\/users\/3"}],"replies":[{"embeddable":true,"href":"https:\/\/www.diarioimagen.net\/index.php?rest_route=%2Fwp%2Fv2%2Fcomments&post=443622"}],"version-history":[{"count":0,"href":"https:\/\/www.diarioimagen.net\/index.php?rest_route=\/wp\/v2\/posts\/443622\/revisions"}],"wp:attachment":[{"href":"https:\/\/www.diarioimagen.net\/index.php?rest_route=%2Fwp%2Fv2%2Fmedia&parent=443622"}],"wp:term":[{"taxonomy":"category","embeddable":true,"href":"https:\/\/www.diarioimagen.net\/index.php?rest_route=%2Fwp%2Fv2%2Fcategories&post=443622"},{"taxonomy":"post_tag","embeddable":true,"href":"https:\/\/www.diarioimagen.net\/index.php?rest_route=%2Fwp%2Fv2%2Ftags&post=443622"}],"curies":[{"name":"wp","href":"https:\/\/api.w.org\/{rel}","templated":true}]}}