{"id":443624,"date":"2019-09-24T00:03:09","date_gmt":"2019-09-24T05:03:09","guid":{"rendered":"https:\/\/www.diarioimagen.net\/?p=443624"},"modified":"2019-09-24T02:04:47","modified_gmt":"2019-09-24T07:04:47","slug":"sumisos-a-amlo","status":"publish","type":"post","link":"https:\/\/www.diarioimagen.net\/?p=443624","title":{"rendered":"Sumisos a AMLO"},"content":{"rendered":"<h2>Espacio Electoral<\/h2>\n<h5>Eleazar Flores<\/h5>\n<p>&nbsp;<\/p>\n<p><strong>Reforma Ilegal<\/strong>-. La contra reforma de la \u201cmal llamada reforma educativa\u201d de la era del \u201cpe\u00f1ismo\u201d est\u00e1 peor no por la sumisi\u00f3n de los diputados a los caprichos de la CNTE, sino por evidenciar una vez m\u00e1s la obediencia ciega de los legisladores morenos al padre de la cuarta transformaci\u00f3n.<\/p>\n<p>Si los legisladores opositores a los de Morena se aplicaran, con la mano en la cintura tirar\u00edan esa contra reforma que se aprob\u00f3 la semana pasada, siempre y cuando la Suprema Corte de Justicia de la Naci\u00f3n diera muestras de independencia del ejecutivo federal y declarara improcedentes estos aut\u00e9nticos\u00a0 remiendos hechos a la carrera y sin los pasos legales adecuados.<\/p>\n<p>Si lo duda, acuda a la documentada colaboraci\u00f3n en El Universal, del columnista Ricardo Raphael, ayer lunes, en el que se desnuda por un lado la ignorancia supina de los legisladores morenos para tratar un asunto capital como la reforma educativa, y por el otro la obediencia ciega de los legisladores hacia el presidente Andr\u00e9s Manuel L\u00f3pez Obrador.<\/p>\n<p>Y es que el mandatario se comprometi\u00f3 ante los dirigentes de la Coordinadora Nacional de Trabajadores de la Educaci\u00f3n, CNTE, a echar para atr\u00e1s la \u201cmal llamada reforma educativa\u201d que los integrantes de esta corriente magisterial no pueden ver ni en pintura por dos sencillas razones: primero la evaluaci\u00f3n y segundo, la asignaci\u00f3n de plazas por parte del gobierno.<\/p>\n<p>Los de la CNTE son ac\u00e9rrimos enemigos a ser evaluados por la sencilla raz\u00f3n de que se la pasan en marchas y manifestaciones, muy pocas veces en los salones de clase. Incluso los mentores participantes en marchas y manifestaciones eran recompensados de tres formas principales: darles dinero a quienes asist\u00edan a esos eventos y despu\u00e9s facilitarles cambios cuando los ped\u00edan. De los ascensos ni hablar.<\/p>\n<p>Pero analizando la documentada columna de Ricardo Raphael, titulada \u201cReforma Educativa por la fuerza\u201d, se\u00f1ala los procedimientos adecuados y los tiempos\u00a0 m\u00ednimos que deber\u00eda llevarse un legislador responsable para apenas conocer la nueva reforma a nivel de integrantes de la Comisi\u00f3n de Educaci\u00f3n, por lo que ni deber\u00eda pasarse para an\u00e1lisis de toda la C\u00e1mara.<\/p>\n<p>Conocedor profundo del tema educativo, Ricardo Raphael deber\u00eda cuando menos tener una respuesta a su postura, de parte del secretario Esteban Moctezuma Barrag\u00e1n, o bien solicitar a los reporteros madrugadores una opini\u00f3n al presidente L\u00f3pez Obrador, as\u00ed se expongan a la sobada salida de tener \u201cotros datos\u201d sobre el tema.<\/p>\n<p>Estos tiempos en los que hay una decisi\u00f3n unipersonal para hacer y deshacer no solo en el ejecutivo sino tambi\u00e9n en el legislativo, se reconfirma el dicho ya son otros tiempos y con protagonistas d\u00f3ciles a la voluntad presidencial.<\/p>\n<p><a href=\"mailto:elefa44@gmail.com\" target=\"_blank\" rel=\"noopener noreferrer\"><em>elefa44@gmail.com<\/em><\/a><\/p>\n","protected":false},"excerpt":{"rendered":"<p><span style=\"color: #005497;\"><strong>Eleazar Flores<\/strong><\/span><\/p>\n","protected":false},"author":3,"featured_media":0,"comment_status":"open","ping_status":"open","sticky":false,"template":"","format":"standard","meta":{"_monsterinsights_skip_tracking":false,"_monsterinsights_sitenote_active":false,"_monsterinsights_sitenote_note":"","_monsterinsights_sitenote_category":0,"footnotes":""},"categories":[81743],"tags":[81744,81776,43674],"class_list":["post-443624","post","type-post","status-publish","format-standard","hentry","category-eleazar-flores","tag-eleazar-flores","tag-espacio-electoral","tag-opinion"],"_links":{"self":[{"href":"https:\/\/www.diarioimagen.net\/index.php?rest_route=\/wp\/v2\/posts\/443624","targetHints":{"allow":["GET"]}}],"collection":[{"href":"https:\/\/www.diarioimagen.net\/index.php?rest_route=\/wp\/v2\/posts"}],"about":[{"href":"https:\/\/www.diarioimagen.net\/index.php?rest_route=\/wp\/v2\/types\/post"}],"author":[{"embeddable":true,"href":"https:\/\/www.diarioimagen.net\/index.php?rest_route=\/wp\/v2\/users\/3"}],"replies":[{"embeddable":true,"href":"https:\/\/www.diarioimagen.net\/index.php?rest_route=%2Fwp%2Fv2%2Fcomments&post=443624"}],"version-history":[{"count":0,"href":"https:\/\/www.diarioimagen.net\/index.php?rest_route=\/wp\/v2\/posts\/443624\/revisions"}],"wp:attachment":[{"href":"https:\/\/www.diarioimagen.net\/index.php?rest_route=%2Fwp%2Fv2%2Fmedia&parent=443624"}],"wp:term":[{"taxonomy":"category","embeddable":true,"href":"https:\/\/www.diarioimagen.net\/index.php?rest_route=%2Fwp%2Fv2%2Fcategories&post=443624"},{"taxonomy":"post_tag","embeddable":true,"href":"https:\/\/www.diarioimagen.net\/index.php?rest_route=%2Fwp%2Fv2%2Ftags&post=443624"}],"curies":[{"name":"wp","href":"https:\/\/api.w.org\/{rel}","templated":true}]}}