{"id":443641,"date":"2019-09-24T00:03:04","date_gmt":"2019-09-24T05:03:04","guid":{"rendered":"https:\/\/www.diarioimagen.net\/?p=443641"},"modified":"2019-09-24T02:43:04","modified_gmt":"2019-09-24T07:43:04","slug":"reconocimiento-2","status":"publish","type":"post","link":"https:\/\/www.diarioimagen.net\/?p=443641","title":{"rendered":"Reconocimiento"},"content":{"rendered":"<h2>Folclor urbano<\/h2>\n<h5>Salvador Estrada<\/h5>\n<p>&nbsp;<\/p>\n<p>Ya pas\u00f3 el temor entre los capitalinos y los habitantes de todo el pa\u00eds de que se repitiera el terremoto de hace 34 a\u00f1os que enlut\u00f3 a cientos de miles de familias mexicanas y destruy\u00f3 casas, escuelas, edificios y da\u00f1\u00f3 templos coloniales en la capital y en diversos estados de la Rep\u00fablica.<\/p>\n<p>Tambi\u00e9n se recuerda que hace dos a\u00f1os, tembl\u00f3 nuevamente y se cayeron casas, escuelas y se colapsaron condominios y las iglesias cat\u00f3licas del siglo XVIII sufrieron graves da\u00f1os y hasta en la catedral se \u201ccay\u00f3\u00a0 la fe\u201d, una escultura representativa de esa virtud\u00a0 teologal.<\/p>\n<p>Pero los da\u00f1os de esa desgracia catastr\u00f3fica del 85 se dieron a conocer ese d\u00eda por la XEX, gracias a la labor profesional de un periodista que se conect\u00f3 a la radiodifusora y con tel\u00e9fono en mano\u00a0 recorri\u00f3 en su autom\u00f3vil la ciudad y narr\u00f3 lo que encontr\u00f3 a su pas\u00f3: derrumbes y m\u00e1s derrumbes, edificios colapsados.<\/p>\n<p>Algo nunca visto, como si la ciudad hubiera sido bombardeada. Ambulancias por diversos rumbos trasladando heridos y muertos.<\/p>\n<p>El ulular de las sirenas anunciando su paso y los gritos y gemidos de los heridos\u00a0 se escuchaba en muchas partes de la ciudad<\/p>\n<p>Y \u00e9l que amaba la ciudad y conoc\u00eda muy bien el centro hist\u00f3rico, estaba estupefacto, no lo pod\u00eda creer, ve\u00eda at\u00f3nito una ciudad\u00a0 destruida, pero a la vez describ\u00eda y daba cuenta de c\u00f3mo se mov\u00edan los\u00a0 ciudadanos, hombres\u00a0 y mujeres, tratando de llevar ayuda a todas las zonas donde se ve\u00edan los derrumbes.<\/p>\n<p>Jacobo Zabludovsvky no par\u00f3 en su trabajo informativo hasta la noche en que lleg\u00f3 a los estudios de televisa en San \u00c1ngel, el edificio de Televisa en Ni\u00f1os\u00a0 H\u00e9roes estaba da\u00f1ado, se\u00a0 hab\u00eda\u00a0 ca\u00eddo\u00a0 su antena retrasmisora.<\/p>\n<p>Tambi\u00e9n hay que reconocer a todos los medios de comunicaci\u00f3n\u00a0 que informaron sin parar y a los reporteros que se la rifaron noche y d\u00eda y hacer una menci\u00f3n a los reporteros de 24 Horas que anduvieron de la seca a la meca y a Guillermo P\u00e9rez Verduzco, reportero non, que estuvo con\u00a0 los \u201ctopos\u201d y en la Cruz Roja y en las ruinas y\u00a0 que gan\u00f3 la primicia \u00a1rescatan\u00a0 a ni\u00f1os reci\u00e9n nacidos entre las ruinas del Hospital Ju\u00e1rez!<\/p>\n<p>Todos los medios de comunicaci\u00f3n dieron cuenta de lo sucedido, sobre todo las radiodifusoras, por su prontitud, y la prensa y la televisi\u00f3n no escatimaron esfuerzos en su labor informativa.<\/p>\n<p>Roberto Rock, empezaba su carrera, destac\u00f3 por sus cr\u00f3nicas del desastre en la ciudad que se publicaron en El Universal, y que ah\u00ed est\u00e1n en la Hemeroteca para su consulta.<\/p>\n<p>Jacobo, que fue el maestro de la informaci\u00f3n televisiva, debe ser\u00a0 recordado\u00a0 por\u00a0 su labor period\u00edstica en 1985 y que su nombre permanezca en la ciudad.<\/p>\n<p>Las autoridades capitalinas deben tenerlo presente y darle su nombre a un jard\u00edn o calle de la ciudad de M\u00e9xico porque defendi\u00f3 y am\u00f3 al Centro Hist\u00f3rico. Jacobo ha ganado esa distinci\u00f3n y se debe reconocer.<\/p>\n<p><em><a href=\"mailto:chavasec@yahoo.com.mx\" target=\"_blank\" rel=\"noopener noreferrer\">chavasec@yahoo.com.mx<\/a><\/em><\/p>\n","protected":false},"excerpt":{"rendered":"<p><span style=\"color: #005497;\"><strong>Salvador Estrada<\/strong><\/span><\/p>\n","protected":false},"author":3,"featured_media":0,"comment_status":"open","ping_status":"open","sticky":false,"template":"","format":"standard","meta":{"_monsterinsights_skip_tracking":false,"_monsterinsights_sitenote_active":false,"_monsterinsights_sitenote_note":"","_monsterinsights_sitenote_category":0,"footnotes":""},"categories":[41601],"tags":[41599,43674,41600],"class_list":["post-443641","post","type-post","status-publish","format-standard","hentry","category-salvador-estrada-opinion","tag-folclor-urbano","tag-opinion","tag-salvador-estrada"],"_links":{"self":[{"href":"https:\/\/www.diarioimagen.net\/index.php?rest_route=\/wp\/v2\/posts\/443641","targetHints":{"allow":["GET"]}}],"collection":[{"href":"https:\/\/www.diarioimagen.net\/index.php?rest_route=\/wp\/v2\/posts"}],"about":[{"href":"https:\/\/www.diarioimagen.net\/index.php?rest_route=\/wp\/v2\/types\/post"}],"author":[{"embeddable":true,"href":"https:\/\/www.diarioimagen.net\/index.php?rest_route=\/wp\/v2\/users\/3"}],"replies":[{"embeddable":true,"href":"https:\/\/www.diarioimagen.net\/index.php?rest_route=%2Fwp%2Fv2%2Fcomments&post=443641"}],"version-history":[{"count":0,"href":"https:\/\/www.diarioimagen.net\/index.php?rest_route=\/wp\/v2\/posts\/443641\/revisions"}],"wp:attachment":[{"href":"https:\/\/www.diarioimagen.net\/index.php?rest_route=%2Fwp%2Fv2%2Fmedia&parent=443641"}],"wp:term":[{"taxonomy":"category","embeddable":true,"href":"https:\/\/www.diarioimagen.net\/index.php?rest_route=%2Fwp%2Fv2%2Fcategories&post=443641"},{"taxonomy":"post_tag","embeddable":true,"href":"https:\/\/www.diarioimagen.net\/index.php?rest_route=%2Fwp%2Fv2%2Ftags&post=443641"}],"curies":[{"name":"wp","href":"https:\/\/api.w.org\/{rel}","templated":true}]}}