{"id":443735,"date":"2019-09-25T00:01:10","date_gmt":"2019-09-25T05:01:10","guid":{"rendered":"https:\/\/www.diarioimagen.net\/?p=443735"},"modified":"2019-09-25T01:20:40","modified_gmt":"2019-09-25T06:20:40","slug":"universidades-deben-contar-con-autogobierno-plena-libertad-de-catedra-y-quehacer-cientifico","status":"publish","type":"post","link":"https:\/\/www.diarioimagen.net\/?p=443735","title":{"rendered":"Universidades deben contar con autogobierno, plena libertad de c\u00e1tedra y quehacer cient\u00edfico"},"content":{"rendered":"<ul>\n<li><strong><em>Sostuvo el investigador Jaime Hern\u00e1ndez D\u00edaz<\/em><\/strong><\/li>\n<\/ul>\n<p>&nbsp;<\/p>\n<div id=\"attachment_443819\" style=\"width: 470px\" class=\"wp-caption aligncenter\"><a href=\"https:\/\/www.diarioimagen.net\/?attachment_id=443819\" rel=\"attachment wp-att-443819\"><img loading=\"lazy\" decoding=\"async\" aria-describedby=\"caption-attachment-443819\" class=\"size-large wp-image-443819\" src=\"https:\/\/www.diarioimagen.net\/wp-content\/uploads\/2019\/09\/UAEM-25-460x259.jpg\" alt=\"\" width=\"460\" height=\"259\" srcset=\"https:\/\/www.diarioimagen.net\/wp-content\/uploads\/2019\/09\/UAEM-25-460x259.jpg 460w, https:\/\/www.diarioimagen.net\/wp-content\/uploads\/2019\/09\/UAEM-25-240x135.jpg 240w, https:\/\/www.diarioimagen.net\/wp-content\/uploads\/2019\/09\/UAEM-25-235x132.jpg 235w, https:\/\/www.diarioimagen.net\/wp-content\/uploads\/2019\/09\/UAEM-25-202x114.jpg 202w, https:\/\/www.diarioimagen.net\/wp-content\/uploads\/2019\/09\/UAEM-25-350x196.jpg 350w, https:\/\/www.diarioimagen.net\/wp-content\/uploads\/2019\/09\/UAEM-25-220x123.jpg 220w, https:\/\/www.diarioimagen.net\/wp-content\/uploads\/2019\/09\/UAEM-25-237x132.jpg 237w, https:\/\/www.diarioimagen.net\/wp-content\/uploads\/2019\/09\/UAEM-25.jpg 480w\" sizes=\"auto, (max-width: 460px) 100vw, 460px\" \/><\/a><p id=\"caption-attachment-443819\" class=\"wp-caption-text\">El rector de la UAEM, Alfredo Barrera Baca, asisti\u00f3 a la presentaci\u00f3n del libro \u201cLa autonom\u00eda universitaria en M\u00e9xico\u201d. De la experiencia nicolaita de 1917 al M\u00e9xico del siglo XXI.<\/p><\/div>\n<p>&nbsp;<\/p>\n<p><strong>Toluca, Estado de M\u00e9xico<\/strong>.\u2013 Para garantizar su autonom\u00eda, las universidades deben contar con la capacidad de autogobernarse, as\u00ed como plena libertad de c\u00e1tedra y quehacer cient\u00edfico, sostuvo el investigador Jaime Hern\u00e1ndez D\u00edaz, durante el Congreso Internacional sobre Autonom\u00eda, Democracia y Gobierno Universitario de la Universidad Aut\u00f3noma del Estado de M\u00e9xico.<\/p>\n<p>Al presentar el libro La autonom\u00eda universitaria en M\u00e9xico. De la experiencia nicolaita de 1917 al M\u00e9xico del siglo XXI, el experto en historia y derecho manifest\u00f3 que, por esencia, las universidades son espacios de libertad, de libre an\u00e1lisis y quehacer cient\u00edfico, por lo que dichos centros educativos deben continuar siendo zonas para ejercer las libertades.<\/p>\n<p>En la Sala \u201cDr. Gustavo Baz Prada\u201d del Edificio de Rector\u00eda, donde se dio cita el rector Alfredo Barrera Baca y el director de la Facultad de Humanidades, Fernando D\u00edaz Ortega, destac\u00f3 que la aportaci\u00f3n hist\u00f3rica de la obra que coordin\u00f3 es que el car\u00e1cter auton\u00f3mico de la Universidad Michoacana de San Nicol\u00e1s de Hidalgo se estableci\u00f3 en 1917, por el entonces gobernador Pascual Ortiz Rubio.<\/p>\n<p>El ex rector de la Universidad Michoacana de San Nicol\u00e1s de Hidalgo, asever\u00f3 que la inspiraci\u00f3n de quien fuera despu\u00e9s presidente de M\u00e9xico e integrante del periodo reconocido hist\u00f3ricamente como el Maximato, prevalece en la actualidad, pues los ideales liberales de Ortiz Rubio apuntaban a evitar que el estado interviniera en la vida pol\u00edtica de las universidades y existiera plena libertad de pensamiento.<\/p>\n<p>Jaime Hern\u00e1ndez D\u00edaz indic\u00f3 que el libro re\u00fane textos de destacados investigadores que ofrecen un amplio panorama de la autonom\u00eda universitaria y su relaci\u00f3n con el derecho y algunas tesis discutidas por la Suprema Corte de Justicia de la Naci\u00f3n (SCJN), la transparencia y los derechos humanos.<\/p>\n<p>Al comentar la obra que se realiz\u00f3 en conmemoraci\u00f3n al centenario de la Universidad Michoacana hace dos a\u00f1os, el investigador de la Facultad de Humanidades de la UAEM, Carlos Alfonso Ledesma Ibarra, se\u00f1al\u00f3 que se trata de un texto obligado para los universitarios, que adem\u00e1s de su amplia reflexi\u00f3n en torno a la autonom\u00eda universitaria, cuenta con un acervo documental e hist\u00f3rico.<\/p>\n","protected":false},"excerpt":{"rendered":"<p>Para garantizar su autonom\u00eda, las universidades deben contar con la capacidad de autogobernarse, as\u00ed como plena libertad de c\u00e1tedra y quehacer cient\u00edfico, sostuvo el investigador Jaime Hern\u00e1ndez D\u00edaz, durante el Congreso Internacional sobre Autonom\u00eda, Democracia y Gobierno Universitario de la Universidad Aut\u00f3noma del Estado de M\u00e9xico.<\/p>\n","protected":false},"author":3,"featured_media":443819,"comment_status":"open","ping_status":"open","sticky":false,"template":"","format":"standard","meta":{"_monsterinsights_skip_tracking":false,"_monsterinsights_sitenote_active":false,"_monsterinsights_sitenote_note":"","_monsterinsights_sitenote_category":0,"footnotes":""},"categories":[5],"tags":[43675,17041,87896,452,1490],"class_list":["post-443735","post","type-post","status-publish","format-standard","has-post-thumbnail","hentry","category-estado-de-mexico","tag-estado-de-mexico","tag-libertad","tag-plena","tag-toluca","tag-universidad-autonoma-del-estado-de-mexico"],"_links":{"self":[{"href":"https:\/\/www.diarioimagen.net\/index.php?rest_route=\/wp\/v2\/posts\/443735","targetHints":{"allow":["GET"]}}],"collection":[{"href":"https:\/\/www.diarioimagen.net\/index.php?rest_route=\/wp\/v2\/posts"}],"about":[{"href":"https:\/\/www.diarioimagen.net\/index.php?rest_route=\/wp\/v2\/types\/post"}],"author":[{"embeddable":true,"href":"https:\/\/www.diarioimagen.net\/index.php?rest_route=\/wp\/v2\/users\/3"}],"replies":[{"embeddable":true,"href":"https:\/\/www.diarioimagen.net\/index.php?rest_route=%2Fwp%2Fv2%2Fcomments&post=443735"}],"version-history":[{"count":0,"href":"https:\/\/www.diarioimagen.net\/index.php?rest_route=\/wp\/v2\/posts\/443735\/revisions"}],"wp:featuredmedia":[{"embeddable":true,"href":"https:\/\/www.diarioimagen.net\/index.php?rest_route=\/wp\/v2\/media\/443819"}],"wp:attachment":[{"href":"https:\/\/www.diarioimagen.net\/index.php?rest_route=%2Fwp%2Fv2%2Fmedia&parent=443735"}],"wp:term":[{"taxonomy":"category","embeddable":true,"href":"https:\/\/www.diarioimagen.net\/index.php?rest_route=%2Fwp%2Fv2%2Fcategories&post=443735"},{"taxonomy":"post_tag","embeddable":true,"href":"https:\/\/www.diarioimagen.net\/index.php?rest_route=%2Fwp%2Fv2%2Ftags&post=443735"}],"curies":[{"name":"wp","href":"https:\/\/api.w.org\/{rel}","templated":true}]}}