{"id":443754,"date":"2019-09-25T00:05:59","date_gmt":"2019-09-25T05:05:59","guid":{"rendered":"https:\/\/www.diarioimagen.net\/?p=443754"},"modified":"2019-09-25T01:26:31","modified_gmt":"2019-09-25T06:26:31","slug":"arranca-programa-informatico-que-promueve-el-dif-huixquilucan","status":"publish","type":"post","link":"https:\/\/www.diarioimagen.net\/?p=443754","title":{"rendered":"Arranca programa inform\u00e1tico que promueve el DIF Huixquilucan"},"content":{"rendered":"<ul>\n<li><strong><em>Escuelas reciben equipo de c\u00f3mputo<\/em><\/strong><\/li>\n<\/ul>\n<p>&nbsp;<\/p>\n<div id=\"attachment_443829\" style=\"width: 470px\" class=\"wp-caption aligncenter\"><a href=\"https:\/\/www.diarioimagen.net\/?attachment_id=443829\" rel=\"attachment wp-att-443829\"><img loading=\"lazy\" decoding=\"async\" aria-describedby=\"caption-attachment-443829\" class=\"size-large wp-image-443829\" src=\"https:\/\/www.diarioimagen.net\/wp-content\/uploads\/2019\/09\/HUIXQUILUCAN-25-460x259.jpg\" alt=\"\" width=\"460\" height=\"259\" srcset=\"https:\/\/www.diarioimagen.net\/wp-content\/uploads\/2019\/09\/HUIXQUILUCAN-25-460x259.jpg 460w, https:\/\/www.diarioimagen.net\/wp-content\/uploads\/2019\/09\/HUIXQUILUCAN-25-240x135.jpg 240w, https:\/\/www.diarioimagen.net\/wp-content\/uploads\/2019\/09\/HUIXQUILUCAN-25-235x132.jpg 235w, https:\/\/www.diarioimagen.net\/wp-content\/uploads\/2019\/09\/HUIXQUILUCAN-25-202x114.jpg 202w, https:\/\/www.diarioimagen.net\/wp-content\/uploads\/2019\/09\/HUIXQUILUCAN-25-350x196.jpg 350w, https:\/\/www.diarioimagen.net\/wp-content\/uploads\/2019\/09\/HUIXQUILUCAN-25-220x123.jpg 220w, https:\/\/www.diarioimagen.net\/wp-content\/uploads\/2019\/09\/HUIXQUILUCAN-25-237x132.jpg 237w, https:\/\/www.diarioimagen.net\/wp-content\/uploads\/2019\/09\/HUIXQUILUCAN-25.jpg 480w\" sizes=\"auto, (max-width: 460px) 100vw, 460px\" \/><\/a><p id=\"caption-attachment-443829\" class=\"wp-caption-text\">Romina Contreras Carrasco, al entregar computadoras en las escuerlas dijo que el arranque fue cumplido.<\/p><\/div>\n<p>&nbsp;<\/p>\n<p><strong>Huixquilucan, Estado de M\u00e9xico<\/strong>.- Al arrancar el programa de Entrega de Equipos de C\u00f3mputo, la presidenta del sistema Municipal para el Desarrollo Integral de la Familia, Romina Contreras Carrasco, record\u00f3 que con la entrega de estas computadoras se cumple el compromiso del presidente Enrique Vargas del Villar.<\/p>\n<p>Recalc\u00f3 que el uso de las computadoras, cada vez es m\u00e1s necesario en las escuelas, para que los alumnos investiguen y realicen algunas tareas, as\u00ed como aprender a utilizarlas de la mejor manera.<\/p>\n<p>Mar\u00eda Jos\u00e9 Ocampo V\u00e1zquez, directora general de Desarrollo Social, inform\u00f3 que se entregaron 20 computadoras a cada una de las escuelas secundaria no. 32 \u201cSantos Degollado\u201d y la primaria Fray Ignacio Toriz.<\/p>\n<p>Precis\u00f3 que el compromiso del Alcalde, Enrique Vargas del Villar, de impulsar la educaci\u00f3n y formaci\u00f3n de la ni\u00f1ez huixquiluquense, es claro y contundente con el inicio de este programa.<\/p>\n<p>Record\u00f3, que a pesar de que las escuelas son responsabilidad del gobierno estatal o federal, la autoridad municipal apoya y fortalece por igual a las 165 instituciones educativas de los diferentes niveles asentadas en Huixquilucan.<\/p>\n<p>Dio a conocer que este programa ser\u00e1 permanente durante la administraci\u00f3n 2019-2021, entregando 20 computadoras a cada instituci\u00f3n educativa, teniendo como meta final 2 mil 60 equipos.<\/p>\n<p>Ocampo V\u00e1zquez, exhort\u00f3 a los alumnos a utilizarlas como herramientas para incrementar sus conocimientos y de apoyo para trabajos escolares.<\/p>\n<p>Estudiantes y personal docente de la escuela secundaria no. 32 \u201cSantos Degollado\u201d y de la primaria Fray Ignacio Toriz, agradecieron al Presidente municipal Enrique Vargas del Villar, por los equipos de c\u00f3mputo entregados.<\/p>\n","protected":false},"excerpt":{"rendered":"<p>Al arrancar el programa de Entrega de Equipos de C\u00f3mputo, la presidenta del sistema Municipal para el Desarrollo Integral de la Familia, Romina Contreras Carrasco, record\u00f3 que con la entrega de estas computadoras se cumple el compromiso del presidente Enrique Vargas del Villar.<\/p>\n","protected":false},"author":3,"featured_media":443829,"comment_status":"open","ping_status":"open","sticky":false,"template":"","format":"standard","meta":{"_monsterinsights_skip_tracking":false,"_monsterinsights_sitenote_active":false,"_monsterinsights_sitenote_note":"","_monsterinsights_sitenote_category":0,"footnotes":""},"categories":[5],"tags":[2954,43675,1097,87897,69789],"class_list":["post-443754","post","type-post","status-publish","format-standard","has-post-thumbnail","hentry","category-estado-de-mexico","tag-dif","tag-estado-de-mexico","tag-huixquilucan","tag-informatico","tag-promueve"],"_links":{"self":[{"href":"https:\/\/www.diarioimagen.net\/index.php?rest_route=\/wp\/v2\/posts\/443754","targetHints":{"allow":["GET"]}}],"collection":[{"href":"https:\/\/www.diarioimagen.net\/index.php?rest_route=\/wp\/v2\/posts"}],"about":[{"href":"https:\/\/www.diarioimagen.net\/index.php?rest_route=\/wp\/v2\/types\/post"}],"author":[{"embeddable":true,"href":"https:\/\/www.diarioimagen.net\/index.php?rest_route=\/wp\/v2\/users\/3"}],"replies":[{"embeddable":true,"href":"https:\/\/www.diarioimagen.net\/index.php?rest_route=%2Fwp%2Fv2%2Fcomments&post=443754"}],"version-history":[{"count":0,"href":"https:\/\/www.diarioimagen.net\/index.php?rest_route=\/wp\/v2\/posts\/443754\/revisions"}],"wp:featuredmedia":[{"embeddable":true,"href":"https:\/\/www.diarioimagen.net\/index.php?rest_route=\/wp\/v2\/media\/443829"}],"wp:attachment":[{"href":"https:\/\/www.diarioimagen.net\/index.php?rest_route=%2Fwp%2Fv2%2Fmedia&parent=443754"}],"wp:term":[{"taxonomy":"category","embeddable":true,"href":"https:\/\/www.diarioimagen.net\/index.php?rest_route=%2Fwp%2Fv2%2Fcategories&post=443754"},{"taxonomy":"post_tag","embeddable":true,"href":"https:\/\/www.diarioimagen.net\/index.php?rest_route=%2Fwp%2Fv2%2Ftags&post=443754"}],"curies":[{"name":"wp","href":"https:\/\/api.w.org\/{rel}","templated":true}]}}